{"id":22340,"date":"2015-05-18T21:03:16","date_gmt":"2015-05-19T03:03:16","guid":{"rendered":"http:\/\/especiales.laprensagrafica.com\/2015\/beatificacion-romero\/?p=22340"},"modified":"2015-05-20T17:46:00","modified_gmt":"2015-05-20T23:46:00","slug":"el-hermano-el-tio-monsenor","status":"publish","type":"post","link":"http:\/\/especiales.laprensagrafica.com\/2015\/beatificacion-romero\/el-hermano-el-tio-monsenor\/","title":{"rendered":"El hermano, el t\u00edo, Monse\u00f1or"},"content":{"rendered":"<p>La familia en la que se form\u00f3 el salvadore\u00f1o m\u00e1s universal, ese que pr\u00f3ximamente ser\u00e1 beatificado, no fue perfecta. Pero fue el apoyo justo, la cu\u00f1a necesaria, la fuente de alegr\u00eda con la que sab\u00eda que pod\u00eda contar. No perfecta, pero s\u00ed id\u00f3nea para Monse\u00f1or Romero.<\/p>\n<p>La vida pastoral de Monse\u00f1or \u00d3scar Arnulfo Romero estuvo siempre acompa\u00f1ada de cerca por su familia. Sus hermanos en el primer lugar para cuestiones pr\u00e1cticas, y su madre, Guadalupe Gald\u00e1mez, como ese pilar de ternura a la que le dedicaba primorosas postales desde Roma, mientras \u00e9l estaba estudiando.<br \/>\nEn Anamor\u00f3s, su primera parroquia, estuvo acompa\u00f1ado por Gaspar, el menor de todos los Romero Gald\u00e1mez. Las cuentas de cada parroquia, imprenta, librer\u00eda, radio, rotativa y cualquier proyecto que involucrara dinero se las llev\u00f3 siempre Tiberio, el pen\u00faltimo hermano. En las cuestiones de casa, para ayudarle con las sotanas y para bordarle gorros de lana estuvo Saida, la \u00fanica mujer del clan. En casa de Mamerto, en Apopa, hall\u00f3 una conexi\u00f3n a la agricultura y la vida hogare\u00f1a al estilo finca, era la sede de las reuniones familiares. Monse\u00f1or Romero se llen\u00f3 de cada uno de ellos despu\u00e9s de haberles ayudado a cada uno a su manera y desde sus propios recursos.<br \/>\nA Tiberio y Gaspar, por ejemplo, les asegur\u00f3 educaci\u00f3n de primera. A Tiberio en el Colegio Santa Cecilia, en Santa Tecla, y a Gaspar con los Hermanos Maristas, en San Miguel, en ambos casos gracias a sus amistades con quienes dirig\u00edan esas instituciones. A los hijos de Saida, quien se separ\u00f3 de su esposo cuando sus dos ni\u00f1os estaban peque\u00f1os, le ayud\u00f3 tambi\u00e9n a colocarlos en colegios cat\u00f3licos. A las hijas de Mamerto les extendi\u00f3 cartas de recomendaci\u00f3n para instituciones tambi\u00e9n cat\u00f3licas. Monse\u00f1or Romero, como hermano o t\u00edo, siempre fue esa persona con la muy firme convicci\u00f3n de que a los suyos el mejor regalo por entregar era justamente eso, la educaci\u00f3n.<\/p>\n<p>La m\u00e1s sensible pieza de todo el hilado de los Romero Gald\u00e1mez fue Gustavo, el mayor, el que trabaj\u00f3 en los minerales en el oriente del pa\u00eds y el que form\u00f3 un hogar con Blanca, una \u201ccampesina de las valientes\u201d, como la describe a\u00fan hoy la familia. Gustavo fue al que Monse\u00f1or nunca pudo rescatar.<br \/>\nGustavo era alcoh\u00f3lico. Vivi\u00f3 un tiempo en casa de la madre de los Romero Gald\u00e1mez, cuando Monse\u00f1or se la llev\u00f3 a residir a San Miguel, a una casa grande no muy lejos de la parroquia El Rosario, conocida tambi\u00e9n como Santo Domingo. \u201cAh\u00ed, mi pap\u00e1 ten\u00eda un espacio en donde solo ten\u00eda una tijera (una cama de tela resistente con una estructura de madera que se puede plegar)\u201d. Quien lo cuenta es Digna Romero, segunda\u00a0hija de Gustavo y Blanca.<\/p>\n<blockquote><p>\u201cLa maldad del sistema en lograr el enfrentamiento de pobre contra pobre. Dos polic\u00edas muertos son dos pobres que han sido v\u00edctimas de otros, tal vez pobres tambi\u00e9n, y que en todo caso son v\u00edctimas de ese dios Moloc, insaciable de poder, de dinero; que con tal de mantener sus situaciones no le importa la vida ni del campesino, ni del polic\u00eda, ni del guardia, sino que lucha por la defensa de un sistema lleno de pecado.\u201d<br \/>\nHomil\u00eda, 30 de abril de 1978<\/p><\/blockquote>\n<p>Tiberio lo confirma. \u201cMi hermano tristemente nunca pudo salir de ese vicio. Aqu\u00ed en la casa lo tuvimos por bastante tiempo, viv\u00eda en la parte de atr\u00e1s y en algunos momentos caus\u00f3 problemas, por su misma condici\u00f3n. Cuando ya no pudimos tenerlo aqu\u00ed, porque nacieron los m\u00e1s peque\u00f1os y comenzaron a enfermar, entonces la recomendaci\u00f3n que nos hicieron por su enfermedad fue el Hospital Psiqui\u00e1trico. All\u00e1 falleci\u00f3\u201d.<\/p>\n<p>Gaspar, el benjam\u00edn, recuerda, m\u00e1s all\u00e1 del complicado devenir de Gustavo, la serie de consejos que de Monse\u00f1or Romero sal\u00eda con respecto a los vicios. \u201cSiempre me dijo que no llegara donde \u00e9l ni con olor a cigarro ni a guaro. Se molestaba mucho por eso\u201d.<\/p>\n<p>A quien Monse\u00f1or s\u00ed pudo ayudar como quiz\u00e1 una deferencia al cari\u00f1o hacia su hermano mayor fue a Digna Romero. La segunda de Gustavo y Blanca se cri\u00f3 de los nueve a los 15 a\u00f1os en Honduras. Sus tres hermanos quedaron aqu\u00ed en el pa\u00eds a cargo de dos familias diferentes, hasta que mucho tiempo despu\u00e9s su madre procur\u00f3 el espacio y los recursos para reunificarse.<\/p>\n<p>\u201cMonse\u00f1or Romero fue para m\u00ed como un padre, \u00e9l ocup\u00f3 en mi coraz\u00f3n ese espacio. Con \u00e9l no se trataba de tiempo, porque siempre estaba muy ocupado, pero siempre tuvo para m\u00ed un consejo, unas palabras de aliento, y fue quien me propici\u00f3 lo mejor que en ese momento me pod\u00eda dar\u201d. Eso a lo que Digna se refiere sentada en una silla en la misma iglesia en la que Monse\u00f1or vivi\u00f3 durante las dos d\u00e9cadas que radic\u00f3 en San Miguel es un cupo como interna en el Instituto Santa Sof\u00eda. Ah\u00ed pas\u00f3 mientras su madre regres\u00f3 a Honduras para trabajar y terminar de ahorrar suficiente para poder regresar a juntar a sus hijos.<br \/>\n\u2014\u00bfC\u00f3mo era la relaci\u00f3n de Monse\u00f1or Romero con don Gustavo?<br \/>\n\u2014A m\u00ed me contaban, porque yo recuerdo poco de eso, ya sabe, a veces la mente bloquea ciertos pasajes dolorosos, me dec\u00edan que cada vez que lo ve\u00eda acercarse a la iglesia (a Gustavo), le ped\u00eda a quien estuviera cerca: \u201cAh\u00ed viene aquel, llevale esto\u201d. Y era dinero, unos cuantos colones. Monse\u00f1or nunca guard\u00f3 una cr\u00edtica, no guard\u00f3 resentimiento ni nada parecido. S\u00e9 que siempre aconsej\u00f3, pero de ninguno he o\u00eddo que haya sentido rechazo de parte de \u00e9l pasara lo que pasara.<\/p>\n<p>Digna hace memoria del trato amoroso de su abuela Guadalupe con Gustavo. \u201cYo a ella s\u00ed la conoc\u00eda y fue una se\u00f1ora bien especial toda la vida. Ella preguntaba por \u00e9l (Gustavo), siempre estaba pendiente de \u00e9l, ella como que sab\u00eda que era de todos el m\u00e1s necesitado, entonces estaba m\u00e1s pendiente. Y Monse\u00f1or ve\u00eda eso, y por eso trataba de ayudar en lo que pod\u00eda\u201d.<\/p>\n<p>Hacia Monse\u00f1or no es f\u00e1cil hallar cr\u00edticas, aunque se busquen con insistencia casi obsesiva. Aunque se hagan preguntas directas y otras algo m\u00e1s disfrazadas. Casi no hay quien se apunte a decir algo de \u00e9l que no sea algo parecido a un gracias o a un halago. Digna apenas remite que era un poco nervioso y que esa peculiaridad, tan poco notoria en su vida p\u00fablica \u2013sobre todo en sus \u00faltimos a\u00f1os como arzobispo de San Salvador\u2013 la denotaba tan solo en el \u00edntimo c\u00edrculo familiar, en esas reuniones a las que solo asist\u00edan los Romero.<\/p>\n<div id=\"attachment_22344\" style=\"width: 1010px\" class=\"wp-caption aligncenter\"><a href=\"https:\/\/i0.wp.com\/especiales.laprensagrafica.com\/2015\/beatificacion-romero\/wp-content\/uploads\/2015\/05\/hoga.jpg\"><img aria-describedby=\"caption-attachment-22344\" data-attachment-id=\"22344\" data-permalink=\"http:\/\/especiales.laprensagrafica.com\/2015\/beatificacion-romero\/el-hermano-el-tio-monsenor\/hoga\/\" data-orig-file=\"https:\/\/i0.wp.com\/especiales.laprensagrafica.com\/2015\/beatificacion-romero\/wp-content\/uploads\/2015\/05\/hoga.jpg?fit=1000%2C667\" data-orig-size=\"1000,667\" data-comments-opened=\"0\" data-image-meta=\"{&quot;aperture&quot;:&quot;0&quot;,&quot;credit&quot;:&quot;&quot;,&quot;camera&quot;:&quot;&quot;,&quot;caption&quot;:&quot;&quot;,&quot;created_timestamp&quot;:&quot;0&quot;,&quot;copyright&quot;:&quot;&quot;,&quot;focal_length&quot;:&quot;0&quot;,&quot;iso&quot;:&quot;0&quot;,&quot;shutter_speed&quot;:&quot;0&quot;,&quot;title&quot;:&quot;&quot;,&quot;orientation&quot;:&quot;0&quot;}\" data-image-title=\"\" data-image-description=\"&lt;p&gt;Hogar.  Digna Romero, sobrina, pidi\u00f3 que se le entrevistara en la Iglesia Santo Domingo (El Rosario), porque fue en donde vivi\u00f3 Monse\u00f1or mientras estuvo en San Miguel.&lt;\/p&gt;\n\" data-image-caption=\"\" data-medium-file=\"https:\/\/i0.wp.com\/especiales.laprensagrafica.com\/2015\/beatificacion-romero\/wp-content\/uploads\/2015\/05\/hoga.jpg?fit=300%2C200\" data-large-file=\"https:\/\/i0.wp.com\/especiales.laprensagrafica.com\/2015\/beatificacion-romero\/wp-content\/uploads\/2015\/05\/hoga.jpg?fit=1000%2C667\" loading=\"lazy\" class=\"wp-image-22344 size-full\" src=\"https:\/\/i0.wp.com\/especiales.laprensagrafica.com\/2015\/beatificacion-romero\/wp-content\/uploads\/2015\/05\/hoga.jpg?resize=1000%2C667\" alt=\"\" width=\"1000\" height=\"667\" srcset=\"https:\/\/i0.wp.com\/especiales.laprensagrafica.com\/2015\/beatificacion-romero\/wp-content\/uploads\/2015\/05\/hoga.jpg?w=1000 1000w, https:\/\/i0.wp.com\/especiales.laprensagrafica.com\/2015\/beatificacion-romero\/wp-content\/uploads\/2015\/05\/hoga.jpg?resize=300%2C200 300w, https:\/\/i0.wp.com\/especiales.laprensagrafica.com\/2015\/beatificacion-romero\/wp-content\/uploads\/2015\/05\/hoga.jpg?resize=555%2C370 555w, https:\/\/i0.wp.com\/especiales.laprensagrafica.com\/2015\/beatificacion-romero\/wp-content\/uploads\/2015\/05\/hoga.jpg?resize=360%2C240 360w, https:\/\/i0.wp.com\/especiales.laprensagrafica.com\/2015\/beatificacion-romero\/wp-content\/uploads\/2015\/05\/hoga.jpg?resize=262%2C175 262w\" sizes=\"(max-width: 1000px) 100vw, 1000px\" data-recalc-dims=\"1\" \/><\/a><p id=\"caption-attachment-22344\" class=\"wp-caption-text\">Hogar. Digna Romero, sobrina, pidi\u00f3 que se le entrevistara en la Iglesia Santo Domingo (El Rosario), porque fue en donde vivi\u00f3 Monse\u00f1or mientras estuvo en San Miguel.<\/p><\/div>\n<p><strong>Las \u00faltimas de los Romero<\/strong><br \/>\nDe las \u00faltimas dos reuniones familiares en la que estuvieron presentes los cinco hermanos Romero Gald\u00e1mez que sobreviv\u00edan en ese tiempo y la mayor\u00eda de sobrinos, de 17 en total, ninguno recuerda fecha, pero debieron ser en 1979. La m\u00e1s cercana a su muerte debi\u00f3 ser, coincide la mayor\u00eda, a finales de ese a\u00f1o.<\/p>\n<p>En esa sesi\u00f3n que tuvo lugar en Apopa, en la casa tipo finca de Mamerto, Monse\u00f1or volvi\u00f3 a hacer a sus hermanos esa pregunta que m\u00e1s de alguna vez hab\u00eda hecho a cada uno por separado. Cada quien lo cuenta diferente, pero en compendio de todas las versiones debi\u00f3 ser algo como: \u00bfQu\u00e9 piensan de mi mensaje? \u00bfCreen que deber\u00eda mesurarlo?<\/p>\n<p>Monse\u00f1or no acostumbraba a hacer eso. Tinita, viuda de Mamerto, recuerda que en la mayor\u00eda de reuniones a raz\u00f3n de alg\u00fan cumplea\u00f1os o de fiestas de fin de a\u00f1o, la regla era cero pol\u00edtica, pura alegr\u00eda. \u201cA m\u00ed me dec\u00eda que le prepara sopa de gallina y yo le serv\u00eda su pedacito de gallina aparte. Siempre le dijo a Mamerto que qu\u00e9 buena esposa se hab\u00eda hallado y que era donde m\u00e1s le gustaba comer, donde nosotros, que \u00e9ramos el matrimonio m\u00e1s joven de todos; llegaba a relajarse, a refrescarse y nos aconsejaba, pero siempre con una gran alegr\u00eda, no le ve\u00eda tristezas yo\u201d, dice ella a la sombra de un retrato grande del c\u00e9lebre cu\u00f1ado que adorna la sala de esta casa, como de muchas m\u00e1s.<\/p>\n<p>En esa \u00faltima reuni\u00f3n sumaria, la que resume las respuestas con mayor claridad es Digna, estaba m\u00e1s joven.<br \/>\n\u2014Cuando Monse\u00f1or pregunt\u00f3 eso, rapidito el t\u00edo Mamerto, que era el m\u00e1s sencillo y espont\u00e1neo, le dijo: \u201cYa te dije desde hace tiempo que ya no dig\u00e1s nada, que te van a joder. Ya no habl\u00e9s\u201d. Y entonces se hizo un gran silencio, nadie m\u00e1s dijo nada, hasta que intervino t\u00edo Tiberio: \u201cYo no voy a decirte nada, ya sab\u00e9s\u201d. Despu\u00e9s segu\u00eda t\u00edo Gaspar. Pero entonces Monse\u00f1or \u2013tan sabio \u00e9l, me encant\u00f3\u2013, le dijo: \u201cA ti no te pregunto porque t\u00fa est\u00e1s entre dos amores: tu hermano y tus hijos\u201d. Los dos hijos de t\u00edo Gaspar ya eran militares y Monse\u00f1or en ese tiempo ya estaba dando un mensaje fuerte a los militares.<\/p>\n<p>Gaspar recuerda esas pl\u00e1ticas acerca del contraste entre su hermano y sus hijos. Y se\u00f1ala que Monse\u00f1or, fiel a su car\u00e1cter, nunca le lanz\u00f3 una cr\u00edtica y nunca lo rechaz\u00f3 ni a \u00e9l ni a su familia. Cuenta, en tono pausado, que lo que les ped\u00eda era que fueran militares buenos, de los que ayudan a la gente. \u201cMi hijo mayor es m\u00e9dico y fue parte de los que fundaron el Hospital de San Miguel\u201d, zanja Gaspar un tema que dio para conflicto m\u00e1s all\u00e1 de esa suerte de tensi\u00f3n en las reuniones familiares. Y es que los mensajes de Monse\u00f1or provocaron que Gaspar fuera degradado en ANTEL, en donde de tener un alto cargo pas\u00f3 a ser vigilante de turno nocturno. Y casi toca a sus hijos, que por aquel tiempo estaban becados, el mayor en M\u00e9xico y otro en la Escuela Nacional de Agricultura, en donde se gradu\u00f3 de agr\u00f3nomo. A Gaspar, con el derrocamiento del general Carlos Humberto Romero en octubre de 1979, le devolvieron su antiguo puesto. Hacia sus hijos nunca se concretaron las amenazas.<\/p>\n<div id=\"attachment_22348\" style=\"width: 1010px\" class=\"wp-caption aligncenter\"><a href=\"https:\/\/i0.wp.com\/especiales.laprensagrafica.com\/2015\/beatificacion-romero\/wp-content\/uploads\/2015\/05\/padre.jpg\"><img aria-describedby=\"caption-attachment-22348\" data-attachment-id=\"22348\" data-permalink=\"http:\/\/especiales.laprensagrafica.com\/2015\/beatificacion-romero\/el-hermano-el-tio-monsenor\/padre\/\" data-orig-file=\"https:\/\/i0.wp.com\/especiales.laprensagrafica.com\/2015\/beatificacion-romero\/wp-content\/uploads\/2015\/05\/padre.jpg?fit=1000%2C706\" data-orig-size=\"1000,706\" data-comments-opened=\"0\" data-image-meta=\"{&quot;aperture&quot;:&quot;0&quot;,&quot;credit&quot;:&quot;&quot;,&quot;camera&quot;:&quot;&quot;,&quot;caption&quot;:&quot;&quot;,&quot;created_timestamp&quot;:&quot;0&quot;,&quot;copyright&quot;:&quot;&quot;,&quot;focal_length&quot;:&quot;0&quot;,&quot;iso&quot;:&quot;0&quot;,&quot;shutter_speed&quot;:&quot;0&quot;,&quot;title&quot;:&quot;&quot;,&quot;orientation&quot;:&quot;0&quot;}\" data-image-title=\"padre\" data-image-description=\"\" data-image-caption=\"&lt;p&gt;Hermanos.  Monse\u00f1or con sus hermanos Mamerto, Saida y Gaspar Romero Gald\u00e1mez.&lt;\/p&gt;\n\" data-medium-file=\"https:\/\/i0.wp.com\/especiales.laprensagrafica.com\/2015\/beatificacion-romero\/wp-content\/uploads\/2015\/05\/padre.jpg?fit=300%2C212\" data-large-file=\"https:\/\/i0.wp.com\/especiales.laprensagrafica.com\/2015\/beatificacion-romero\/wp-content\/uploads\/2015\/05\/padre.jpg?fit=1000%2C706\" loading=\"lazy\" class=\"size-full wp-image-22348\" src=\"https:\/\/i0.wp.com\/especiales.laprensagrafica.com\/2015\/beatificacion-romero\/wp-content\/uploads\/2015\/05\/padre.jpg?resize=1000%2C706\" alt=\"Hermanos.  Monse\u00f1or con sus hermanos Mamerto, Saida y Gaspar Romero Gald\u00e1mez. \" width=\"1000\" height=\"706\" srcset=\"https:\/\/i0.wp.com\/especiales.laprensagrafica.com\/2015\/beatificacion-romero\/wp-content\/uploads\/2015\/05\/padre.jpg?w=1000 1000w, https:\/\/i0.wp.com\/especiales.laprensagrafica.com\/2015\/beatificacion-romero\/wp-content\/uploads\/2015\/05\/padre.jpg?resize=300%2C212 300w, https:\/\/i0.wp.com\/especiales.laprensagrafica.com\/2015\/beatificacion-romero\/wp-content\/uploads\/2015\/05\/padre.jpg?resize=555%2C392 555w, https:\/\/i0.wp.com\/especiales.laprensagrafica.com\/2015\/beatificacion-romero\/wp-content\/uploads\/2015\/05\/padre.jpg?resize=360%2C254 360w, https:\/\/i0.wp.com\/especiales.laprensagrafica.com\/2015\/beatificacion-romero\/wp-content\/uploads\/2015\/05\/padre.jpg?resize=262%2C185 262w\" sizes=\"(max-width: 1000px) 100vw, 1000px\" data-recalc-dims=\"1\" \/><\/a><p id=\"caption-attachment-22348\" class=\"wp-caption-text\">Hermanos. Monse\u00f1or con sus hermanos Mamerto, Saida y Gaspar Romero Gald\u00e1mez.<\/p><\/div>\n<p><strong>La tortura<\/strong><br \/>\nTan solo un mes antes de que lo mataran mientras daba misa en la iglesia del Hospitalito de la Divina Providencia, en San Salvador, su sobrina Cristina Guadalupe, hija de Mamerto, dice que cometi\u00f3 una indiscreci\u00f3n con Monse\u00f1or. \u201c\u00c9l hab\u00eda llegado a la casa. Viv\u00edamos cerca del cementerio de Apopa, y no s\u00e9 de d\u00f3nde, yo empec\u00e9 a contarle que hab\u00edan llevado a un vecino muerto, as\u00ed envuelto en una pancarta roja, y que como que lo acusaban de que era subversivo. Yo le dije que no sab\u00eda por qu\u00e9, si ese se\u00f1or solo era sastre. No lo hab\u00edamos visto en otra cosa que no fuera eso. \u2018Ay, pobrecito \u2013me dijo\u2013, yo de eso es de lo que tengo miedo, de una tortura\u2019. Y hasta se le erizaron los pelitos. Y sigui\u00f3: \u2018Pero si es la voluntad de Dios, \u00bfqu\u00e9 le voy a hacer?\u2019 Ese d\u00eda andaba solo, no andaba nadie que le manejara. Cuando nos despedimos, nos abraz\u00f3 y nos dijo que nos cuid\u00e1ramos\u201d. Esa fue la \u00faltima vez que Cristina Guadalupe lo vio, ella ten\u00eda 15 a\u00f1os.<\/p>\n<p>Monse\u00f1or cas\u00f3 a todos sus hermanos y bautiz\u00f3 a la mayor\u00eda de sobrinos. Y tuvo con cada uno de sus hermanos la peculiaridad de pedirles una Guadalupe. As\u00ed, en honor de su abuela y su madre, Mamerto, Gaspar y Tiberio tienen una hija que se llama Guadalupe. Con Gustavo, como solo tuvo una mujer entre sus cuatro hijos, hubo una particularidad. Gustavo asent\u00f3 a su hija como Digna Libertad. Pero cuando Monse\u00f1or Romero la bautiz\u00f3, le puso Digna Guadalupe. \u201cAs\u00ed que yo tengo partida de nacimiento y acta de bautizo diferentes\u201d, dice Digna entre risas.<\/p>\n<div id=\"attachment_22350\" style=\"width: 1010px\" class=\"wp-caption aligncenter\"><a href=\"https:\/\/i0.wp.com\/especiales.laprensagrafica.com\/2015\/beatificacion-romero\/wp-content\/uploads\/2015\/05\/padreb.jpg\"><img aria-describedby=\"caption-attachment-22350\" data-attachment-id=\"22350\" data-permalink=\"http:\/\/especiales.laprensagrafica.com\/2015\/beatificacion-romero\/el-hermano-el-tio-monsenor\/padreb\/\" data-orig-file=\"https:\/\/i0.wp.com\/especiales.laprensagrafica.com\/2015\/beatificacion-romero\/wp-content\/uploads\/2015\/05\/padreb.jpg?fit=1000%2C864\" data-orig-size=\"1000,864\" data-comments-opened=\"0\" data-image-meta=\"{&quot;aperture&quot;:&quot;0&quot;,&quot;credit&quot;:&quot;&quot;,&quot;camera&quot;:&quot;&quot;,&quot;caption&quot;:&quot;&quot;,&quot;created_timestamp&quot;:&quot;0&quot;,&quot;copyright&quot;:&quot;&quot;,&quot;focal_length&quot;:&quot;0&quot;,&quot;iso&quot;:&quot;0&quot;,&quot;shutter_speed&quot;:&quot;0&quot;,&quot;title&quot;:&quot;&quot;,&quot;orientation&quot;:&quot;0&quot;}\" data-image-title=\"padre\" data-image-description=\"\" data-image-caption=\"&lt;p&gt;Acompa\u00f1ado.   En esta imagen sobrinas y cu\u00f1adas acompa\u00f1an a Monse\u00f1or en una de las reuniones Romero.&lt;\/p&gt;\n\" data-medium-file=\"https:\/\/i0.wp.com\/especiales.laprensagrafica.com\/2015\/beatificacion-romero\/wp-content\/uploads\/2015\/05\/padreb.jpg?fit=300%2C259\" data-large-file=\"https:\/\/i0.wp.com\/especiales.laprensagrafica.com\/2015\/beatificacion-romero\/wp-content\/uploads\/2015\/05\/padreb.jpg?fit=1000%2C864\" loading=\"lazy\" class=\"size-full wp-image-22350\" src=\"https:\/\/i0.wp.com\/especiales.laprensagrafica.com\/2015\/beatificacion-romero\/wp-content\/uploads\/2015\/05\/padreb.jpg?resize=1000%2C864\" alt=\"Acompa\u00f1ado.   En esta imagen sobrinas y cu\u00f1adas acompa\u00f1an a Monse\u00f1or en una de las reuniones Romero. \" width=\"1000\" height=\"864\" srcset=\"https:\/\/i0.wp.com\/especiales.laprensagrafica.com\/2015\/beatificacion-romero\/wp-content\/uploads\/2015\/05\/padreb.jpg?w=1000 1000w, https:\/\/i0.wp.com\/especiales.laprensagrafica.com\/2015\/beatificacion-romero\/wp-content\/uploads\/2015\/05\/padreb.jpg?resize=300%2C259 300w, https:\/\/i0.wp.com\/especiales.laprensagrafica.com\/2015\/beatificacion-romero\/wp-content\/uploads\/2015\/05\/padreb.jpg?resize=555%2C480 555w, https:\/\/i0.wp.com\/especiales.laprensagrafica.com\/2015\/beatificacion-romero\/wp-content\/uploads\/2015\/05\/padreb.jpg?resize=360%2C311 360w, https:\/\/i0.wp.com\/especiales.laprensagrafica.com\/2015\/beatificacion-romero\/wp-content\/uploads\/2015\/05\/padreb.jpg?resize=262%2C226 262w\" sizes=\"(max-width: 1000px) 100vw, 1000px\" data-recalc-dims=\"1\" \/><\/a><p id=\"caption-attachment-22350\" class=\"wp-caption-text\">Acompa\u00f1ado. En esta imagen sobrinas y cu\u00f1adas acompa\u00f1an a Monse\u00f1or en una de las reuniones Romero.<\/p><\/div>\n<p><strong>Los riesgos<\/strong><br \/>\nMonse\u00f1or Romero no era ajeno ni indiferente al peligro que corr\u00eda. Su secretaria privada, Silvia Ortiz, archivaba por montones las cartas con amenazas y solo de vez en cuando \u00e9l pasaba preguntando \u201csi hab\u00edan llegado papelitos de aquellos\u201d. A lo que Silvia, quien falleci\u00f3 pocos a\u00f1os despu\u00e9s que Monse\u00f1or, le respond\u00eda siempre que s\u00ed. \u201cAh\u00ed d\u00e9jelos, no les haga caso\u201d, le repet\u00eda.<\/p>\n<p>Cristina Guadalupe, la sobrina, recuerda otra arista de esas amenazas, recuerda un consejo. \u201cUna vez, despu\u00e9s de una misa, \u00e9l nos dijo que si ten\u00edamos un problema por causa de \u00e9l, que lo neg\u00e1ramos. Pero nosotros c\u00f3mo lo \u00edbamos a negar, era y todav\u00eda hoy ser\u00eda como faltarle al cari\u00f1o y a todo lo que \u00e9l nos dio. Nosotros siempre fuimos muy conscientes de que \u00e9l no pod\u00eda echarse atr\u00e1s, porque era su compromiso ante Dios\u201d. Ella ten\u00eda 15 a\u00f1os y esa misa tuvo lugar en 1978.<br \/>\nY no solo eso, Cristina Guadalupe recuerda a \u201clas viejitas\u201d que llegaban a ponerle cartas en las manos despu\u00e9s de las misas. Eran cartas de denuncia, de desaparecidos, de peticiones de ayuda que Monse\u00f1or pasaba a lo que entonces se llamaba Socorro Jur\u00eddico. \u201cSer sobrina de \u00e9l siempre ha sido un honor. Hoy, adem\u00e1s, es una alegr\u00eda porque al fin la justicia divina est\u00e1 realiz\u00e1ndose. Todo lo que \u00e9l hizo sali\u00f3 a la luz. Y es un compromiso para nosotros llevar la sangre de un hombre que muri\u00f3 por amor a lo que predicaba\u201d.<\/p>\n<p>Todos los familiares que han accedido a responder una pregunta similar van por el mismo camino. Si antes, cuando representaba un peligro real, no lo negaron, menos lo har\u00edan ahora, cuando su legado es oficialmente reconocido como martirio por odio a la fe.<\/p>\n<p>&nbsp;<\/p>\n","protected":false},"excerpt":{"rendered":"<p>La familia en la que se form\u00f3 el salvadore\u00f1o m\u00e1s universal, ese que pr\u00f3ximamente ser\u00e1 beatificado, no fue perfecta. Pero fue el apoyo justo, la cu\u00f1a necesaria, la fuente de alegr\u00eda con la que sab\u00eda que pod\u00eda contar. No perfecta, pero s\u00ed id\u00f3nea para Monse\u00f1or Romero. La vida pastoral de Monse\u00f1or \u00d3scar Arnulfo Romero estuvo&#8230;<\/p>\n","protected":false},"author":2,"featured_media":22350,"comment_status":"closed","ping_status":"open","sticky":false,"template":"","format":"standard","meta":{"spay_email":"","jetpack_publicize_message":"","jetpack_is_tweetstorm":false,"jetpack_publicize_feature_enabled":true},"categories":[10],"tags":[],"jetpack_publicize_connections":[],"yoast_head":"<!-- This site is optimized with the Yoast SEO plugin v19.1 - https:\/\/yoast.com\/wordpress\/plugins\/seo\/ -->\n<title>El hermano, el t\u00edo, Monse\u00f1or - Beatificaci\u00f3n de Monse\u00f1or Romero<\/title>\n<meta name=\"robots\" content=\"index, follow, max-snippet:-1, max-image-preview:large, max-video-preview:-1\" \/>\n<link rel=\"canonical\" href=\"http:\/\/especiales.laprensagrafica.com\/2015\/beatificacion-romero\/el-hermano-el-tio-monsenor\/\" \/>\n<meta property=\"og:locale\" content=\"es_ES\" \/>\n<meta property=\"og:type\" content=\"article\" \/>\n<meta property=\"og:title\" content=\"El hermano, el t\u00edo, Monse\u00f1or - Beatificaci\u00f3n de Monse\u00f1or Romero\" \/>\n<meta property=\"og:description\" content=\"La familia en la que se form\u00f3 el salvadore\u00f1o m\u00e1s universal, ese que pr\u00f3ximamente ser\u00e1 beatificado, no fue perfecta. Pero fue el apoyo justo, la cu\u00f1a necesaria, la fuente de alegr\u00eda con la que sab\u00eda que pod\u00eda contar. No perfecta, pero s\u00ed id\u00f3nea para Monse\u00f1or Romero. La vida pastoral de Monse\u00f1or \u00d3scar Arnulfo Romero estuvo...\" \/>\n<meta property=\"og:url\" content=\"http:\/\/especiales.laprensagrafica.com\/2015\/beatificacion-romero\/el-hermano-el-tio-monsenor\/\" \/>\n<meta property=\"og:site_name\" content=\"Beatificaci\u00f3n de Monse\u00f1or Romero\" \/>\n<meta property=\"article:publisher\" content=\"https:\/\/www.facebook.com\/lpg.laprensagrafica\" \/>\n<meta property=\"article:published_time\" content=\"2015-05-19T03:03:16+00:00\" \/>\n<meta property=\"article:modified_time\" content=\"2015-05-20T23:46:00+00:00\" \/>\n<meta property=\"og:image\" content=\"https:\/\/i0.wp.com\/especiales.laprensagrafica.com\/2015\/beatificacion-romero\/wp-content\/uploads\/2015\/05\/padreb.jpg?fit=1000%2C864\" \/>\n\t<meta property=\"og:image:width\" content=\"1000\" \/>\n\t<meta property=\"og:image:height\" content=\"864\" \/>\n\t<meta property=\"og:image:type\" content=\"image\/jpeg\" \/>\n<meta name=\"twitter:card\" content=\"summary_large_image\" \/>\n<meta name=\"twitter:creator\" content=\"@prensagrafica\" \/>\n<meta name=\"twitter:site\" content=\"@prensagrafica\" \/>\n<meta name=\"twitter:label1\" content=\"Escrito por\" \/>\n\t<meta name=\"twitter:data1\" content=\"La Prensa Gr\u00e1fica\" \/>\n\t<meta name=\"twitter:label2\" content=\"Tiempo de lectura\" \/>\n\t<meta name=\"twitter:data2\" content=\"12 minutos\" \/>\n<script type=\"application\/ld+json\" class=\"yoast-schema-graph\">{\"@context\":\"https:\/\/schema.org\",\"@graph\":[{\"@type\":\"WebSite\",\"@id\":\"http:\/\/especiales.laprensagrafica.com\/2015\/beatificacion-romero\/#website\",\"url\":\"http:\/\/especiales.laprensagrafica.com\/2015\/beatificacion-romero\/\",\"name\":\"Beatificaci\u00f3n de Monse\u00f1or Romero\",\"description\":\"Sitio especial de La Prensa Gr\u00e1fica\",\"potentialAction\":[{\"@type\":\"SearchAction\",\"target\":{\"@type\":\"EntryPoint\",\"urlTemplate\":\"http:\/\/especiales.laprensagrafica.com\/2015\/beatificacion-romero\/?s={search_term_string}\"},\"query-input\":\"required name=search_term_string\"}],\"inLanguage\":\"es\"},{\"@type\":\"ImageObject\",\"inLanguage\":\"es\",\"@id\":\"http:\/\/especiales.laprensagrafica.com\/2015\/beatificacion-romero\/el-hermano-el-tio-monsenor\/#primaryimage\",\"url\":\"https:\/\/i0.wp.com\/especiales.laprensagrafica.com\/2015\/beatificacion-romero\/wp-content\/uploads\/2015\/05\/padreb.jpg?fit=1000%2C864\",\"contentUrl\":\"https:\/\/i0.wp.com\/especiales.laprensagrafica.com\/2015\/beatificacion-romero\/wp-content\/uploads\/2015\/05\/padreb.jpg?fit=1000%2C864\",\"width\":1000,\"height\":864,\"caption\":\"Acompa\u00f1ado. En esta imagen sobrinas y cu\u00f1adas acompa\u00f1an a Monse\u00f1or en una de las reuniones Romero.\"},{\"@type\":\"WebPage\",\"@id\":\"http:\/\/especiales.laprensagrafica.com\/2015\/beatificacion-romero\/el-hermano-el-tio-monsenor\/#webpage\",\"url\":\"http:\/\/especiales.laprensagrafica.com\/2015\/beatificacion-romero\/el-hermano-el-tio-monsenor\/\",\"name\":\"El hermano, el t\u00edo, Monse\u00f1or - Beatificaci\u00f3n de Monse\u00f1or Romero\",\"isPartOf\":{\"@id\":\"http:\/\/especiales.laprensagrafica.com\/2015\/beatificacion-romero\/#website\"},\"primaryImageOfPage\":{\"@id\":\"http:\/\/especiales.laprensagrafica.com\/2015\/beatificacion-romero\/el-hermano-el-tio-monsenor\/#primaryimage\"},\"datePublished\":\"2015-05-19T03:03:16+00:00\",\"dateModified\":\"2015-05-20T23:46:00+00:00\",\"author\":{\"@id\":\"http:\/\/especiales.laprensagrafica.com\/2015\/beatificacion-romero\/#\/schema\/person\/195e57920dc03bd3c121c05ffecc12fe\"},\"breadcrumb\":{\"@id\":\"http:\/\/especiales.laprensagrafica.com\/2015\/beatificacion-romero\/el-hermano-el-tio-monsenor\/#breadcrumb\"},\"inLanguage\":\"es\",\"potentialAction\":[{\"@type\":\"ReadAction\",\"target\":[\"http:\/\/especiales.laprensagrafica.com\/2015\/beatificacion-romero\/el-hermano-el-tio-monsenor\/\"]}]},{\"@type\":\"BreadcrumbList\",\"@id\":\"http:\/\/especiales.laprensagrafica.com\/2015\/beatificacion-romero\/el-hermano-el-tio-monsenor\/#breadcrumb\",\"itemListElement\":[{\"@type\":\"ListItem\",\"position\":1,\"name\":\"Portada\",\"item\":\"http:\/\/especiales.laprensagrafica.com\/2015\/beatificacion-romero\/\"},{\"@type\":\"ListItem\",\"position\":2,\"name\":\"El hermano, el t\u00edo, Monse\u00f1or\"}]},{\"@type\":\"Person\",\"@id\":\"http:\/\/especiales.laprensagrafica.com\/2015\/beatificacion-romero\/#\/schema\/person\/195e57920dc03bd3c121c05ffecc12fe\",\"name\":\"La Prensa Gr\u00e1fica\",\"image\":{\"@type\":\"ImageObject\",\"inLanguage\":\"es\",\"@id\":\"http:\/\/especiales.laprensagrafica.com\/2015\/beatificacion-romero\/#\/schema\/person\/image\/\",\"url\":\"http:\/\/1.gravatar.com\/avatar\/1b7223dbf769f6deb42a4acb28f6999c?s=96&d=mm&r=g\",\"contentUrl\":\"http:\/\/1.gravatar.com\/avatar\/1b7223dbf769f6deb42a4acb28f6999c?s=96&d=mm&r=g\",\"caption\":\"La Prensa Gr\u00e1fica\"},\"sameAs\":[\"http:\/\/laprensagrafica.com\"],\"url\":\"http:\/\/especiales.laprensagrafica.com\/2015\/beatificacion-romero\/author\/laprensagrafica\/\"}]}<\/script>\n<!-- \/ Yoast SEO plugin. -->","yoast_head_json":{"title":"El hermano, el t\u00edo, Monse\u00f1or - Beatificaci\u00f3n de Monse\u00f1or Romero","robots":{"index":"index","follow":"follow","max-snippet":"max-snippet:-1","max-image-preview":"max-image-preview:large","max-video-preview":"max-video-preview:-1"},"canonical":"http:\/\/especiales.laprensagrafica.com\/2015\/beatificacion-romero\/el-hermano-el-tio-monsenor\/","og_locale":"es_ES","og_type":"article","og_title":"El hermano, el t\u00edo, Monse\u00f1or - Beatificaci\u00f3n de Monse\u00f1or Romero","og_description":"La familia en la que se form\u00f3 el salvadore\u00f1o m\u00e1s universal, ese que pr\u00f3ximamente ser\u00e1 beatificado, no fue perfecta. Pero fue el apoyo justo, la cu\u00f1a necesaria, la fuente de alegr\u00eda con la que sab\u00eda que pod\u00eda contar. No perfecta, pero s\u00ed id\u00f3nea para Monse\u00f1or Romero. La vida pastoral de Monse\u00f1or \u00d3scar Arnulfo Romero estuvo...","og_url":"http:\/\/especiales.laprensagrafica.com\/2015\/beatificacion-romero\/el-hermano-el-tio-monsenor\/","og_site_name":"Beatificaci\u00f3n de Monse\u00f1or Romero","article_publisher":"https:\/\/www.facebook.com\/lpg.laprensagrafica","article_published_time":"2015-05-19T03:03:16+00:00","article_modified_time":"2015-05-20T23:46:00+00:00","og_image":[{"width":1000,"height":864,"url":"https:\/\/i0.wp.com\/especiales.laprensagrafica.com\/2015\/beatificacion-romero\/wp-content\/uploads\/2015\/05\/padreb.jpg?fit=1000%2C864","type":"image\/jpeg"}],"twitter_card":"summary_large_image","twitter_creator":"@prensagrafica","twitter_site":"@prensagrafica","twitter_misc":{"Escrito por":"La Prensa Gr\u00e1fica","Tiempo de lectura":"12 minutos"},"schema":{"@context":"https:\/\/schema.org","@graph":[{"@type":"WebSite","@id":"http:\/\/especiales.laprensagrafica.com\/2015\/beatificacion-romero\/#website","url":"http:\/\/especiales.laprensagrafica.com\/2015\/beatificacion-romero\/","name":"Beatificaci\u00f3n de Monse\u00f1or Romero","description":"Sitio especial de La Prensa Gr\u00e1fica","potentialAction":[{"@type":"SearchAction","target":{"@type":"EntryPoint","urlTemplate":"http:\/\/especiales.laprensagrafica.com\/2015\/beatificacion-romero\/?s={search_term_string}"},"query-input":"required name=search_term_string"}],"inLanguage":"es"},{"@type":"ImageObject","inLanguage":"es","@id":"http:\/\/especiales.laprensagrafica.com\/2015\/beatificacion-romero\/el-hermano-el-tio-monsenor\/#primaryimage","url":"https:\/\/i0.wp.com\/especiales.laprensagrafica.com\/2015\/beatificacion-romero\/wp-content\/uploads\/2015\/05\/padreb.jpg?fit=1000%2C864","contentUrl":"https:\/\/i0.wp.com\/especiales.laprensagrafica.com\/2015\/beatificacion-romero\/wp-content\/uploads\/2015\/05\/padreb.jpg?fit=1000%2C864","width":1000,"height":864,"caption":"Acompa\u00f1ado. En esta imagen sobrinas y cu\u00f1adas acompa\u00f1an a Monse\u00f1or en una de las reuniones Romero."},{"@type":"WebPage","@id":"http:\/\/especiales.laprensagrafica.com\/2015\/beatificacion-romero\/el-hermano-el-tio-monsenor\/#webpage","url":"http:\/\/especiales.laprensagrafica.com\/2015\/beatificacion-romero\/el-hermano-el-tio-monsenor\/","name":"El hermano, el t\u00edo, Monse\u00f1or - Beatificaci\u00f3n de Monse\u00f1or Romero","isPartOf":{"@id":"http:\/\/especiales.laprensagrafica.com\/2015\/beatificacion-romero\/#website"},"primaryImageOfPage":{"@id":"http:\/\/especiales.laprensagrafica.com\/2015\/beatificacion-romero\/el-hermano-el-tio-monsenor\/#primaryimage"},"datePublished":"2015-05-19T03:03:16+00:00","dateModified":"2015-05-20T23:46:00+00:00","author":{"@id":"http:\/\/especiales.laprensagrafica.com\/2015\/beatificacion-romero\/#\/schema\/person\/195e57920dc03bd3c121c05ffecc12fe"},"breadcrumb":{"@id":"http:\/\/especiales.laprensagrafica.com\/2015\/beatificacion-romero\/el-hermano-el-tio-monsenor\/#breadcrumb"},"inLanguage":"es","potentialAction":[{"@type":"ReadAction","target":["http:\/\/especiales.laprensagrafica.com\/2015\/beatificacion-romero\/el-hermano-el-tio-monsenor\/"]}]},{"@type":"BreadcrumbList","@id":"http:\/\/especiales.laprensagrafica.com\/2015\/beatificacion-romero\/el-hermano-el-tio-monsenor\/#breadcrumb","itemListElement":[{"@type":"ListItem","position":1,"name":"Portada","item":"http:\/\/especiales.laprensagrafica.com\/2015\/beatificacion-romero\/"},{"@type":"ListItem","position":2,"name":"El hermano, el t\u00edo, Monse\u00f1or"}]},{"@type":"Person","@id":"http:\/\/especiales.laprensagrafica.com\/2015\/beatificacion-romero\/#\/schema\/person\/195e57920dc03bd3c121c05ffecc12fe","name":"La Prensa Gr\u00e1fica","image":{"@type":"ImageObject","inLanguage":"es","@id":"http:\/\/especiales.laprensagrafica.com\/2015\/beatificacion-romero\/#\/schema\/person\/image\/","url":"http:\/\/1.gravatar.com\/avatar\/1b7223dbf769f6deb42a4acb28f6999c?s=96&d=mm&r=g","contentUrl":"http:\/\/1.gravatar.com\/avatar\/1b7223dbf769f6deb42a4acb28f6999c?s=96&d=mm&r=g","caption":"La Prensa Gr\u00e1fica"},"sameAs":["http:\/\/laprensagrafica.com"],"url":"http:\/\/especiales.laprensagrafica.com\/2015\/beatificacion-romero\/author\/laprensagrafica\/"}]}},"jetpack_featured_media_url":"https:\/\/i0.wp.com\/especiales.laprensagrafica.com\/2015\/beatificacion-romero\/wp-content\/uploads\/2015\/05\/padreb.jpg?fit=1000%2C864","jetpack_sharing_enabled":true,"jetpack_shortlink":"https:\/\/wp.me\/p6bKPR-5Ok","jetpack-related-posts":[{"id":169,"url":"http:\/\/especiales.laprensagrafica.com\/2015\/beatificacion-romero\/el-hombre-de-los-numeros\/","url_meta":{"origin":22340,"position":0},"title":"El hombre de los n\u00fameros","date":"18 mayo, 2015","format":false,"excerpt":"Tiberio Arnoldo Romero Gald\u00e1mez tiene 88 a\u00f1os y es el pen\u00faltimo hijo de la pareja formada por Santo y Guadalupe. En todos los lugares en donde Monse\u00f1or Romero ejerci\u00f3 como sacerdote, fue Tiberio quien le orden\u00f3 las cuentas, le llev\u00f3 los libros y le cuadr\u00f3 la contabilidad. Era el hombre\u2026","rel":"","context":"En \u00abPrimera entrega\u00bb","img":{"alt_text":"","src":"https:\/\/i0.wp.com\/especiales.laprensagrafica.com\/2015\/beatificacion-romero\/wp-content\/uploads\/2015\/05\/fnac23052015mrrom34.jpg?fit=1140%2C760&resize=350%2C200","width":350,"height":200},"classes":[]},{"id":22470,"url":"http:\/\/especiales.laprensagrafica.com\/2015\/beatificacion-romero\/la-sangre-derramada-de-monsenor-romero\/","url_meta":{"origin":22340,"position":1},"title":"La sangre derramada de Monse\u00f1or Romero","date":"21 mayo, 2015","format":false,"excerpt":"\u201cDon Tiberio, a su hermano lo hirieron y lo traen para la Policl\u00ednica. Yo creo que ya viene muerto\u201d. Quien estaba al otro lado del tel\u00e9fono era una excompa\u00f1era de Tiberio Romero. \u00c9l hab\u00eda llevado la contabilidad de una farmacia, ah\u00ed la conoci\u00f3. Un tiempo despu\u00e9s ella viaj\u00f3 a San\u2026","rel":"","context":"En \u00abCuarta entrega\u00bb","img":{"alt_text":"","src":"https:\/\/i0.wp.com\/especiales.laprensagrafica.com\/2015\/beatificacion-romero\/wp-content\/uploads\/2015\/05\/fnac23052015ngrom16post-thumb-e1432243778160.jpg?fit=1139%2C1046&resize=350%2C200","width":350,"height":200},"classes":[]},{"id":22770,"url":"http:\/\/especiales.laprensagrafica.com\/2015\/beatificacion-romero\/orgullo-familiar-en-la-fiesta-del-obispo-martir\/","url_meta":{"origin":22340,"position":2},"title":"Orgullo familiar en la fiesta del obispo m\u00e1rtir","date":"24 mayo, 2015","format":false,"excerpt":"Hermanos, sobrinos, familia de Monse\u00f1or \u00d3scar Arnulfo Romero vivieron con j\u00fabilo el reconocimiento oficial m\u00e1s importante que ha recibido el ahora beato de la Iglesia. Claudia Ram\u00edrez\/C\u00e9sar Castro\/Mario Paz \u201cNo es la primera vez que digo que en ese momento quiz\u00e1 solo nosotros, los m\u00e1s cercanos, sab\u00edamos la clase de\u2026","rel":"","context":"En \u00abNoticias\u00bb","img":{"alt_text":"","src":"https:\/\/i0.wp.com\/especiales.laprensagrafica.com\/2015\/beatificacion-romero\/wp-content\/uploads\/2015\/05\/fnac24052015corgas01.jpg?fit=1008%2C672&resize=350%2C200","width":350,"height":200},"classes":[]},{"id":22739,"url":"http:\/\/especiales.laprensagrafica.com\/2015\/beatificacion-romero\/campanas-de-alegria-en-c-barrios-por-su-beato\/","url_meta":{"origin":22340,"position":3},"title":"Campanas de alegr\u00eda en  C. Barrios por su beato","date":"24 mayo, 2015","format":false,"excerpt":"La ciudad estuvo tranquila, ya que muchos viajaron para poder participar en la ceremonia que elev\u00f3 a los altares a uno de sus hijos. Liliana Fuentes Monroy Repiques de campanas y la explosi\u00f3n de algunos cohetes se escucharon ayer en Ciudad Barrios, San Miguel, cuando \u00d3scar Arnulfo Romero Gald\u00e1mez, nacido\u2026","rel":"","context":"En \u00abNoticias\u00bb","img":{"alt_text":"","src":"https:\/\/i0.wp.com\/especiales.laprensagrafica.com\/2015\/beatificacion-romero\/wp-content\/uploads\/2015\/05\/fdpt24052015lfrom06.jpg?fit=1200%2C956&resize=350%2C200","width":350,"height":200},"classes":[]},{"id":22375,"url":"http:\/\/especiales.laprensagrafica.com\/2015\/beatificacion-romero\/desde-adentro-hacia-afuera-de-una-vocacion\/","url_meta":{"origin":22340,"position":4},"title":"Desde adentro hacia afuera de una vocaci\u00f3n","date":"19 mayo, 2015","format":false,"excerpt":"El testimonio de Digna Romero recoge una imagen de Monse\u00f1or \u00d3scar A. Romero en un papel m\u00e1s paternal y m\u00e1s de consejero. Ella fue, de los 17, la sobrina que m\u00e1s dependi\u00f3 de sus cuidados. Su padre fue Gustavo, el mayor de los Romero Gald\u00e1mez, pero fue monse\u00f1or quien le\u2026","rel":"","context":"En \u00abTercera entrega\u00bb","img":{"alt_text":"","src":"https:\/\/i0.wp.com\/especiales.laprensagrafica.com\/2015\/beatificacion-romero\/wp-content\/uploads\/2015\/05\/ancia.jpg?fit=1008%2C690&resize=350%2C200","width":350,"height":200},"classes":[]},{"id":22378,"url":"http:\/\/especiales.laprensagrafica.com\/2015\/beatificacion-romero\/las-comunidades-eclesiales-de-base-y-los-botiquines-en-las-parroquias\/","url_meta":{"origin":22340,"position":5},"title":"Las comunidades eclesiales de base y los botiquines en las parroquias","date":"19 mayo, 2015","format":false,"excerpt":"Las Comunidades Eclesiales de Base, que nacieron en 1968 del documento de Medell\u00edn y buscaban convertir a la Iglesia cat\u00f3lica en un ente m\u00e1s social y m\u00f3vil, fueron parte importante de la vida pastoral de Monse\u00f1or Romero. La \u00faltima pl\u00e1tica que con respecto a este colectivo tuvo con el sacerdote\u2026","rel":"","context":"En \u00abTercera entrega\u00bb","img":{"alt_text":"","src":"https:\/\/i0.wp.com\/especiales.laprensagrafica.com\/2015\/beatificacion-romero\/wp-content\/uploads\/2015\/05\/senor.jpg?fit=1100%2C1013&resize=350%2C200","width":350,"height":200},"classes":[]}],"_links":{"self":[{"href":"http:\/\/especiales.laprensagrafica.com\/2015\/beatificacion-romero\/wp-json\/wp\/v2\/posts\/22340"}],"collection":[{"href":"http:\/\/especiales.laprensagrafica.com\/2015\/beatificacion-romero\/wp-json\/wp\/v2\/posts"}],"about":[{"href":"http:\/\/especiales.laprensagrafica.com\/2015\/beatificacion-romero\/wp-json\/wp\/v2\/types\/post"}],"author":[{"embeddable":true,"href":"http:\/\/especiales.laprensagrafica.com\/2015\/beatificacion-romero\/wp-json\/wp\/v2\/users\/2"}],"replies":[{"embeddable":true,"href":"http:\/\/especiales.laprensagrafica.com\/2015\/beatificacion-romero\/wp-json\/wp\/v2\/comments?post=22340"}],"version-history":[{"count":3,"href":"http:\/\/especiales.laprensagrafica.com\/2015\/beatificacion-romero\/wp-json\/wp\/v2\/posts\/22340\/revisions"}],"predecessor-version":[{"id":22372,"href":"http:\/\/especiales.laprensagrafica.com\/2015\/beatificacion-romero\/wp-json\/wp\/v2\/posts\/22340\/revisions\/22372"}],"wp:featuredmedia":[{"embeddable":true,"href":"http:\/\/especiales.laprensagrafica.com\/2015\/beatificacion-romero\/wp-json\/wp\/v2\/media\/22350"}],"wp:attachment":[{"href":"http:\/\/especiales.laprensagrafica.com\/2015\/beatificacion-romero\/wp-json\/wp\/v2\/media?parent=22340"}],"wp:term":[{"taxonomy":"category","embeddable":true,"href":"http:\/\/especiales.laprensagrafica.com\/2015\/beatificacion-romero\/wp-json\/wp\/v2\/categories?post=22340"},{"taxonomy":"post_tag","embeddable":true,"href":"http:\/\/especiales.laprensagrafica.com\/2015\/beatificacion-romero\/wp-json\/wp\/v2\/tags?post=22340"}],"curies":[{"name":"wp","href":"https:\/\/api.w.org\/{rel}","templated":true}]}}