{"id":22352,"date":"2015-05-18T21:12:07","date_gmt":"2015-05-19T03:12:07","guid":{"rendered":"http:\/\/especiales.laprensagrafica.com\/2015\/beatificacion-romero\/?p=22352"},"modified":"2015-05-20T17:46:16","modified_gmt":"2015-05-20T23:46:16","slug":"el-seminario-menor-la-primera-casa-de-formacion-de-romero","status":"publish","type":"post","link":"http:\/\/especiales.laprensagrafica.com\/2015\/beatificacion-romero\/el-seminario-menor-la-primera-casa-de-formacion-de-romero\/","title":{"rendered":"El seminario menor,  la primera casa de formaci\u00f3n de Romero"},"content":{"rendered":"<p>La di\u00f3cesis de San Miguel trata de rescatar y habilitar el seminario menor donde se form\u00f3 inicialmente Monse\u00f1or Romero. All\u00ed ya funciona un peque\u00f1o museo con cosas que pertenecieron al m\u00e1rtir.<\/p>\n<p>Texto: Mario Enrique Paz<br \/>\nsocial@laprensagrafica.com<\/p>\n<p>Un par de s\u00e1banas, junto a varios pantalones y camisas, cuelgan en un alambre que cruza el jard\u00edn en el Seminario Menor San Miguel Arc\u00e1ngel. Las condiciones de vida (le\u00e1se comodidad y holgura) no parecen ser las mejores para un grupo de personas (seminaristas y sacerdotes) que conviven en el lugar. Es una casa enorme, de amplios corredores, pilares de madera, paredes en extremo gruesas (adobes de casi 50 cent\u00edmetros), puertas de madera, tejas y un amplio jard\u00edn.<\/p>\n<p>Ya sufri\u00f3 reparaciones, en algunas paredes el cemento ha impregnado su huella, lo mismo sucede con el piso del patio central, que fue de ladrillo de barro, hoy solo una parte se mantiene original. El estado del seminario menor, en San Miguel, sobrevive por la voluntad de tres sacerdotes: Adri\u00e1n Antonio, Norberto y Armando, los dos primeros imparten clases a los seminaristas, el tercero era el encargado de la di\u00f3cesis para restablecer el museo de Monse\u00f1or \u00d3scar Romero.<\/p>\n<div id=\"attachment_22356\" style=\"width: 1010px\" class=\"wp-caption aligncenter\"><a href=\"https:\/\/i0.wp.com\/especiales.laprensagrafica.com\/2015\/beatificacion-romero\/wp-content\/uploads\/2015\/05\/dios.jpg\"><img aria-describedby=\"caption-attachment-22356\" data-attachment-id=\"22356\" data-permalink=\"http:\/\/especiales.laprensagrafica.com\/2015\/beatificacion-romero\/el-seminario-menor-la-primera-casa-de-formacion-de-romero\/dios\/\" data-orig-file=\"https:\/\/i0.wp.com\/especiales.laprensagrafica.com\/2015\/beatificacion-romero\/wp-content\/uploads\/2015\/05\/dios.jpg?fit=1000%2C754\" data-orig-size=\"1000,754\" data-comments-opened=\"0\" data-image-meta=\"{&quot;aperture&quot;:&quot;0&quot;,&quot;credit&quot;:&quot;&quot;,&quot;camera&quot;:&quot;&quot;,&quot;caption&quot;:&quot;&quot;,&quot;created_timestamp&quot;:&quot;0&quot;,&quot;copyright&quot;:&quot;&quot;,&quot;focal_length&quot;:&quot;0&quot;,&quot;iso&quot;:&quot;0&quot;,&quot;shutter_speed&quot;:&quot;0&quot;,&quot;title&quot;:&quot;&quot;,&quot;orientation&quot;:&quot;0&quot;}\" data-image-title=\"\" data-image-description=\"\" data-image-caption=\"&lt;p&gt;Discos de radio Pax  que fueron trasladados al museo y ejemplares del peri\u00f3dico Chaparrastique en el Seminario Menor de San Miguel.&lt;\/p&gt;\n\" data-medium-file=\"https:\/\/i0.wp.com\/especiales.laprensagrafica.com\/2015\/beatificacion-romero\/wp-content\/uploads\/2015\/05\/dios.jpg?fit=300%2C226\" data-large-file=\"https:\/\/i0.wp.com\/especiales.laprensagrafica.com\/2015\/beatificacion-romero\/wp-content\/uploads\/2015\/05\/dios.jpg?fit=1000%2C754\" loading=\"lazy\" class=\"size-full wp-image-22356\" src=\"https:\/\/i0.wp.com\/especiales.laprensagrafica.com\/2015\/beatificacion-romero\/wp-content\/uploads\/2015\/05\/dios.jpg?resize=1000%2C754\" alt=\"Discos de radio Pax  que fueron trasladados al museo y ejemplares del peri\u00f3dico Chaparrastique en el Seminario Menor de San Miguel.\" width=\"1000\" height=\"754\" srcset=\"https:\/\/i0.wp.com\/especiales.laprensagrafica.com\/2015\/beatificacion-romero\/wp-content\/uploads\/2015\/05\/dios.jpg?w=1000 1000w, https:\/\/i0.wp.com\/especiales.laprensagrafica.com\/2015\/beatificacion-romero\/wp-content\/uploads\/2015\/05\/dios.jpg?resize=300%2C226 300w, https:\/\/i0.wp.com\/especiales.laprensagrafica.com\/2015\/beatificacion-romero\/wp-content\/uploads\/2015\/05\/dios.jpg?resize=555%2C418 555w, https:\/\/i0.wp.com\/especiales.laprensagrafica.com\/2015\/beatificacion-romero\/wp-content\/uploads\/2015\/05\/dios.jpg?resize=360%2C271 360w, https:\/\/i0.wp.com\/especiales.laprensagrafica.com\/2015\/beatificacion-romero\/wp-content\/uploads\/2015\/05\/dios.jpg?resize=262%2C198 262w\" sizes=\"(max-width: 1000px) 100vw, 1000px\" data-recalc-dims=\"1\" \/><\/a><p id=\"caption-attachment-22356\" class=\"wp-caption-text\">Discos de radio Pax que fueron trasladados al museo y ejemplares del peri\u00f3dico Chaparrastique en el Seminario Menor de San Miguel.<\/p><\/div>\n<p>En uno de los cuartos donde el orden y el caos parecen convivir juntos se ha instalado el museo. El polvo tiene un medio reino tambi\u00e9n instituido.<\/p>\n<p>\u2014Los muchachos al regresar de clases limpian, pero no pueden darle el mantenimiento adecuado. Es necesario reparar todo el seminario para poder as\u00ed tambi\u00e9n ordenar el museo.<br \/>\nLa frase del padre Adri\u00e1n tiene vigencia en el marco hist\u00f3rico de la beatificaci\u00f3n. En el seminario hay incluso una peque\u00f1a capilla que construy\u00f3 Monse\u00f1or \u00d3scar Romero, la madera del altar se conserva, el piso pas\u00f3 a ser de cemento.<\/p>\n<p>No hay un presupuesto establecido para el rescate del seminario y a decir de los sacerdotes la di\u00f3cesis no cuenta con el recurso econ\u00f3mico para ello.<br \/>\nDe hecho es el padre Armando quien ha ido recogiendo pieza por pieza para luego colocarlas en el lugar.<\/p>\n<p>\u2014Cuando me dijeron que rescatara el seminario menor y vine ac\u00e1, me dec\u00edan: \u201cAqu\u00ed dorm\u00eda el padre Romero\u201d, \u201caqu\u00ed com\u00eda el padre Romero\u201d, me di cuenta de que entre esas paredes hab\u00eda una gran historia para restaurar.<\/p>\n<div id=\"attachment_22358\" style=\"width: 1010px\" class=\"wp-caption aligncenter\"><a href=\"https:\/\/i0.wp.com\/especiales.laprensagrafica.com\/2015\/beatificacion-romero\/wp-content\/uploads\/2015\/05\/foto.jpg\"><img aria-describedby=\"caption-attachment-22358\" data-attachment-id=\"22358\" data-permalink=\"http:\/\/especiales.laprensagrafica.com\/2015\/beatificacion-romero\/el-seminario-menor-la-primera-casa-de-formacion-de-romero\/foto\/\" data-orig-file=\"https:\/\/i0.wp.com\/especiales.laprensagrafica.com\/2015\/beatificacion-romero\/wp-content\/uploads\/2015\/05\/foto.jpg?fit=1000%2C667\" data-orig-size=\"1000,667\" data-comments-opened=\"0\" data-image-meta=\"{&quot;aperture&quot;:&quot;0&quot;,&quot;credit&quot;:&quot;&quot;,&quot;camera&quot;:&quot;&quot;,&quot;caption&quot;:&quot;&quot;,&quot;created_timestamp&quot;:&quot;0&quot;,&quot;copyright&quot;:&quot;&quot;,&quot;focal_length&quot;:&quot;0&quot;,&quot;iso&quot;:&quot;0&quot;,&quot;shutter_speed&quot;:&quot;0&quot;,&quot;title&quot;:&quot;&quot;,&quot;orientation&quot;:&quot;0&quot;}\" data-image-title=\"\" data-image-description=\"\" data-image-caption=\"&lt;p&gt;La mitra    tambi\u00e9n se encuentra en San Miguel. Hay parte de la indumentaria del que para ellos es Del padre Romero.&lt;\/p&gt;\n\" data-medium-file=\"https:\/\/i0.wp.com\/especiales.laprensagrafica.com\/2015\/beatificacion-romero\/wp-content\/uploads\/2015\/05\/foto.jpg?fit=300%2C200\" data-large-file=\"https:\/\/i0.wp.com\/especiales.laprensagrafica.com\/2015\/beatificacion-romero\/wp-content\/uploads\/2015\/05\/foto.jpg?fit=1000%2C667\" loading=\"lazy\" class=\"size-full wp-image-22358\" src=\"https:\/\/i0.wp.com\/especiales.laprensagrafica.com\/2015\/beatificacion-romero\/wp-content\/uploads\/2015\/05\/foto.jpg?resize=1000%2C667\" alt=\"La mitra    tambi\u00e9n se encuentra en San Miguel. Hay parte de la indumentaria del que para ellos es Del padre Romero.\" width=\"1000\" height=\"667\" srcset=\"https:\/\/i0.wp.com\/especiales.laprensagrafica.com\/2015\/beatificacion-romero\/wp-content\/uploads\/2015\/05\/foto.jpg?w=1000 1000w, https:\/\/i0.wp.com\/especiales.laprensagrafica.com\/2015\/beatificacion-romero\/wp-content\/uploads\/2015\/05\/foto.jpg?resize=300%2C200 300w, https:\/\/i0.wp.com\/especiales.laprensagrafica.com\/2015\/beatificacion-romero\/wp-content\/uploads\/2015\/05\/foto.jpg?resize=555%2C370 555w, https:\/\/i0.wp.com\/especiales.laprensagrafica.com\/2015\/beatificacion-romero\/wp-content\/uploads\/2015\/05\/foto.jpg?resize=360%2C240 360w, https:\/\/i0.wp.com\/especiales.laprensagrafica.com\/2015\/beatificacion-romero\/wp-content\/uploads\/2015\/05\/foto.jpg?resize=262%2C175 262w\" sizes=\"(max-width: 1000px) 100vw, 1000px\" data-recalc-dims=\"1\" \/><\/a><p id=\"caption-attachment-22358\" class=\"wp-caption-text\">La mitra tambi\u00e9n se encuentra en San Miguel. Hay parte de la indumentaria del que para ellos es Del padre Romero.<\/p><\/div>\n<p>Una pieza de singular significado es un reloj Lorus que perteneci\u00f3 a Monse\u00f1or y que fue obsequio de Saida Romero al padre Armando.<\/p>\n<p>\u2014Yo la asist\u00ed en su lecho de muerte, le di la extremaunci\u00f3n. Cuando termin\u00e9 vi la imagen de Monse\u00f1or en la pared y le pregunt\u00e9: Y a \u00e9l \u00bfpara que lo tienen all\u00ed? y con su respuesta se me aflojaron las canillas.<\/p>\n<p>\u2014\u00c9l me espera en el cielo, el es santo y el es mi hermano.<\/p>\n<p>En aquel encuentro tambi\u00e9n le regalaron unos calcetines de Romero color maravilla que ten\u00eda que usar en un encuentro en Roma con el papa Pablo VI y los aparatos donde escuchaba m\u00fasica.<br \/>\nEn el museo tambi\u00e9n est\u00e1 un proyector donde transmit\u00eda pel\u00edculas a reos, seminaristas y ni\u00f1os la doctrina, ejemplares del peri\u00f3dico Chaparrastique, discos de la extinta radio Pax.<\/p>\n<p>La idea del padre Armando es que se haga una evaluaci\u00f3n completa del seminario y que se realice la restauraci\u00f3n.<br \/>\n\u2014Un buen d\u00eda el mundo preguntar\u00e1 d\u00f3nde est\u00e1 el lugar donde se form\u00f3 Monse\u00f1or Romero y no le podemos mostrar el seminario en las condiciones actuales, todav\u00eda se puede rescatar.<\/p>\n","protected":false},"excerpt":{"rendered":"<p>La di\u00f3cesis de San Miguel trata de rescatar y habilitar el seminario menor donde se form\u00f3 inicialmente Monse\u00f1or Romero. All\u00ed ya funciona un peque\u00f1o museo con cosas que pertenecieron al m\u00e1rtir. Texto: Mario Enrique Paz social@laprensagrafica.com Un par de s\u00e1banas, junto a varios pantalones y camisas, cuelgan en un alambre que cruza el jard\u00edn en&#8230;<\/p>\n","protected":false},"author":2,"featured_media":22354,"comment_status":"closed","ping_status":"open","sticky":false,"template":"","format":"standard","meta":{"spay_email":"","jetpack_publicize_message":"","jetpack_is_tweetstorm":false,"jetpack_publicize_feature_enabled":true},"categories":[10],"tags":[],"jetpack_publicize_connections":[],"yoast_head":"<!-- This site is optimized with the Yoast SEO plugin v19.1 - https:\/\/yoast.com\/wordpress\/plugins\/seo\/ -->\n<title>El seminario menor, la primera casa de formaci\u00f3n de Romero - Beatificaci\u00f3n de Monse\u00f1or Romero<\/title>\n<meta name=\"robots\" content=\"index, follow, max-snippet:-1, max-image-preview:large, max-video-preview:-1\" \/>\n<link rel=\"canonical\" href=\"http:\/\/especiales.laprensagrafica.com\/2015\/beatificacion-romero\/el-seminario-menor-la-primera-casa-de-formacion-de-romero\/\" \/>\n<meta property=\"og:locale\" content=\"es_ES\" \/>\n<meta property=\"og:type\" content=\"article\" \/>\n<meta property=\"og:title\" content=\"El seminario menor, la primera casa de formaci\u00f3n de Romero - Beatificaci\u00f3n de Monse\u00f1or Romero\" \/>\n<meta property=\"og:description\" content=\"La di\u00f3cesis de San Miguel trata de rescatar y habilitar el seminario menor donde se form\u00f3 inicialmente Monse\u00f1or Romero. All\u00ed ya funciona un peque\u00f1o museo con cosas que pertenecieron al m\u00e1rtir. Texto: Mario Enrique Paz social@laprensagrafica.com Un par de s\u00e1banas, junto a varios pantalones y camisas, cuelgan en un alambre que cruza el jard\u00edn en...\" \/>\n<meta property=\"og:url\" content=\"http:\/\/especiales.laprensagrafica.com\/2015\/beatificacion-romero\/el-seminario-menor-la-primera-casa-de-formacion-de-romero\/\" \/>\n<meta property=\"og:site_name\" content=\"Beatificaci\u00f3n de Monse\u00f1or Romero\" \/>\n<meta property=\"article:publisher\" content=\"https:\/\/www.facebook.com\/lpg.laprensagrafica\" \/>\n<meta property=\"article:published_time\" content=\"2015-05-19T03:12:07+00:00\" \/>\n<meta property=\"article:modified_time\" content=\"2015-05-20T23:46:16+00:00\" \/>\n<meta property=\"og:image\" content=\"https:\/\/i0.wp.com\/especiales.laprensagrafica.com\/2015\/beatificacion-romero\/wp-content\/uploads\/2015\/05\/seminario.jpg?fit=1000%2C614\" \/>\n\t<meta property=\"og:image:width\" content=\"1000\" \/>\n\t<meta property=\"og:image:height\" content=\"614\" \/>\n\t<meta property=\"og:image:type\" content=\"image\/jpeg\" \/>\n<meta name=\"twitter:card\" content=\"summary_large_image\" \/>\n<meta name=\"twitter:creator\" content=\"@prensagrafica\" \/>\n<meta name=\"twitter:site\" content=\"@prensagrafica\" \/>\n<meta name=\"twitter:label1\" content=\"Escrito por\" \/>\n\t<meta name=\"twitter:data1\" content=\"La Prensa Gr\u00e1fica\" \/>\n\t<meta name=\"twitter:label2\" content=\"Tiempo de lectura\" \/>\n\t<meta name=\"twitter:data2\" content=\"3 minutos\" \/>\n<script type=\"application\/ld+json\" class=\"yoast-schema-graph\">{\"@context\":\"https:\/\/schema.org\",\"@graph\":[{\"@type\":\"WebSite\",\"@id\":\"http:\/\/especiales.laprensagrafica.com\/2015\/beatificacion-romero\/#website\",\"url\":\"http:\/\/especiales.laprensagrafica.com\/2015\/beatificacion-romero\/\",\"name\":\"Beatificaci\u00f3n de Monse\u00f1or Romero\",\"description\":\"Sitio especial de La Prensa Gr\u00e1fica\",\"potentialAction\":[{\"@type\":\"SearchAction\",\"target\":{\"@type\":\"EntryPoint\",\"urlTemplate\":\"http:\/\/especiales.laprensagrafica.com\/2015\/beatificacion-romero\/?s={search_term_string}\"},\"query-input\":\"required name=search_term_string\"}],\"inLanguage\":\"es\"},{\"@type\":\"ImageObject\",\"inLanguage\":\"es\",\"@id\":\"http:\/\/especiales.laprensagrafica.com\/2015\/beatificacion-romero\/el-seminario-menor-la-primera-casa-de-formacion-de-romero\/#primaryimage\",\"url\":\"https:\/\/i0.wp.com\/especiales.laprensagrafica.com\/2015\/beatificacion-romero\/wp-content\/uploads\/2015\/05\/seminario.jpg?fit=1000%2C614\",\"contentUrl\":\"https:\/\/i0.wp.com\/especiales.laprensagrafica.com\/2015\/beatificacion-romero\/wp-content\/uploads\/2015\/05\/seminario.jpg?fit=1000%2C614\",\"width\":1000,\"height\":614,\"caption\":\"Fachada del Seminario Menor muestra parte del deterioro en que se encuentra. No hay presupuesto para rescatarlo.\"},{\"@type\":\"WebPage\",\"@id\":\"http:\/\/especiales.laprensagrafica.com\/2015\/beatificacion-romero\/el-seminario-menor-la-primera-casa-de-formacion-de-romero\/#webpage\",\"url\":\"http:\/\/especiales.laprensagrafica.com\/2015\/beatificacion-romero\/el-seminario-menor-la-primera-casa-de-formacion-de-romero\/\",\"name\":\"El seminario menor, la primera casa de formaci\u00f3n de Romero - Beatificaci\u00f3n de Monse\u00f1or Romero\",\"isPartOf\":{\"@id\":\"http:\/\/especiales.laprensagrafica.com\/2015\/beatificacion-romero\/#website\"},\"primaryImageOfPage\":{\"@id\":\"http:\/\/especiales.laprensagrafica.com\/2015\/beatificacion-romero\/el-seminario-menor-la-primera-casa-de-formacion-de-romero\/#primaryimage\"},\"datePublished\":\"2015-05-19T03:12:07+00:00\",\"dateModified\":\"2015-05-20T23:46:16+00:00\",\"author\":{\"@id\":\"http:\/\/especiales.laprensagrafica.com\/2015\/beatificacion-romero\/#\/schema\/person\/195e57920dc03bd3c121c05ffecc12fe\"},\"breadcrumb\":{\"@id\":\"http:\/\/especiales.laprensagrafica.com\/2015\/beatificacion-romero\/el-seminario-menor-la-primera-casa-de-formacion-de-romero\/#breadcrumb\"},\"inLanguage\":\"es\",\"potentialAction\":[{\"@type\":\"ReadAction\",\"target\":[\"http:\/\/especiales.laprensagrafica.com\/2015\/beatificacion-romero\/el-seminario-menor-la-primera-casa-de-formacion-de-romero\/\"]}]},{\"@type\":\"BreadcrumbList\",\"@id\":\"http:\/\/especiales.laprensagrafica.com\/2015\/beatificacion-romero\/el-seminario-menor-la-primera-casa-de-formacion-de-romero\/#breadcrumb\",\"itemListElement\":[{\"@type\":\"ListItem\",\"position\":1,\"name\":\"Portada\",\"item\":\"http:\/\/especiales.laprensagrafica.com\/2015\/beatificacion-romero\/\"},{\"@type\":\"ListItem\",\"position\":2,\"name\":\"El seminario menor, la primera casa de formaci\u00f3n de Romero\"}]},{\"@type\":\"Person\",\"@id\":\"http:\/\/especiales.laprensagrafica.com\/2015\/beatificacion-romero\/#\/schema\/person\/195e57920dc03bd3c121c05ffecc12fe\",\"name\":\"La Prensa Gr\u00e1fica\",\"image\":{\"@type\":\"ImageObject\",\"inLanguage\":\"es\",\"@id\":\"http:\/\/especiales.laprensagrafica.com\/2015\/beatificacion-romero\/#\/schema\/person\/image\/\",\"url\":\"http:\/\/1.gravatar.com\/avatar\/1b7223dbf769f6deb42a4acb28f6999c?s=96&d=mm&r=g\",\"contentUrl\":\"http:\/\/1.gravatar.com\/avatar\/1b7223dbf769f6deb42a4acb28f6999c?s=96&d=mm&r=g\",\"caption\":\"La Prensa Gr\u00e1fica\"},\"sameAs\":[\"http:\/\/laprensagrafica.com\"],\"url\":\"http:\/\/especiales.laprensagrafica.com\/2015\/beatificacion-romero\/author\/laprensagrafica\/\"}]}<\/script>\n<!-- \/ Yoast SEO plugin. -->","yoast_head_json":{"title":"El seminario menor, la primera casa de formaci\u00f3n de Romero - Beatificaci\u00f3n de Monse\u00f1or Romero","robots":{"index":"index","follow":"follow","max-snippet":"max-snippet:-1","max-image-preview":"max-image-preview:large","max-video-preview":"max-video-preview:-1"},"canonical":"http:\/\/especiales.laprensagrafica.com\/2015\/beatificacion-romero\/el-seminario-menor-la-primera-casa-de-formacion-de-romero\/","og_locale":"es_ES","og_type":"article","og_title":"El seminario menor, la primera casa de formaci\u00f3n de Romero - Beatificaci\u00f3n de Monse\u00f1or Romero","og_description":"La di\u00f3cesis de San Miguel trata de rescatar y habilitar el seminario menor donde se form\u00f3 inicialmente Monse\u00f1or Romero. All\u00ed ya funciona un peque\u00f1o museo con cosas que pertenecieron al m\u00e1rtir. Texto: Mario Enrique Paz social@laprensagrafica.com Un par de s\u00e1banas, junto a varios pantalones y camisas, cuelgan en un alambre que cruza el jard\u00edn en...","og_url":"http:\/\/especiales.laprensagrafica.com\/2015\/beatificacion-romero\/el-seminario-menor-la-primera-casa-de-formacion-de-romero\/","og_site_name":"Beatificaci\u00f3n de Monse\u00f1or Romero","article_publisher":"https:\/\/www.facebook.com\/lpg.laprensagrafica","article_published_time":"2015-05-19T03:12:07+00:00","article_modified_time":"2015-05-20T23:46:16+00:00","og_image":[{"width":1000,"height":614,"url":"https:\/\/i0.wp.com\/especiales.laprensagrafica.com\/2015\/beatificacion-romero\/wp-content\/uploads\/2015\/05\/seminario.jpg?fit=1000%2C614","type":"image\/jpeg"}],"twitter_card":"summary_large_image","twitter_creator":"@prensagrafica","twitter_site":"@prensagrafica","twitter_misc":{"Escrito por":"La Prensa Gr\u00e1fica","Tiempo de lectura":"3 minutos"},"schema":{"@context":"https:\/\/schema.org","@graph":[{"@type":"WebSite","@id":"http:\/\/especiales.laprensagrafica.com\/2015\/beatificacion-romero\/#website","url":"http:\/\/especiales.laprensagrafica.com\/2015\/beatificacion-romero\/","name":"Beatificaci\u00f3n de Monse\u00f1or Romero","description":"Sitio especial de La Prensa Gr\u00e1fica","potentialAction":[{"@type":"SearchAction","target":{"@type":"EntryPoint","urlTemplate":"http:\/\/especiales.laprensagrafica.com\/2015\/beatificacion-romero\/?s={search_term_string}"},"query-input":"required name=search_term_string"}],"inLanguage":"es"},{"@type":"ImageObject","inLanguage":"es","@id":"http:\/\/especiales.laprensagrafica.com\/2015\/beatificacion-romero\/el-seminario-menor-la-primera-casa-de-formacion-de-romero\/#primaryimage","url":"https:\/\/i0.wp.com\/especiales.laprensagrafica.com\/2015\/beatificacion-romero\/wp-content\/uploads\/2015\/05\/seminario.jpg?fit=1000%2C614","contentUrl":"https:\/\/i0.wp.com\/especiales.laprensagrafica.com\/2015\/beatificacion-romero\/wp-content\/uploads\/2015\/05\/seminario.jpg?fit=1000%2C614","width":1000,"height":614,"caption":"Fachada del Seminario Menor muestra parte del deterioro en que se encuentra. No hay presupuesto para rescatarlo."},{"@type":"WebPage","@id":"http:\/\/especiales.laprensagrafica.com\/2015\/beatificacion-romero\/el-seminario-menor-la-primera-casa-de-formacion-de-romero\/#webpage","url":"http:\/\/especiales.laprensagrafica.com\/2015\/beatificacion-romero\/el-seminario-menor-la-primera-casa-de-formacion-de-romero\/","name":"El seminario menor, la primera casa de formaci\u00f3n de Romero - Beatificaci\u00f3n de Monse\u00f1or Romero","isPartOf":{"@id":"http:\/\/especiales.laprensagrafica.com\/2015\/beatificacion-romero\/#website"},"primaryImageOfPage":{"@id":"http:\/\/especiales.laprensagrafica.com\/2015\/beatificacion-romero\/el-seminario-menor-la-primera-casa-de-formacion-de-romero\/#primaryimage"},"datePublished":"2015-05-19T03:12:07+00:00","dateModified":"2015-05-20T23:46:16+00:00","author":{"@id":"http:\/\/especiales.laprensagrafica.com\/2015\/beatificacion-romero\/#\/schema\/person\/195e57920dc03bd3c121c05ffecc12fe"},"breadcrumb":{"@id":"http:\/\/especiales.laprensagrafica.com\/2015\/beatificacion-romero\/el-seminario-menor-la-primera-casa-de-formacion-de-romero\/#breadcrumb"},"inLanguage":"es","potentialAction":[{"@type":"ReadAction","target":["http:\/\/especiales.laprensagrafica.com\/2015\/beatificacion-romero\/el-seminario-menor-la-primera-casa-de-formacion-de-romero\/"]}]},{"@type":"BreadcrumbList","@id":"http:\/\/especiales.laprensagrafica.com\/2015\/beatificacion-romero\/el-seminario-menor-la-primera-casa-de-formacion-de-romero\/#breadcrumb","itemListElement":[{"@type":"ListItem","position":1,"name":"Portada","item":"http:\/\/especiales.laprensagrafica.com\/2015\/beatificacion-romero\/"},{"@type":"ListItem","position":2,"name":"El seminario menor, la primera casa de formaci\u00f3n de Romero"}]},{"@type":"Person","@id":"http:\/\/especiales.laprensagrafica.com\/2015\/beatificacion-romero\/#\/schema\/person\/195e57920dc03bd3c121c05ffecc12fe","name":"La Prensa Gr\u00e1fica","image":{"@type":"ImageObject","inLanguage":"es","@id":"http:\/\/especiales.laprensagrafica.com\/2015\/beatificacion-romero\/#\/schema\/person\/image\/","url":"http:\/\/1.gravatar.com\/avatar\/1b7223dbf769f6deb42a4acb28f6999c?s=96&d=mm&r=g","contentUrl":"http:\/\/1.gravatar.com\/avatar\/1b7223dbf769f6deb42a4acb28f6999c?s=96&d=mm&r=g","caption":"La Prensa Gr\u00e1fica"},"sameAs":["http:\/\/laprensagrafica.com"],"url":"http:\/\/especiales.laprensagrafica.com\/2015\/beatificacion-romero\/author\/laprensagrafica\/"}]}},"jetpack_featured_media_url":"https:\/\/i0.wp.com\/especiales.laprensagrafica.com\/2015\/beatificacion-romero\/wp-content\/uploads\/2015\/05\/seminario.jpg?fit=1000%2C614","jetpack_sharing_enabled":true,"jetpack_shortlink":"https:\/\/wp.me\/p6bKPR-5Ow","jetpack-related-posts":[{"id":169,"url":"http:\/\/especiales.laprensagrafica.com\/2015\/beatificacion-romero\/el-hombre-de-los-numeros\/","url_meta":{"origin":22352,"position":0},"title":"El hombre de los n\u00fameros","date":"18 mayo, 2015","format":false,"excerpt":"Tiberio Arnoldo Romero Gald\u00e1mez tiene 88 a\u00f1os y es el pen\u00faltimo hijo de la pareja formada por Santo y Guadalupe. En todos los lugares en donde Monse\u00f1or Romero ejerci\u00f3 como sacerdote, fue Tiberio quien le orden\u00f3 las cuentas, le llev\u00f3 los libros y le cuadr\u00f3 la contabilidad. Era el hombre\u2026","rel":"","context":"En \u00abPrimera entrega\u00bb","img":{"alt_text":"","src":"https:\/\/i0.wp.com\/especiales.laprensagrafica.com\/2015\/beatificacion-romero\/wp-content\/uploads\/2015\/05\/fnac23052015mrrom34.jpg?fit=1140%2C760&resize=350%2C200","width":350,"height":200},"classes":[]},{"id":22250,"url":"http:\/\/especiales.laprensagrafica.com\/2015\/beatificacion-romero\/el-padre-romero-el-hombre-antes-del-monsenor-y-del-arzobispo-2\/","url_meta":{"origin":22352,"position":1},"title":"El padre Romero,  el hombre antes del Monse\u00f1or y del arzobispo","date":"18 mayo, 2015","format":false,"excerpt":"\u00a1El padre Romero! No Monse\u00f1or, no el obispo ni el arzobispo. La curia miguele\u00f1a quiere revivir la historia del sacerdote que para ella cambi\u00f3 San Miguel y cambi\u00f3 la Iglesia cat\u00f3lica salvadore\u00f1a. M\u00e1s all\u00e1 del cura que denunciaba injusticias, quiere plasmar la idea de que \u00d3scar Arnulfo Romero no responde\u2026","rel":"","context":"En \u00abPrimera entrega\u00bb","img":{"alt_text":"","src":"https:\/\/i0.wp.com\/especiales.laprensagrafica.com\/2015\/beatificacion-romero\/wp-content\/uploads\/2015\/05\/fnac23052015ecrom56.png?fit=1140%2C738&resize=350%2C200","width":350,"height":200},"classes":[]},{"id":22470,"url":"http:\/\/especiales.laprensagrafica.com\/2015\/beatificacion-romero\/la-sangre-derramada-de-monsenor-romero\/","url_meta":{"origin":22352,"position":2},"title":"La sangre derramada de Monse\u00f1or Romero","date":"21 mayo, 2015","format":false,"excerpt":"\u201cDon Tiberio, a su hermano lo hirieron y lo traen para la Policl\u00ednica. Yo creo que ya viene muerto\u201d. Quien estaba al otro lado del tel\u00e9fono era una excompa\u00f1era de Tiberio Romero. \u00c9l hab\u00eda llevado la contabilidad de una farmacia, ah\u00ed la conoci\u00f3. Un tiempo despu\u00e9s ella viaj\u00f3 a San\u2026","rel":"","context":"En \u00abCuarta entrega\u00bb","img":{"alt_text":"","src":"https:\/\/i0.wp.com\/especiales.laprensagrafica.com\/2015\/beatificacion-romero\/wp-content\/uploads\/2015\/05\/fnac23052015ngrom16post-thumb-e1432243778160.jpg?fit=1139%2C1046&resize=350%2C200","width":350,"height":200},"classes":[]},{"id":22340,"url":"http:\/\/especiales.laprensagrafica.com\/2015\/beatificacion-romero\/el-hermano-el-tio-monsenor\/","url_meta":{"origin":22352,"position":3},"title":"El hermano, el t\u00edo, Monse\u00f1or","date":"18 mayo, 2015","format":false,"excerpt":"La familia en la que se form\u00f3 el salvadore\u00f1o m\u00e1s universal, ese que pr\u00f3ximamente ser\u00e1 beatificado, no fue perfecta. Pero fue el apoyo justo, la cu\u00f1a necesaria, la fuente de alegr\u00eda con la que sab\u00eda que pod\u00eda contar. No perfecta, pero s\u00ed id\u00f3nea para Monse\u00f1or Romero. La vida pastoral de\u2026","rel":"","context":"En \u00abSegunda entrega\u00bb","img":{"alt_text":"","src":"https:\/\/i0.wp.com\/especiales.laprensagrafica.com\/2015\/beatificacion-romero\/wp-content\/uploads\/2015\/05\/padreb.jpg?fit=1000%2C864&resize=350%2C200","width":350,"height":200},"classes":[]},{"id":22764,"url":"http:\/\/especiales.laprensagrafica.com\/2015\/beatificacion-romero\/cronica-1400-sacerdotes-revestidos-para-celebrar\/","url_meta":{"origin":22352,"position":4},"title":"Cr\u00f3nica   1,400 sacerdotes revestidos para Celebrar","date":"24 mayo, 2015","format":false,"excerpt":"Una fila de seminaristas irrumpi\u00f3 ayer a las 7:30 de la ma\u00f1ana en el templo de la parroquia San Jos\u00e9 de la Monta\u00f1a. Entraron por una de las puertas laterales, cada uno portaba una sotana roja que le colgaba de las manos desde un gancho y envuelta en un pl\u00e1stico\u2026","rel":"","context":"En \u00abNoticias\u00bb","img":{"alt_text":"","src":"https:\/\/i0.wp.com\/especiales.laprensagrafica.com\/2015\/beatificacion-romero\/wp-content\/uploads\/2015\/05\/fnac24052015ecsac10.jpg?fit=486%2C539&resize=350%2C200","width":350,"height":200},"classes":[]},{"id":167,"url":"http:\/\/especiales.laprensagrafica.com\/2015\/beatificacion-romero\/anamoros-paso-fugaz-en-la-primera-parroquia\/","url_meta":{"origin":22352,"position":5},"title":"Anamor\u00f3s,  paso fugaz  en la primera parroquia","date":"18 mayo, 2015","format":false,"excerpt":"Por Mario Enrique Paz\/Glenda Gir\u00f3n \u201cMire, cuando llegamos era un pueblo y ah\u00ed no hab\u00eda luz, no hab\u00eda carretera, no hab\u00eda nada. Nos ba\u00f1\u00e1bamos en el r\u00edo, no hab\u00eda ducha ni ba\u00f1o ni nada\u201d. Gaspar Romero fue el acompa\u00f1ante de su hermano \u00d3scar en varias parroquias y su llegada hasta\u2026","rel":"","context":"En \u00abPrimera entrega\u00bb","img":{"alt_text":"","src":"https:\/\/i0.wp.com\/especiales.laprensagrafica.com\/2015\/beatificacion-romero\/wp-content\/uploads\/2015\/05\/fnac23052015ecmon02.jpg?fit=1140%2C760&resize=350%2C200","width":350,"height":200},"classes":[]}],"_links":{"self":[{"href":"http:\/\/especiales.laprensagrafica.com\/2015\/beatificacion-romero\/wp-json\/wp\/v2\/posts\/22352"}],"collection":[{"href":"http:\/\/especiales.laprensagrafica.com\/2015\/beatificacion-romero\/wp-json\/wp\/v2\/posts"}],"about":[{"href":"http:\/\/especiales.laprensagrafica.com\/2015\/beatificacion-romero\/wp-json\/wp\/v2\/types\/post"}],"author":[{"embeddable":true,"href":"http:\/\/especiales.laprensagrafica.com\/2015\/beatificacion-romero\/wp-json\/wp\/v2\/users\/2"}],"replies":[{"embeddable":true,"href":"http:\/\/especiales.laprensagrafica.com\/2015\/beatificacion-romero\/wp-json\/wp\/v2\/comments?post=22352"}],"version-history":[{"count":3,"href":"http:\/\/especiales.laprensagrafica.com\/2015\/beatificacion-romero\/wp-json\/wp\/v2\/posts\/22352\/revisions"}],"predecessor-version":[{"id":22373,"href":"http:\/\/especiales.laprensagrafica.com\/2015\/beatificacion-romero\/wp-json\/wp\/v2\/posts\/22352\/revisions\/22373"}],"wp:featuredmedia":[{"embeddable":true,"href":"http:\/\/especiales.laprensagrafica.com\/2015\/beatificacion-romero\/wp-json\/wp\/v2\/media\/22354"}],"wp:attachment":[{"href":"http:\/\/especiales.laprensagrafica.com\/2015\/beatificacion-romero\/wp-json\/wp\/v2\/media?parent=22352"}],"wp:term":[{"taxonomy":"category","embeddable":true,"href":"http:\/\/especiales.laprensagrafica.com\/2015\/beatificacion-romero\/wp-json\/wp\/v2\/categories?post=22352"},{"taxonomy":"post_tag","embeddable":true,"href":"http:\/\/especiales.laprensagrafica.com\/2015\/beatificacion-romero\/wp-json\/wp\/v2\/tags?post=22352"}],"curies":[{"name":"wp","href":"https:\/\/api.w.org\/{rel}","templated":true}]}}