{"id":22360,"date":"2015-05-18T21:18:54","date_gmt":"2015-05-19T03:18:54","guid":{"rendered":"http:\/\/especiales.laprensagrafica.com\/2015\/beatificacion-romero\/?p=22360"},"modified":"2015-05-20T17:46:26","modified_gmt":"2015-05-20T23:46:26","slug":"la-ciudad-del-martir-se-debate-entre-la-devocion-y-la-indiferencia","status":"publish","type":"post","link":"http:\/\/especiales.laprensagrafica.com\/2015\/beatificacion-romero\/la-ciudad-del-martir-se-debate-entre-la-devocion-y-la-indiferencia\/","title":{"rendered":"La ciudad del m\u00e1rtir se debate   entre la devoci\u00f3n y la indiferencia"},"content":{"rendered":"<p>Ciudad Barrios hace esfuerzos para encontrarse alrededor de Monse\u00f1or \u00d3scar Romero, pero faltan esfuerzos y todav\u00eda hay mucha indiferencia hacia la figura del sacerdote. Las iniciativas para difundir el pensamiento e historia del m\u00e1rtir han encontrado resistencia en la sociedad, aun as\u00ed hay algunos puntos de reencuentro que se perfilan positivos.<\/p>\n<p>Nadie es profeta en su tierra\u201d, lo dijo Jesucristo al interpretar el rechazo de Nazaret, su pueblo. As\u00ed est\u00e1 consignado en el Evangelio de Lucas. La frase es vigente para \u00d3scar Romero. All\u00e1 arriba en un cerro que carga a Ciudad Barrios, a m\u00e1s de 900 metros sobre el nivel del mar, al norte de San Miguel, la historia del arzobispo asesinado el 24 de marzo de 1980, por odio a la fe, se debate entre la veneraci\u00f3n y la indiferencia.<\/p>\n<p>El culto por Romero, aun entre los que se consideran sus fieles, es todav\u00eda un trabajo dif\u00edcil. Restablecer la historia, su palabra y su legado ha sido un contraste de aciertos y desencuentros.<br \/>\nSentado en las gradas de la iglesia, Jorge, solo as\u00ed dice que se llama y no quiere dar m\u00e1s datos, explica que Romero \u201ces el cura que asesinaron\u201d, pero sabe muy poco de \u00e9l, lo m\u00ednimo, entiende que era de Ciudad Barrios, pero hasta all\u00ed. Tan simple como sencillo. Hacia el frente de la parroquia, ante la estatua del pr\u00f3ximo beato, Mariana Amaya de Lara (Marianita, dice ella) se para, se persigna, murmura una oraci\u00f3n y se queda ante el busto por varios minutos. Va ataviada con un sombrero de Romero, un rosario, un pa\u00f1uelo. Repite con confianza: \u201cEs mi santo\u201d.<\/p>\n<div id=\"attachment_22365\" style=\"width: 1162px\" class=\"wp-caption aligncenter\"><a href=\"https:\/\/i0.wp.com\/especiales.laprensagrafica.com\/2015\/beatificacion-romero\/wp-content\/uploads\/2015\/05\/ciudad1.jpg\"><img aria-describedby=\"caption-attachment-22365\" data-attachment-id=\"22365\" data-permalink=\"http:\/\/especiales.laprensagrafica.com\/2015\/beatificacion-romero\/la-ciudad-del-martir-se-debate-entre-la-devocion-y-la-indiferencia\/ciudad-2\/\" data-orig-file=\"https:\/\/i0.wp.com\/especiales.laprensagrafica.com\/2015\/beatificacion-romero\/wp-content\/uploads\/2015\/05\/ciudad1.jpg?fit=1152%2C768\" data-orig-size=\"1152,768\" data-comments-opened=\"0\" data-image-meta=\"{&quot;aperture&quot;:&quot;0&quot;,&quot;credit&quot;:&quot;&quot;,&quot;camera&quot;:&quot;&quot;,&quot;caption&quot;:&quot;&quot;,&quot;created_timestamp&quot;:&quot;0&quot;,&quot;copyright&quot;:&quot;&quot;,&quot;focal_length&quot;:&quot;0&quot;,&quot;iso&quot;:&quot;0&quot;,&quot;shutter_speed&quot;:&quot;0&quot;,&quot;title&quot;:&quot;&quot;,&quot;orientation&quot;:&quot;0&quot;}\" data-image-title=\"ciudad\" data-image-description=\"\" data-image-caption=\"&lt;p&gt;Una estatua  en el parque central de la ciudad parece dar la bienvenida. La alcald\u00eda dice que respaldar\u00e1 las iniciativas del la Iglesia en lo que se refiere a Romero.&lt;\/p&gt;\n\" data-medium-file=\"https:\/\/i0.wp.com\/especiales.laprensagrafica.com\/2015\/beatificacion-romero\/wp-content\/uploads\/2015\/05\/ciudad1.jpg?fit=300%2C200\" data-large-file=\"https:\/\/i0.wp.com\/especiales.laprensagrafica.com\/2015\/beatificacion-romero\/wp-content\/uploads\/2015\/05\/ciudad1.jpg?fit=1024%2C683\" loading=\"lazy\" class=\"size-full wp-image-22365\" src=\"https:\/\/i0.wp.com\/especiales.laprensagrafica.com\/2015\/beatificacion-romero\/wp-content\/uploads\/2015\/05\/ciudad1.jpg?resize=1152%2C768\" alt=\"Una estatua  en el parque central de la ciudad parece dar la bienvenida. La alcald\u00eda dice que respaldar\u00e1 las iniciativas del la Iglesia en lo que se refiere a Romero.\" width=\"1152\" height=\"768\" srcset=\"https:\/\/i0.wp.com\/especiales.laprensagrafica.com\/2015\/beatificacion-romero\/wp-content\/uploads\/2015\/05\/ciudad1.jpg?w=1152 1152w, https:\/\/i0.wp.com\/especiales.laprensagrafica.com\/2015\/beatificacion-romero\/wp-content\/uploads\/2015\/05\/ciudad1.jpg?resize=300%2C200 300w, https:\/\/i0.wp.com\/especiales.laprensagrafica.com\/2015\/beatificacion-romero\/wp-content\/uploads\/2015\/05\/ciudad1.jpg?resize=1024%2C683 1024w, https:\/\/i0.wp.com\/especiales.laprensagrafica.com\/2015\/beatificacion-romero\/wp-content\/uploads\/2015\/05\/ciudad1.jpg?resize=1140%2C760 1140w, https:\/\/i0.wp.com\/especiales.laprensagrafica.com\/2015\/beatificacion-romero\/wp-content\/uploads\/2015\/05\/ciudad1.jpg?resize=555%2C370 555w, https:\/\/i0.wp.com\/especiales.laprensagrafica.com\/2015\/beatificacion-romero\/wp-content\/uploads\/2015\/05\/ciudad1.jpg?resize=360%2C240 360w, https:\/\/i0.wp.com\/especiales.laprensagrafica.com\/2015\/beatificacion-romero\/wp-content\/uploads\/2015\/05\/ciudad1.jpg?resize=262%2C175 262w\" sizes=\"(max-width: 1152px) 100vw, 1152px\" data-recalc-dims=\"1\" \/><\/a><p id=\"caption-attachment-22365\" class=\"wp-caption-text\">Una estatua en el parque central de la ciudad parece dar la bienvenida. La alcald\u00eda dice que respaldar\u00e1 las iniciativas del la Iglesia en lo que se refiere a Romero.<\/p><\/div>\n<p>En la ciudad queda ya muy poca gente que conoci\u00f3 personalmente y trat\u00f3 de cerca al arzobispo, son personas mayores de 65 a\u00f1os, coincidieron con \u00e9l cuando ya estaba ordenado y sobre todo cuando de San Miguel visitaba su pueblo. Solo Marianita alcanza los 99.<\/p>\n<p>\u2014Yo trabaj\u00e9 con \u00e9l, cuidaba a su mam\u00e1 (Guadalupe de Jes\u00fas), lo conoc\u00ed a \u00e9l.<br \/>\n\u2014\u00a1Ah s\u00ed!, \u00bfy c\u00f3mo era \u00e9l?<br \/>\n\u2014Era serio.<br \/>\n\u2014\u00bfBravo?<br \/>\n\u2014No, bravo no, serio. Solo una vez me rega\u00f1\u00f3.<br \/>\n\u2014De verdad. \u00bfPor qu\u00e9? \u00bfQu\u00e9 le dijo?<br \/>\n\u2014Es que \u00e9l quer\u00eda dormir en la hamaca y yo pas\u00e9 y se la mov\u00ed. \u201cNi\u00f1a, no me muevala hamaca que quiero descansar un momento\u201d, me dijo, y se puso a sonre\u00edr. Perd\u00f3n, le dije, y mejor me retir\u00e9.<br \/>\n\u2014Pero si se re\u00eda, eso no es un rega\u00f1o.<br \/>\n\u2014Para usted no, para m\u00ed s\u00ed es.<\/p>\n<p>La resistencia a la figura del sacerdote tiene mucho que ver, para algunos cat\u00f3licos de los que comparten su credo, con la poblaci\u00f3n de la \u201ciglesia separada\u201d, la que si bien no est\u00e1 cuantificada con exactitud, s\u00ed se ha extendido en los \u00faltimos a\u00f1os al grado de que se contabilizan unas 10 diferentes iglesias de reforma en la ciudad.<\/p>\n<div id=\"attachment_22367\" style=\"width: 1162px\" class=\"wp-caption aligncenter\"><a href=\"https:\/\/i0.wp.com\/especiales.laprensagrafica.com\/2015\/beatificacion-romero\/wp-content\/uploads\/2015\/05\/vista.jpg\"><img aria-describedby=\"caption-attachment-22367\" data-attachment-id=\"22367\" data-permalink=\"http:\/\/especiales.laprensagrafica.com\/2015\/beatificacion-romero\/la-ciudad-del-martir-se-debate-entre-la-devocion-y-la-indiferencia\/vista\/\" data-orig-file=\"https:\/\/i0.wp.com\/especiales.laprensagrafica.com\/2015\/beatificacion-romero\/wp-content\/uploads\/2015\/05\/vista.jpg?fit=1152%2C768\" data-orig-size=\"1152,768\" data-comments-opened=\"0\" data-image-meta=\"{&quot;aperture&quot;:&quot;0&quot;,&quot;credit&quot;:&quot;&quot;,&quot;camera&quot;:&quot;&quot;,&quot;caption&quot;:&quot;&quot;,&quot;created_timestamp&quot;:&quot;0&quot;,&quot;copyright&quot;:&quot;&quot;,&quot;focal_length&quot;:&quot;0&quot;,&quot;iso&quot;:&quot;0&quot;,&quot;shutter_speed&quot;:&quot;0&quot;,&quot;title&quot;:&quot;&quot;,&quot;orientation&quot;:&quot;0&quot;}\" data-image-title=\"vista\" data-image-description=\"\" data-image-caption=\"&lt;p&gt;Vista parcial  de Ciudad Barrios tomada desde la cooperativa cafetalera, terrenos que pertenecieron a la familia Romero.&lt;\/p&gt;\n\" data-medium-file=\"https:\/\/i0.wp.com\/especiales.laprensagrafica.com\/2015\/beatificacion-romero\/wp-content\/uploads\/2015\/05\/vista.jpg?fit=300%2C200\" data-large-file=\"https:\/\/i0.wp.com\/especiales.laprensagrafica.com\/2015\/beatificacion-romero\/wp-content\/uploads\/2015\/05\/vista.jpg?fit=1024%2C683\" loading=\"lazy\" class=\"size-full wp-image-22367\" src=\"https:\/\/i0.wp.com\/especiales.laprensagrafica.com\/2015\/beatificacion-romero\/wp-content\/uploads\/2015\/05\/vista.jpg?resize=1152%2C768\" alt=\"Vista parcial  de Ciudad Barrios tomada desde la cooperativa cafetalera, terrenos que pertenecieron a la familia Romero.\" width=\"1152\" height=\"768\" srcset=\"https:\/\/i0.wp.com\/especiales.laprensagrafica.com\/2015\/beatificacion-romero\/wp-content\/uploads\/2015\/05\/vista.jpg?w=1152 1152w, https:\/\/i0.wp.com\/especiales.laprensagrafica.com\/2015\/beatificacion-romero\/wp-content\/uploads\/2015\/05\/vista.jpg?resize=300%2C200 300w, https:\/\/i0.wp.com\/especiales.laprensagrafica.com\/2015\/beatificacion-romero\/wp-content\/uploads\/2015\/05\/vista.jpg?resize=1024%2C683 1024w, https:\/\/i0.wp.com\/especiales.laprensagrafica.com\/2015\/beatificacion-romero\/wp-content\/uploads\/2015\/05\/vista.jpg?resize=1140%2C760 1140w, https:\/\/i0.wp.com\/especiales.laprensagrafica.com\/2015\/beatificacion-romero\/wp-content\/uploads\/2015\/05\/vista.jpg?resize=555%2C370 555w, https:\/\/i0.wp.com\/especiales.laprensagrafica.com\/2015\/beatificacion-romero\/wp-content\/uploads\/2015\/05\/vista.jpg?resize=360%2C240 360w, https:\/\/i0.wp.com\/especiales.laprensagrafica.com\/2015\/beatificacion-romero\/wp-content\/uploads\/2015\/05\/vista.jpg?resize=262%2C175 262w\" sizes=\"(max-width: 1152px) 100vw, 1152px\" data-recalc-dims=\"1\" \/><\/a><p id=\"caption-attachment-22367\" class=\"wp-caption-text\">Vista parcial de Ciudad Barrios tomada desde la cooperativa cafetalera, terrenos que pertenecieron a la familia Romero.<\/p><\/div>\n<p>Una de las tesis de la gente del Promuseo, una entidad que funciona desde hace 15 a\u00f1os y que en la actualidad busca convertirse en la Asociaci\u00f3n Profeta de mi Tierra, es que todav\u00eda hay mucha politizaci\u00f3n sobre la figura del m\u00e1rtir. En Ciudad Barrios todav\u00eda se colocan banderas en las estatuas de Romero, pero ellos dicen que si piden no hacerlo, obedecen. Tambi\u00e9n el p\u00e1rroco de la ciudad ha solicitado eso.<\/p>\n<p>Otra es que el proceso en la difusi\u00f3n del pensamiento de Romero no ha tenido un proceso \u201csistem\u00e1tico\u201d en la ciudad. Liliana Fuentes, la presidenta de la instituci\u00f3n, asegura que no se ha hecho a\u00fan mucho.<\/p>\n<p>\u2014Tajantemente no se ha hecho nada; estamos conscientes que no han habido recursos, pero tampoco ha habido iniciativa por unificar esfuerzos.<br \/>\nLa iniciativa del Promuseo surge luego de que, en una visita a la ciudad, el obispo auxiliar de San Salvador, monse\u00f1or Gregorio Rosa Ch\u00e1vez, dijo que \u201cera una verg\u00fcenza\u201d que en la ciudad de Monse\u00f1or no se hiciera nada por \u00e9l.<br \/>\nLa indiferencia<br \/>\nJulio \u2013tampoco quiere dar todo su nombre\u2013 se mueve entre los pasillos del Instituto Nacional de Ciudad Barrios, se ve alegre, extrovertido, bromista, pero todo su semblante cambia cuando se le pregunta por el tema de Monse\u00f1or Romero.<br \/>\n\u2014S\u00e9 que algunos j\u00f3venes trabajan algo de eso, que se re\u00fanen, pero yo no voy.<br \/>\n\u2014\u00bfPero sab\u00e9s qui\u00e9n es?<br \/>\n\u2014S\u00ed, es el cura que mataron.<\/p>\n<p>El tono de su respuesta es hasta cortante. Cuando se le pregunta por qu\u00e9 no quiere hablar, dice que no le interesa, un intento m\u00e1s para abordar a sus amigos y hace una se\u00f1al y se alejan en grupo.<br \/>\nFuentes dice que los intentos por desarrollar una tem\u00e1tica en el instituto encuentra mucha resistencia precisamente por el tema religioso. La idea de ellos es que el tema Romero tome car\u00e1cter ecum\u00e9nico, que se valore la obra del hombre, no del sacerdote, pero muchos creen que \u201ces una pila\u201d de los cat\u00f3licos.<\/p>\n<p>Edith Guzm\u00e1n es la maestra de estudios sociales. Admite abiertamente que la instituci\u00f3n no tiene actividades extracurriculares que traten de difundir la historia del sacerdote asesinado.<\/p>\n<p>\u2014Anteriormente se hac\u00eda una semana cultural y se abordaba un poco el tema, pero se dej\u00f3 de hacer. Somos conscientes de que hay que ense\u00f1ar a las nuevas generaciones qui\u00e9n fue \u00e9l y qu\u00e9 hizo.<br \/>\nGuzm\u00e1n asegura que ella particularmente en su asignatura aborda el tema de Romero, pero no puede dar fe si otros maestros de la instituci\u00f3n hacen lo mismo con tal de mostrar la vida y obra del arzobispo nacido en Barrios.<br \/>\nLa ciudad va de contrastes en contrastes y los que lo quieren lo quieren. Marianita dice que se llevaba bien con todo mundo, que no era un hombre problem\u00e1tico y trataba bien a las personas. Suspira, recuerda y deja escapar la frase:<br \/>\n\u2014Bien bonito era.<br \/>\nEn sinton\u00eda con ella est\u00e1 Gilma Olanda Rivas. Para ella Romero es un \u201ctesoro\u201d que naci\u00f3 en su pueblo. Tambi\u00e9n trabaj\u00f3 con la familia de \u00e9l, lo conoci\u00f3 cuando ella ten\u00eda 14 a\u00f1os, lo que m\u00e1s recuerda era la forma coloquial de hablar.<br \/>\n\u2014Mir\u00e1, Gilma, y vos sab\u00e9s cu\u00e1l es el animal enemigo de la serpiente.<br \/>\nDice que le pregunt\u00f3 en una ocasi\u00f3n Romero. Ella extern\u00f3 que ni las serpientes ni otros animales ten\u00edan enemigos.<br \/>\n\u2014Es el sapo, la serpiente lo muerde y cuando lo quiere tragar el sapo se infla y le cuesta tragarlo. As\u00ed es el pecado, entra flaquito y se infla en el cuerpo. As\u00ed pasa.<br \/>\nHablaba con muchas an\u00e9cdotas, dice.<br \/>\n\u2014En Ciudad Barrios no le hemos podido dar el valor que tiene Monse\u00f1or, es una gran joya que naci\u00f3 aqu\u00ed&#8230; Lo tildan de varias cosas, eso es no conocerlo.<br \/>\nGilma asegura que junto con un grupo de mujeres fueron de las primeras en conmemorar el martirio en la ciudad, pero hab\u00eda mucha desconfianza y temor, muchos lo tildaban de \u201cguerrillero\u201d.<br \/>\n\u2014Todav\u00eda hay algunas gentes as\u00ed, para ellos no es alegr\u00eda que lo beatifiquen.<\/p>\n<p>M\u00e1s all\u00e1 del factor que divide a la ciudad por el sacerdote, es innegable que tambi\u00e9n ha sido factor de acuerdo o de b\u00fasqueda por la reconciliaci\u00f3n. Marina Rodr\u00edguez de Alvarado asegura que no todos convergen en su familia con la veneraci\u00f3n a la figura de Romero; de hecho, muchos lo cuestionan, pero ella est\u00e1 clara en que su labor en pro de los que m\u00e1s necesitaban fue debidamente realizada.<\/p>\n<p>No lo conoci\u00f3 directamente, a lo mejor por su simpat\u00eda pol\u00edtica por la derecha o tal vez, como ella misma dice, porque no pasaba mucho tiempo cerca de la iglesia.<br \/>\nPero el tema le interes\u00f3 y comenz\u00f3 a leer su historia y a pesar de tener diferencias con su familia reivindica el trabajo y mensaje del arzobispo.<\/p>\n<p>\u2014Ayud\u00f3 siempre a los m\u00e1s necesitados, eso debe ser reconocido.<br \/>\nLa derecha tom\u00f3 este a\u00f1o la alcald\u00eda de Ciudad Barrios y a pesar de lo que muchos cre\u00edan, el alcalde, Heris Romero, ha dicho que acompa\u00f1ar\u00e1 a la iglesia en lo que sea, en una se\u00f1al de apertura y de que se pueden poner de acuerdo por el m\u00e1rtir.<br \/>\nMarianita se persigna otra vez y se dispone a alejarse de la estatua, repite una vez m\u00e1s que es su santo y que conf\u00eda en \u00e9l.<br \/>\n\u2014Mire, una vez quer\u00eda ir a una excursi\u00f3n a Esquipulas, Guatemala, y no ten\u00eda dinero, y le dije: \u201cMonse\u00f1or, quiero ir y me vas a llevar, y fui, mire, me cumpli\u00f3\u201d.<\/p>\n<p>&nbsp;<\/p>\n","protected":false},"excerpt":{"rendered":"<p>Ciudad Barrios hace esfuerzos para encontrarse alrededor de Monse\u00f1or \u00d3scar Romero, pero faltan esfuerzos y todav\u00eda hay mucha indiferencia hacia la figura del sacerdote. Las iniciativas para difundir el pensamiento e historia del m\u00e1rtir han encontrado resistencia en la sociedad, aun as\u00ed hay algunos puntos de reencuentro que se perfilan positivos. Nadie es profeta en&#8230;<\/p>\n","protected":false},"author":2,"featured_media":22362,"comment_status":"closed","ping_status":"open","sticky":false,"template":"","format":"standard","meta":{"spay_email":"","jetpack_publicize_message":"","jetpack_is_tweetstorm":false,"jetpack_publicize_feature_enabled":true},"categories":[10],"tags":[],"jetpack_publicize_connections":[],"yoast_head":"<!-- This site is optimized with the Yoast SEO plugin v19.1 - https:\/\/yoast.com\/wordpress\/plugins\/seo\/ -->\n<title>La ciudad del m\u00e1rtir se debate  entre la devoci\u00f3n y la indiferencia - Beatificaci\u00f3n de Monse\u00f1or Romero<\/title>\n<meta name=\"robots\" content=\"index, follow, max-snippet:-1, max-image-preview:large, max-video-preview:-1\" \/>\n<link rel=\"canonical\" href=\"http:\/\/especiales.laprensagrafica.com\/2015\/beatificacion-romero\/la-ciudad-del-martir-se-debate-entre-la-devocion-y-la-indiferencia\/\" \/>\n<meta property=\"og:locale\" content=\"es_ES\" \/>\n<meta property=\"og:type\" content=\"article\" \/>\n<meta property=\"og:title\" content=\"La ciudad del m\u00e1rtir se debate  entre la devoci\u00f3n y la indiferencia - Beatificaci\u00f3n de Monse\u00f1or Romero\" \/>\n<meta property=\"og:description\" content=\"Ciudad Barrios hace esfuerzos para encontrarse alrededor de Monse\u00f1or \u00d3scar Romero, pero faltan esfuerzos y todav\u00eda hay mucha indiferencia hacia la figura del sacerdote. Las iniciativas para difundir el pensamiento e historia del m\u00e1rtir han encontrado resistencia en la sociedad, aun as\u00ed hay algunos puntos de reencuentro que se perfilan positivos. Nadie es profeta en...\" \/>\n<meta property=\"og:url\" content=\"http:\/\/especiales.laprensagrafica.com\/2015\/beatificacion-romero\/la-ciudad-del-martir-se-debate-entre-la-devocion-y-la-indiferencia\/\" \/>\n<meta property=\"og:site_name\" content=\"Beatificaci\u00f3n de Monse\u00f1or Romero\" \/>\n<meta property=\"article:publisher\" content=\"https:\/\/www.facebook.com\/lpg.laprensagrafica\" \/>\n<meta property=\"article:published_time\" content=\"2015-05-19T03:18:54+00:00\" \/>\n<meta property=\"article:modified_time\" content=\"2015-05-20T23:46:26+00:00\" \/>\n<meta property=\"og:image\" content=\"https:\/\/i0.wp.com\/especiales.laprensagrafica.com\/2015\/beatificacion-romero\/wp-content\/uploads\/2015\/05\/ciudad.jpg?fit=1152%2C768\" \/>\n\t<meta property=\"og:image:width\" content=\"1152\" \/>\n\t<meta property=\"og:image:height\" content=\"768\" \/>\n\t<meta property=\"og:image:type\" content=\"image\/jpeg\" \/>\n<meta name=\"twitter:card\" content=\"summary_large_image\" \/>\n<meta name=\"twitter:creator\" content=\"@prensagrafica\" \/>\n<meta name=\"twitter:site\" content=\"@prensagrafica\" \/>\n<meta name=\"twitter:label1\" content=\"Escrito por\" \/>\n\t<meta name=\"twitter:data1\" content=\"La Prensa Gr\u00e1fica\" \/>\n\t<meta name=\"twitter:label2\" content=\"Tiempo de lectura\" \/>\n\t<meta name=\"twitter:data2\" content=\"8 minutos\" \/>\n<script type=\"application\/ld+json\" class=\"yoast-schema-graph\">{\"@context\":\"https:\/\/schema.org\",\"@graph\":[{\"@type\":\"WebSite\",\"@id\":\"http:\/\/especiales.laprensagrafica.com\/2015\/beatificacion-romero\/#website\",\"url\":\"http:\/\/especiales.laprensagrafica.com\/2015\/beatificacion-romero\/\",\"name\":\"Beatificaci\u00f3n de Monse\u00f1or Romero\",\"description\":\"Sitio especial de La Prensa Gr\u00e1fica\",\"potentialAction\":[{\"@type\":\"SearchAction\",\"target\":{\"@type\":\"EntryPoint\",\"urlTemplate\":\"http:\/\/especiales.laprensagrafica.com\/2015\/beatificacion-romero\/?s={search_term_string}\"},\"query-input\":\"required name=search_term_string\"}],\"inLanguage\":\"es\"},{\"@type\":\"ImageObject\",\"inLanguage\":\"es\",\"@id\":\"http:\/\/especiales.laprensagrafica.com\/2015\/beatificacion-romero\/la-ciudad-del-martir-se-debate-entre-la-devocion-y-la-indiferencia\/#primaryimage\",\"url\":\"https:\/\/i0.wp.com\/especiales.laprensagrafica.com\/2015\/beatificacion-romero\/wp-content\/uploads\/2015\/05\/ciudad.jpg?fit=1152%2C768\",\"contentUrl\":\"https:\/\/i0.wp.com\/especiales.laprensagrafica.com\/2015\/beatificacion-romero\/wp-content\/uploads\/2015\/05\/ciudad.jpg?fit=1152%2C768\",\"width\":1152,\"height\":768,\"caption\":\"Un busto de Monse\u00f1or Romero en la iglesia de Ciudad Barrios contrasta con la estatua en el parque de la comunidad.\"},{\"@type\":\"WebPage\",\"@id\":\"http:\/\/especiales.laprensagrafica.com\/2015\/beatificacion-romero\/la-ciudad-del-martir-se-debate-entre-la-devocion-y-la-indiferencia\/#webpage\",\"url\":\"http:\/\/especiales.laprensagrafica.com\/2015\/beatificacion-romero\/la-ciudad-del-martir-se-debate-entre-la-devocion-y-la-indiferencia\/\",\"name\":\"La ciudad del m\u00e1rtir se debate entre la devoci\u00f3n y la indiferencia - Beatificaci\u00f3n de Monse\u00f1or Romero\",\"isPartOf\":{\"@id\":\"http:\/\/especiales.laprensagrafica.com\/2015\/beatificacion-romero\/#website\"},\"primaryImageOfPage\":{\"@id\":\"http:\/\/especiales.laprensagrafica.com\/2015\/beatificacion-romero\/la-ciudad-del-martir-se-debate-entre-la-devocion-y-la-indiferencia\/#primaryimage\"},\"datePublished\":\"2015-05-19T03:18:54+00:00\",\"dateModified\":\"2015-05-20T23:46:26+00:00\",\"author\":{\"@id\":\"http:\/\/especiales.laprensagrafica.com\/2015\/beatificacion-romero\/#\/schema\/person\/195e57920dc03bd3c121c05ffecc12fe\"},\"breadcrumb\":{\"@id\":\"http:\/\/especiales.laprensagrafica.com\/2015\/beatificacion-romero\/la-ciudad-del-martir-se-debate-entre-la-devocion-y-la-indiferencia\/#breadcrumb\"},\"inLanguage\":\"es\",\"potentialAction\":[{\"@type\":\"ReadAction\",\"target\":[\"http:\/\/especiales.laprensagrafica.com\/2015\/beatificacion-romero\/la-ciudad-del-martir-se-debate-entre-la-devocion-y-la-indiferencia\/\"]}]},{\"@type\":\"BreadcrumbList\",\"@id\":\"http:\/\/especiales.laprensagrafica.com\/2015\/beatificacion-romero\/la-ciudad-del-martir-se-debate-entre-la-devocion-y-la-indiferencia\/#breadcrumb\",\"itemListElement\":[{\"@type\":\"ListItem\",\"position\":1,\"name\":\"Portada\",\"item\":\"http:\/\/especiales.laprensagrafica.com\/2015\/beatificacion-romero\/\"},{\"@type\":\"ListItem\",\"position\":2,\"name\":\"La ciudad del m\u00e1rtir se debate entre la devoci\u00f3n y la indiferencia\"}]},{\"@type\":\"Person\",\"@id\":\"http:\/\/especiales.laprensagrafica.com\/2015\/beatificacion-romero\/#\/schema\/person\/195e57920dc03bd3c121c05ffecc12fe\",\"name\":\"La Prensa Gr\u00e1fica\",\"image\":{\"@type\":\"ImageObject\",\"inLanguage\":\"es\",\"@id\":\"http:\/\/especiales.laprensagrafica.com\/2015\/beatificacion-romero\/#\/schema\/person\/image\/\",\"url\":\"http:\/\/1.gravatar.com\/avatar\/1b7223dbf769f6deb42a4acb28f6999c?s=96&d=mm&r=g\",\"contentUrl\":\"http:\/\/1.gravatar.com\/avatar\/1b7223dbf769f6deb42a4acb28f6999c?s=96&d=mm&r=g\",\"caption\":\"La Prensa Gr\u00e1fica\"},\"sameAs\":[\"http:\/\/laprensagrafica.com\"],\"url\":\"http:\/\/especiales.laprensagrafica.com\/2015\/beatificacion-romero\/author\/laprensagrafica\/\"}]}<\/script>\n<!-- \/ Yoast SEO plugin. -->","yoast_head_json":{"title":"La ciudad del m\u00e1rtir se debate  entre la devoci\u00f3n y la indiferencia - Beatificaci\u00f3n de Monse\u00f1or Romero","robots":{"index":"index","follow":"follow","max-snippet":"max-snippet:-1","max-image-preview":"max-image-preview:large","max-video-preview":"max-video-preview:-1"},"canonical":"http:\/\/especiales.laprensagrafica.com\/2015\/beatificacion-romero\/la-ciudad-del-martir-se-debate-entre-la-devocion-y-la-indiferencia\/","og_locale":"es_ES","og_type":"article","og_title":"La ciudad del m\u00e1rtir se debate  entre la devoci\u00f3n y la indiferencia - Beatificaci\u00f3n de Monse\u00f1or Romero","og_description":"Ciudad Barrios hace esfuerzos para encontrarse alrededor de Monse\u00f1or \u00d3scar Romero, pero faltan esfuerzos y todav\u00eda hay mucha indiferencia hacia la figura del sacerdote. Las iniciativas para difundir el pensamiento e historia del m\u00e1rtir han encontrado resistencia en la sociedad, aun as\u00ed hay algunos puntos de reencuentro que se perfilan positivos. Nadie es profeta en...","og_url":"http:\/\/especiales.laprensagrafica.com\/2015\/beatificacion-romero\/la-ciudad-del-martir-se-debate-entre-la-devocion-y-la-indiferencia\/","og_site_name":"Beatificaci\u00f3n de Monse\u00f1or Romero","article_publisher":"https:\/\/www.facebook.com\/lpg.laprensagrafica","article_published_time":"2015-05-19T03:18:54+00:00","article_modified_time":"2015-05-20T23:46:26+00:00","og_image":[{"width":1152,"height":768,"url":"https:\/\/i0.wp.com\/especiales.laprensagrafica.com\/2015\/beatificacion-romero\/wp-content\/uploads\/2015\/05\/ciudad.jpg?fit=1152%2C768","type":"image\/jpeg"}],"twitter_card":"summary_large_image","twitter_creator":"@prensagrafica","twitter_site":"@prensagrafica","twitter_misc":{"Escrito por":"La Prensa Gr\u00e1fica","Tiempo de lectura":"8 minutos"},"schema":{"@context":"https:\/\/schema.org","@graph":[{"@type":"WebSite","@id":"http:\/\/especiales.laprensagrafica.com\/2015\/beatificacion-romero\/#website","url":"http:\/\/especiales.laprensagrafica.com\/2015\/beatificacion-romero\/","name":"Beatificaci\u00f3n de Monse\u00f1or Romero","description":"Sitio especial de La Prensa Gr\u00e1fica","potentialAction":[{"@type":"SearchAction","target":{"@type":"EntryPoint","urlTemplate":"http:\/\/especiales.laprensagrafica.com\/2015\/beatificacion-romero\/?s={search_term_string}"},"query-input":"required name=search_term_string"}],"inLanguage":"es"},{"@type":"ImageObject","inLanguage":"es","@id":"http:\/\/especiales.laprensagrafica.com\/2015\/beatificacion-romero\/la-ciudad-del-martir-se-debate-entre-la-devocion-y-la-indiferencia\/#primaryimage","url":"https:\/\/i0.wp.com\/especiales.laprensagrafica.com\/2015\/beatificacion-romero\/wp-content\/uploads\/2015\/05\/ciudad.jpg?fit=1152%2C768","contentUrl":"https:\/\/i0.wp.com\/especiales.laprensagrafica.com\/2015\/beatificacion-romero\/wp-content\/uploads\/2015\/05\/ciudad.jpg?fit=1152%2C768","width":1152,"height":768,"caption":"Un busto de Monse\u00f1or Romero en la iglesia de Ciudad Barrios contrasta con la estatua en el parque de la comunidad."},{"@type":"WebPage","@id":"http:\/\/especiales.laprensagrafica.com\/2015\/beatificacion-romero\/la-ciudad-del-martir-se-debate-entre-la-devocion-y-la-indiferencia\/#webpage","url":"http:\/\/especiales.laprensagrafica.com\/2015\/beatificacion-romero\/la-ciudad-del-martir-se-debate-entre-la-devocion-y-la-indiferencia\/","name":"La ciudad del m\u00e1rtir se debate entre la devoci\u00f3n y la indiferencia - Beatificaci\u00f3n de Monse\u00f1or Romero","isPartOf":{"@id":"http:\/\/especiales.laprensagrafica.com\/2015\/beatificacion-romero\/#website"},"primaryImageOfPage":{"@id":"http:\/\/especiales.laprensagrafica.com\/2015\/beatificacion-romero\/la-ciudad-del-martir-se-debate-entre-la-devocion-y-la-indiferencia\/#primaryimage"},"datePublished":"2015-05-19T03:18:54+00:00","dateModified":"2015-05-20T23:46:26+00:00","author":{"@id":"http:\/\/especiales.laprensagrafica.com\/2015\/beatificacion-romero\/#\/schema\/person\/195e57920dc03bd3c121c05ffecc12fe"},"breadcrumb":{"@id":"http:\/\/especiales.laprensagrafica.com\/2015\/beatificacion-romero\/la-ciudad-del-martir-se-debate-entre-la-devocion-y-la-indiferencia\/#breadcrumb"},"inLanguage":"es","potentialAction":[{"@type":"ReadAction","target":["http:\/\/especiales.laprensagrafica.com\/2015\/beatificacion-romero\/la-ciudad-del-martir-se-debate-entre-la-devocion-y-la-indiferencia\/"]}]},{"@type":"BreadcrumbList","@id":"http:\/\/especiales.laprensagrafica.com\/2015\/beatificacion-romero\/la-ciudad-del-martir-se-debate-entre-la-devocion-y-la-indiferencia\/#breadcrumb","itemListElement":[{"@type":"ListItem","position":1,"name":"Portada","item":"http:\/\/especiales.laprensagrafica.com\/2015\/beatificacion-romero\/"},{"@type":"ListItem","position":2,"name":"La ciudad del m\u00e1rtir se debate entre la devoci\u00f3n y la indiferencia"}]},{"@type":"Person","@id":"http:\/\/especiales.laprensagrafica.com\/2015\/beatificacion-romero\/#\/schema\/person\/195e57920dc03bd3c121c05ffecc12fe","name":"La Prensa Gr\u00e1fica","image":{"@type":"ImageObject","inLanguage":"es","@id":"http:\/\/especiales.laprensagrafica.com\/2015\/beatificacion-romero\/#\/schema\/person\/image\/","url":"http:\/\/1.gravatar.com\/avatar\/1b7223dbf769f6deb42a4acb28f6999c?s=96&d=mm&r=g","contentUrl":"http:\/\/1.gravatar.com\/avatar\/1b7223dbf769f6deb42a4acb28f6999c?s=96&d=mm&r=g","caption":"La Prensa Gr\u00e1fica"},"sameAs":["http:\/\/laprensagrafica.com"],"url":"http:\/\/especiales.laprensagrafica.com\/2015\/beatificacion-romero\/author\/laprensagrafica\/"}]}},"jetpack_featured_media_url":"https:\/\/i0.wp.com\/especiales.laprensagrafica.com\/2015\/beatificacion-romero\/wp-content\/uploads\/2015\/05\/ciudad.jpg?fit=1152%2C768","jetpack_sharing_enabled":true,"jetpack_shortlink":"https:\/\/wp.me\/p6bKPR-5OE","jetpack-related-posts":[{"id":81,"url":"http:\/\/especiales.laprensagrafica.com\/2015\/beatificacion-romero\/instalaran-pantalla-en-c-barrios-para-transmitir-beatificacion\/","url_meta":{"origin":22360,"position":0},"title":"Instalar\u00e1n pantalla en C. Barrios para transmitir beatificaci\u00f3n","date":"13 mayo, 2015","format":false,"excerpt":"La ciudad es la cuna de Monse\u00f1or \u00d3scar Arnulfo Romero. La comunidad cat\u00f3lica del municipio de Ciudad Barrios (San Miguel) podr\u00e1\u00a0 presenciar la ceremonia de beatificaci\u00f3n del m\u00e1rtir y obispo Monse\u00f1or \u00d3scar Arnulfo Romero y Gald\u00e1mez, mediante una pantalla gigante que ser\u00e1 colocada al frente de la Parroquia Santiago Ap\u00f3stol.\u2026","rel":"","context":"En \u00abNoticias\u00bb","img":{"alt_text":"","src":"https:\/\/i0.wp.com\/especiales.laprensagrafica.com\/2015\/beatificacion-romero\/wp-content\/uploads\/2015\/05\/22.jpg?fit=618%2C464&resize=350%2C200","width":350,"height":200},"classes":[]},{"id":41,"url":"http:\/\/especiales.laprensagrafica.com\/2015\/beatificacion-romero\/jubilo-en-ciudad-barrios-por-noticia-de-aceptacion-martirio-de-mons-romero\/","url_meta":{"origin":22360,"position":1},"title":"J\u00fabilo en Ciudad Barrios por noticia de aceptaci\u00f3n martirio de Mons. Romero","date":"3 febrero, 2015","format":false,"excerpt":"En las calles de Ciudad Barrios no se hablaba de otra cosa: El Papa Francisco anunci\u00f3 la aceptaci\u00f3n oficial del martirio de Monse\u00f1or Oscar Arnulfo Romero, oriundo del lugar. En las calles de Ciudad Barrios no se hablaba de otra cosa: El Papa Francisco anunci\u00f3 la aceptaci\u00f3n oficial del martirio\u2026","rel":"","context":"En \u00abNoticias\u00bb","img":{"alt_text":"","src":"https:\/\/i0.wp.com\/especiales.laprensagrafica.com\/2015\/beatificacion-romero\/wp-content\/uploads\/2015\/02\/03.jpg?fit=618%2C347&resize=350%2C200","width":350,"height":200},"classes":[]},{"id":22739,"url":"http:\/\/especiales.laprensagrafica.com\/2015\/beatificacion-romero\/campanas-de-alegria-en-c-barrios-por-su-beato\/","url_meta":{"origin":22360,"position":2},"title":"Campanas de alegr\u00eda en  C. Barrios por su beato","date":"24 mayo, 2015","format":false,"excerpt":"La ciudad estuvo tranquila, ya que muchos viajaron para poder participar en la ceremonia que elev\u00f3 a los altares a uno de sus hijos. Liliana Fuentes Monroy Repiques de campanas y la explosi\u00f3n de algunos cohetes se escucharon ayer en Ciudad Barrios, San Miguel, cuando \u00d3scar Arnulfo Romero Gald\u00e1mez, nacido\u2026","rel":"","context":"En \u00abNoticias\u00bb","img":{"alt_text":"","src":"https:\/\/i0.wp.com\/especiales.laprensagrafica.com\/2015\/beatificacion-romero\/wp-content\/uploads\/2015\/05\/fdpt24052015lfrom06.jpg?fit=1200%2C956&resize=350%2C200","width":350,"height":200},"classes":[]},{"id":22641,"url":"http:\/\/especiales.laprensagrafica.com\/2015\/beatificacion-romero\/c-barrios-dice-presente-con-400-enviados\/","url_meta":{"origin":22360,"position":3},"title":"C. Barrios dice presente con 400 enviados","date":"23 mayo, 2015","format":false,"excerpt":"Algunos devotos ya se congregan en la iglesia para rendir culto al beato Monse\u00f1or \u00d3scar Arnulfo Romero. El parque central de Ciudad Barrios era remozado, los colores amarillo y blanco que luce el templo parroquial tambi\u00e9n los tendr\u00e1 el lugar, es como hacer un juego arm\u00f3nico en esos dos rostros\u2026","rel":"","context":"En \u00abNoticias\u00bb","img":{"alt_text":"","src":"https:\/\/i0.wp.com\/especiales.laprensagrafica.com\/2015\/beatificacion-romero\/wp-content\/uploads\/2015\/05\/fnac23052015lfrom04.jpg?fit=1057%2C1200&resize=350%2C200","width":350,"height":200},"classes":[]},{"id":22770,"url":"http:\/\/especiales.laprensagrafica.com\/2015\/beatificacion-romero\/orgullo-familiar-en-la-fiesta-del-obispo-martir\/","url_meta":{"origin":22360,"position":4},"title":"Orgullo familiar en la fiesta del obispo m\u00e1rtir","date":"24 mayo, 2015","format":false,"excerpt":"Hermanos, sobrinos, familia de Monse\u00f1or \u00d3scar Arnulfo Romero vivieron con j\u00fabilo el reconocimiento oficial m\u00e1s importante que ha recibido el ahora beato de la Iglesia. Claudia Ram\u00edrez\/C\u00e9sar Castro\/Mario Paz \u201cNo es la primera vez que digo que en ese momento quiz\u00e1 solo nosotros, los m\u00e1s cercanos, sab\u00edamos la clase de\u2026","rel":"","context":"En \u00abNoticias\u00bb","img":{"alt_text":"","src":"https:\/\/i0.wp.com\/especiales.laprensagrafica.com\/2015\/beatificacion-romero\/wp-content\/uploads\/2015\/05\/fnac24052015corgas01.jpg?fit=1008%2C672&resize=350%2C200","width":350,"height":200},"classes":[]},{"id":22405,"url":"http:\/\/especiales.laprensagrafica.com\/2015\/beatificacion-romero\/peregrinos-por-monsenor-romero\/","url_meta":{"origin":22360,"position":5},"title":"Peregrinos por Monse\u00f1or Romero","date":"21 mayo, 2015","format":false,"excerpt":"Distintos viajeros han empezado a acercarse a El Salvador para celebrar la beatificaci\u00f3n de Monse\u00f1or \u00d3scar Arnulfo Romero. Sus pertenencias forman parte del inter\u00e9s de los visitantes, en especial la camisa del martirio. Flor Ca\u00f1as\/Nancy Alonzo \u201cNo \u00edbamos a venir m\u00e1s, pero Monse\u00f1or nos jal\u00f3 la oreja y nos dice:\u2026","rel":"","context":"En \u00abNoticias\u00bb","img":{"alt_text":"","src":"https:\/\/i0.wp.com\/especiales.laprensagrafica.com\/2015\/beatificacion-romero\/wp-content\/uploads\/2015\/05\/fnac21052015bmrom06.jpg?fit=1140%2C927&resize=350%2C200","width":350,"height":200},"classes":[]}],"_links":{"self":[{"href":"http:\/\/especiales.laprensagrafica.com\/2015\/beatificacion-romero\/wp-json\/wp\/v2\/posts\/22360"}],"collection":[{"href":"http:\/\/especiales.laprensagrafica.com\/2015\/beatificacion-romero\/wp-json\/wp\/v2\/posts"}],"about":[{"href":"http:\/\/especiales.laprensagrafica.com\/2015\/beatificacion-romero\/wp-json\/wp\/v2\/types\/post"}],"author":[{"embeddable":true,"href":"http:\/\/especiales.laprensagrafica.com\/2015\/beatificacion-romero\/wp-json\/wp\/v2\/users\/2"}],"replies":[{"embeddable":true,"href":"http:\/\/especiales.laprensagrafica.com\/2015\/beatificacion-romero\/wp-json\/wp\/v2\/comments?post=22360"}],"version-history":[{"count":4,"href":"http:\/\/especiales.laprensagrafica.com\/2015\/beatificacion-romero\/wp-json\/wp\/v2\/posts\/22360\/revisions"}],"predecessor-version":[{"id":22374,"href":"http:\/\/especiales.laprensagrafica.com\/2015\/beatificacion-romero\/wp-json\/wp\/v2\/posts\/22360\/revisions\/22374"}],"wp:featuredmedia":[{"embeddable":true,"href":"http:\/\/especiales.laprensagrafica.com\/2015\/beatificacion-romero\/wp-json\/wp\/v2\/media\/22362"}],"wp:attachment":[{"href":"http:\/\/especiales.laprensagrafica.com\/2015\/beatificacion-romero\/wp-json\/wp\/v2\/media?parent=22360"}],"wp:term":[{"taxonomy":"category","embeddable":true,"href":"http:\/\/especiales.laprensagrafica.com\/2015\/beatificacion-romero\/wp-json\/wp\/v2\/categories?post=22360"},{"taxonomy":"post_tag","embeddable":true,"href":"http:\/\/especiales.laprensagrafica.com\/2015\/beatificacion-romero\/wp-json\/wp\/v2\/tags?post=22360"}],"curies":[{"name":"wp","href":"https:\/\/api.w.org\/{rel}","templated":true}]}}