{"id":22369,"date":"2015-05-18T21:38:45","date_gmt":"2015-05-19T03:38:45","guid":{"rendered":"http:\/\/especiales.laprensagrafica.com\/2015\/beatificacion-romero\/?p=22369"},"modified":"2015-05-20T17:54:31","modified_gmt":"2015-05-20T23:54:31","slug":"una-familia-numerosa","status":"publish","type":"post","link":"http:\/\/especiales.laprensagrafica.com\/2015\/beatificacion-romero\/una-familia-numerosa\/","title":{"rendered":"Una familia numerosa"},"content":{"rendered":"<p>Monse\u00f1or Romero fue el tercero de ocho hermanos procreado por los esposos Santos Romero y Guadalupe Gald\u00e1mez. Dos de ellos Aminta y R\u00f3mulo, murieron j\u00f3venes y sin hijos. El resto s\u00ed tuvo descendencia y le dio a Monse\u00f1or 17 sobrinos que siguen acrecentando la familia. Hoy en d\u00eda, solo dos de sus hermanos permanecen con vida: Tiberio, de 88 a\u00f1os y Gaspar, el menor, de 86 a\u00f1os.<\/p>\n<div data-configid=\"0\/12954884\" style=\"width: 1260px; height: 742px;\" class=\"issuuembed\"><\/div>\n<p><script type=\"text\/javascript\" src=\"\/\/e.issuu.com\/embed.js\" async=\"true\"><\/script><\/p>\n","protected":false},"excerpt":{"rendered":"<p>Monse\u00f1or Romero fue el tercero de ocho hermanos procreado por los esposos Santos Romero y Guadalupe Gald\u00e1mez. Dos de ellos Aminta y R\u00f3mulo, murieron j\u00f3venes y sin hijos. El resto s\u00ed tuvo descendencia y le dio a Monse\u00f1or 17 sobrinos que siguen acrecentando la familia. Hoy en d\u00eda, solo dos de sus hermanos permanecen con&#8230;<\/p>\n","protected":false},"author":2,"featured_media":22395,"comment_status":"closed","ping_status":"open","sticky":false,"template":"","format":"standard","meta":{"spay_email":"","jetpack_publicize_message":"","jetpack_is_tweetstorm":false,"jetpack_publicize_feature_enabled":true},"categories":[10],"tags":[],"jetpack_publicize_connections":[],"yoast_head":"<!-- This site is optimized with the Yoast SEO plugin v19.1 - https:\/\/yoast.com\/wordpress\/plugins\/seo\/ -->\n<title>Una familia numerosa - Beatificaci\u00f3n de Monse\u00f1or Romero<\/title>\n<meta name=\"robots\" content=\"index, follow, max-snippet:-1, max-image-preview:large, max-video-preview:-1\" \/>\n<link rel=\"canonical\" href=\"http:\/\/especiales.laprensagrafica.com\/2015\/beatificacion-romero\/una-familia-numerosa\/\" \/>\n<meta property=\"og:locale\" content=\"es_ES\" \/>\n<meta property=\"og:type\" content=\"article\" \/>\n<meta property=\"og:title\" content=\"Una familia numerosa - Beatificaci\u00f3n de Monse\u00f1or Romero\" \/>\n<meta property=\"og:description\" content=\"Monse\u00f1or Romero fue el tercero de ocho hermanos procreado por los esposos Santos Romero y Guadalupe Gald\u00e1mez. Dos de ellos Aminta y R\u00f3mulo, murieron j\u00f3venes y sin hijos. El resto s\u00ed tuvo descendencia y le dio a Monse\u00f1or 17 sobrinos que siguen acrecentando la familia. Hoy en d\u00eda, solo dos de sus hermanos permanecen con...\" \/>\n<meta property=\"og:url\" content=\"http:\/\/especiales.laprensagrafica.com\/2015\/beatificacion-romero\/una-familia-numerosa\/\" \/>\n<meta property=\"og:site_name\" content=\"Beatificaci\u00f3n de Monse\u00f1or Romero\" \/>\n<meta property=\"article:publisher\" content=\"https:\/\/www.facebook.com\/lpg.laprensagrafica\" \/>\n<meta property=\"article:published_time\" content=\"2015-05-19T03:38:45+00:00\" \/>\n<meta property=\"article:modified_time\" content=\"2015-05-20T23:54:31+00:00\" \/>\n<meta property=\"og:image\" content=\"https:\/\/i0.wp.com\/especiales.laprensagrafica.com\/2015\/beatificacion-romero\/wp-content\/uploads\/2015\/05\/romero-familia1.jpg?fit=1382%2C623\" \/>\n\t<meta property=\"og:image:width\" content=\"1382\" \/>\n\t<meta property=\"og:image:height\" content=\"623\" \/>\n\t<meta property=\"og:image:type\" content=\"image\/jpeg\" \/>\n<meta name=\"twitter:card\" content=\"summary_large_image\" \/>\n<meta name=\"twitter:creator\" content=\"@prensagrafica\" \/>\n<meta name=\"twitter:site\" content=\"@prensagrafica\" \/>\n<meta name=\"twitter:label1\" content=\"Escrito por\" \/>\n\t<meta name=\"twitter:data1\" content=\"La Prensa Gr\u00e1fica\" \/>\n<script type=\"application\/ld+json\" class=\"yoast-schema-graph\">{\"@context\":\"https:\/\/schema.org\",\"@graph\":[{\"@type\":\"WebSite\",\"@id\":\"http:\/\/especiales.laprensagrafica.com\/2015\/beatificacion-romero\/#website\",\"url\":\"http:\/\/especiales.laprensagrafica.com\/2015\/beatificacion-romero\/\",\"name\":\"Beatificaci\u00f3n de Monse\u00f1or Romero\",\"description\":\"Sitio especial de La Prensa Gr\u00e1fica\",\"potentialAction\":[{\"@type\":\"SearchAction\",\"target\":{\"@type\":\"EntryPoint\",\"urlTemplate\":\"http:\/\/especiales.laprensagrafica.com\/2015\/beatificacion-romero\/?s={search_term_string}\"},\"query-input\":\"required name=search_term_string\"}],\"inLanguage\":\"es\"},{\"@type\":\"ImageObject\",\"inLanguage\":\"es\",\"@id\":\"http:\/\/especiales.laprensagrafica.com\/2015\/beatificacion-romero\/una-familia-numerosa\/#primaryimage\",\"url\":\"https:\/\/i0.wp.com\/especiales.laprensagrafica.com\/2015\/beatificacion-romero\/wp-content\/uploads\/2015\/05\/romero-familia1.jpg?fit=1382%2C623\",\"contentUrl\":\"https:\/\/i0.wp.com\/especiales.laprensagrafica.com\/2015\/beatificacion-romero\/wp-content\/uploads\/2015\/05\/romero-familia1.jpg?fit=1382%2C623\",\"width\":1382,\"height\":623},{\"@type\":\"WebPage\",\"@id\":\"http:\/\/especiales.laprensagrafica.com\/2015\/beatificacion-romero\/una-familia-numerosa\/#webpage\",\"url\":\"http:\/\/especiales.laprensagrafica.com\/2015\/beatificacion-romero\/una-familia-numerosa\/\",\"name\":\"Una familia numerosa - Beatificaci\u00f3n de Monse\u00f1or Romero\",\"isPartOf\":{\"@id\":\"http:\/\/especiales.laprensagrafica.com\/2015\/beatificacion-romero\/#website\"},\"primaryImageOfPage\":{\"@id\":\"http:\/\/especiales.laprensagrafica.com\/2015\/beatificacion-romero\/una-familia-numerosa\/#primaryimage\"},\"datePublished\":\"2015-05-19T03:38:45+00:00\",\"dateModified\":\"2015-05-20T23:54:31+00:00\",\"author\":{\"@id\":\"http:\/\/especiales.laprensagrafica.com\/2015\/beatificacion-romero\/#\/schema\/person\/195e57920dc03bd3c121c05ffecc12fe\"},\"breadcrumb\":{\"@id\":\"http:\/\/especiales.laprensagrafica.com\/2015\/beatificacion-romero\/una-familia-numerosa\/#breadcrumb\"},\"inLanguage\":\"es\",\"potentialAction\":[{\"@type\":\"ReadAction\",\"target\":[\"http:\/\/especiales.laprensagrafica.com\/2015\/beatificacion-romero\/una-familia-numerosa\/\"]}]},{\"@type\":\"BreadcrumbList\",\"@id\":\"http:\/\/especiales.laprensagrafica.com\/2015\/beatificacion-romero\/una-familia-numerosa\/#breadcrumb\",\"itemListElement\":[{\"@type\":\"ListItem\",\"position\":1,\"name\":\"Portada\",\"item\":\"http:\/\/especiales.laprensagrafica.com\/2015\/beatificacion-romero\/\"},{\"@type\":\"ListItem\",\"position\":2,\"name\":\"Una familia numerosa\"}]},{\"@type\":\"Person\",\"@id\":\"http:\/\/especiales.laprensagrafica.com\/2015\/beatificacion-romero\/#\/schema\/person\/195e57920dc03bd3c121c05ffecc12fe\",\"name\":\"La Prensa Gr\u00e1fica\",\"image\":{\"@type\":\"ImageObject\",\"inLanguage\":\"es\",\"@id\":\"http:\/\/especiales.laprensagrafica.com\/2015\/beatificacion-romero\/#\/schema\/person\/image\/\",\"url\":\"http:\/\/1.gravatar.com\/avatar\/1b7223dbf769f6deb42a4acb28f6999c?s=96&d=mm&r=g\",\"contentUrl\":\"http:\/\/1.gravatar.com\/avatar\/1b7223dbf769f6deb42a4acb28f6999c?s=96&d=mm&r=g\",\"caption\":\"La Prensa Gr\u00e1fica\"},\"sameAs\":[\"http:\/\/laprensagrafica.com\"],\"url\":\"http:\/\/especiales.laprensagrafica.com\/2015\/beatificacion-romero\/author\/laprensagrafica\/\"}]}<\/script>\n<!-- \/ Yoast SEO plugin. -->","yoast_head_json":{"title":"Una familia numerosa - Beatificaci\u00f3n de Monse\u00f1or Romero","robots":{"index":"index","follow":"follow","max-snippet":"max-snippet:-1","max-image-preview":"max-image-preview:large","max-video-preview":"max-video-preview:-1"},"canonical":"http:\/\/especiales.laprensagrafica.com\/2015\/beatificacion-romero\/una-familia-numerosa\/","og_locale":"es_ES","og_type":"article","og_title":"Una familia numerosa - Beatificaci\u00f3n de Monse\u00f1or Romero","og_description":"Monse\u00f1or Romero fue el tercero de ocho hermanos procreado por los esposos Santos Romero y Guadalupe Gald\u00e1mez. Dos de ellos Aminta y R\u00f3mulo, murieron j\u00f3venes y sin hijos. El resto s\u00ed tuvo descendencia y le dio a Monse\u00f1or 17 sobrinos que siguen acrecentando la familia. Hoy en d\u00eda, solo dos de sus hermanos permanecen con...","og_url":"http:\/\/especiales.laprensagrafica.com\/2015\/beatificacion-romero\/una-familia-numerosa\/","og_site_name":"Beatificaci\u00f3n de Monse\u00f1or Romero","article_publisher":"https:\/\/www.facebook.com\/lpg.laprensagrafica","article_published_time":"2015-05-19T03:38:45+00:00","article_modified_time":"2015-05-20T23:54:31+00:00","og_image":[{"width":1382,"height":623,"url":"https:\/\/i0.wp.com\/especiales.laprensagrafica.com\/2015\/beatificacion-romero\/wp-content\/uploads\/2015\/05\/romero-familia1.jpg?fit=1382%2C623","type":"image\/jpeg"}],"twitter_card":"summary_large_image","twitter_creator":"@prensagrafica","twitter_site":"@prensagrafica","twitter_misc":{"Escrito por":"La Prensa Gr\u00e1fica"},"schema":{"@context":"https:\/\/schema.org","@graph":[{"@type":"WebSite","@id":"http:\/\/especiales.laprensagrafica.com\/2015\/beatificacion-romero\/#website","url":"http:\/\/especiales.laprensagrafica.com\/2015\/beatificacion-romero\/","name":"Beatificaci\u00f3n de Monse\u00f1or Romero","description":"Sitio especial de La Prensa Gr\u00e1fica","potentialAction":[{"@type":"SearchAction","target":{"@type":"EntryPoint","urlTemplate":"http:\/\/especiales.laprensagrafica.com\/2015\/beatificacion-romero\/?s={search_term_string}"},"query-input":"required name=search_term_string"}],"inLanguage":"es"},{"@type":"ImageObject","inLanguage":"es","@id":"http:\/\/especiales.laprensagrafica.com\/2015\/beatificacion-romero\/una-familia-numerosa\/#primaryimage","url":"https:\/\/i0.wp.com\/especiales.laprensagrafica.com\/2015\/beatificacion-romero\/wp-content\/uploads\/2015\/05\/romero-familia1.jpg?fit=1382%2C623","contentUrl":"https:\/\/i0.wp.com\/especiales.laprensagrafica.com\/2015\/beatificacion-romero\/wp-content\/uploads\/2015\/05\/romero-familia1.jpg?fit=1382%2C623","width":1382,"height":623},{"@type":"WebPage","@id":"http:\/\/especiales.laprensagrafica.com\/2015\/beatificacion-romero\/una-familia-numerosa\/#webpage","url":"http:\/\/especiales.laprensagrafica.com\/2015\/beatificacion-romero\/una-familia-numerosa\/","name":"Una familia numerosa - Beatificaci\u00f3n de Monse\u00f1or Romero","isPartOf":{"@id":"http:\/\/especiales.laprensagrafica.com\/2015\/beatificacion-romero\/#website"},"primaryImageOfPage":{"@id":"http:\/\/especiales.laprensagrafica.com\/2015\/beatificacion-romero\/una-familia-numerosa\/#primaryimage"},"datePublished":"2015-05-19T03:38:45+00:00","dateModified":"2015-05-20T23:54:31+00:00","author":{"@id":"http:\/\/especiales.laprensagrafica.com\/2015\/beatificacion-romero\/#\/schema\/person\/195e57920dc03bd3c121c05ffecc12fe"},"breadcrumb":{"@id":"http:\/\/especiales.laprensagrafica.com\/2015\/beatificacion-romero\/una-familia-numerosa\/#breadcrumb"},"inLanguage":"es","potentialAction":[{"@type":"ReadAction","target":["http:\/\/especiales.laprensagrafica.com\/2015\/beatificacion-romero\/una-familia-numerosa\/"]}]},{"@type":"BreadcrumbList","@id":"http:\/\/especiales.laprensagrafica.com\/2015\/beatificacion-romero\/una-familia-numerosa\/#breadcrumb","itemListElement":[{"@type":"ListItem","position":1,"name":"Portada","item":"http:\/\/especiales.laprensagrafica.com\/2015\/beatificacion-romero\/"},{"@type":"ListItem","position":2,"name":"Una familia numerosa"}]},{"@type":"Person","@id":"http:\/\/especiales.laprensagrafica.com\/2015\/beatificacion-romero\/#\/schema\/person\/195e57920dc03bd3c121c05ffecc12fe","name":"La Prensa Gr\u00e1fica","image":{"@type":"ImageObject","inLanguage":"es","@id":"http:\/\/especiales.laprensagrafica.com\/2015\/beatificacion-romero\/#\/schema\/person\/image\/","url":"http:\/\/1.gravatar.com\/avatar\/1b7223dbf769f6deb42a4acb28f6999c?s=96&d=mm&r=g","contentUrl":"http:\/\/1.gravatar.com\/avatar\/1b7223dbf769f6deb42a4acb28f6999c?s=96&d=mm&r=g","caption":"La Prensa Gr\u00e1fica"},"sameAs":["http:\/\/laprensagrafica.com"],"url":"http:\/\/especiales.laprensagrafica.com\/2015\/beatificacion-romero\/author\/laprensagrafica\/"}]}},"jetpack_featured_media_url":"https:\/\/i0.wp.com\/especiales.laprensagrafica.com\/2015\/beatificacion-romero\/wp-content\/uploads\/2015\/05\/romero-familia1.jpg?fit=1382%2C623","jetpack_sharing_enabled":true,"jetpack_shortlink":"https:\/\/wp.me\/p6bKPR-5ON","jetpack-related-posts":[{"id":22770,"url":"http:\/\/especiales.laprensagrafica.com\/2015\/beatificacion-romero\/orgullo-familiar-en-la-fiesta-del-obispo-martir\/","url_meta":{"origin":22369,"position":0},"title":"Orgullo familiar en la fiesta del obispo m\u00e1rtir","date":"24 mayo, 2015","format":false,"excerpt":"Hermanos, sobrinos, familia de Monse\u00f1or \u00d3scar Arnulfo Romero vivieron con j\u00fabilo el reconocimiento oficial m\u00e1s importante que ha recibido el ahora beato de la Iglesia. Claudia Ram\u00edrez\/C\u00e9sar Castro\/Mario Paz \u201cNo es la primera vez que digo que en ese momento quiz\u00e1 solo nosotros, los m\u00e1s cercanos, sab\u00edamos la clase de\u2026","rel":"","context":"En \u00abNoticias\u00bb","img":{"alt_text":"","src":"https:\/\/i0.wp.com\/especiales.laprensagrafica.com\/2015\/beatificacion-romero\/wp-content\/uploads\/2015\/05\/fnac24052015corgas01.jpg?fit=1008%2C672&resize=350%2C200","width":350,"height":200},"classes":[]},{"id":22340,"url":"http:\/\/especiales.laprensagrafica.com\/2015\/beatificacion-romero\/el-hermano-el-tio-monsenor\/","url_meta":{"origin":22369,"position":1},"title":"El hermano, el t\u00edo, Monse\u00f1or","date":"18 mayo, 2015","format":false,"excerpt":"La familia en la que se form\u00f3 el salvadore\u00f1o m\u00e1s universal, ese que pr\u00f3ximamente ser\u00e1 beatificado, no fue perfecta. Pero fue el apoyo justo, la cu\u00f1a necesaria, la fuente de alegr\u00eda con la que sab\u00eda que pod\u00eda contar. No perfecta, pero s\u00ed id\u00f3nea para Monse\u00f1or Romero. La vida pastoral de\u2026","rel":"","context":"En \u00abSegunda entrega\u00bb","img":{"alt_text":"","src":"https:\/\/i0.wp.com\/especiales.laprensagrafica.com\/2015\/beatificacion-romero\/wp-content\/uploads\/2015\/05\/padreb.jpg?fit=1000%2C864&resize=350%2C200","width":350,"height":200},"classes":[]},{"id":22470,"url":"http:\/\/especiales.laprensagrafica.com\/2015\/beatificacion-romero\/la-sangre-derramada-de-monsenor-romero\/","url_meta":{"origin":22369,"position":2},"title":"La sangre derramada de Monse\u00f1or Romero","date":"21 mayo, 2015","format":false,"excerpt":"\u201cDon Tiberio, a su hermano lo hirieron y lo traen para la Policl\u00ednica. Yo creo que ya viene muerto\u201d. Quien estaba al otro lado del tel\u00e9fono era una excompa\u00f1era de Tiberio Romero. \u00c9l hab\u00eda llevado la contabilidad de una farmacia, ah\u00ed la conoci\u00f3. Un tiempo despu\u00e9s ella viaj\u00f3 a San\u2026","rel":"","context":"En \u00abCuarta entrega\u00bb","img":{"alt_text":"","src":"https:\/\/i0.wp.com\/especiales.laprensagrafica.com\/2015\/beatificacion-romero\/wp-content\/uploads\/2015\/05\/fnac23052015ngrom16post-thumb-e1432243778160.jpg?fit=1139%2C1046&resize=350%2C200","width":350,"height":200},"classes":[]},{"id":52,"url":"http:\/\/especiales.laprensagrafica.com\/2015\/beatificacion-romero\/presidente-de-guatemala-visita-cripta-monsenor-romero\/","url_meta":{"origin":22369,"position":3},"title":"Presidente de Guatemala visita cripta Monse\u00f1or Romero","date":"5 febrero, 2015","format":false,"excerpt":"Durante su visita oficial a El Salvador, Otto P\u00e9rez Molina visit\u00f3 la tumba de Romero en Catedral Metropolitana. Otto P\u00e9rez Molina, presidente de Guatemala, lleg\u00f3 esta tarde a la cripta de Monse\u00f1or Romero durante su visita oficial a El Salvador. El mandatario, en su primera ocasi\u00f3n oficial en el pa\u00eds,\u2026","rel":"","context":"En \u00abNoticias\u00bb","img":{"alt_text":"","src":"https:\/\/i0.wp.com\/especiales.laprensagrafica.com\/2015\/beatificacion-romero\/wp-content\/uploads\/2015\/02\/08.jpg?fit=558%2C400&resize=350%2C200","width":350,"height":200},"classes":[]},{"id":22767,"url":"http:\/\/especiales.laprensagrafica.com\/2015\/beatificacion-romero\/relato-un-sabado-para-conocer-a-romero\/","url_meta":{"origin":22369,"position":4},"title":"Relato   Un s\u00e1bado para conocer a Romero","date":"24 mayo, 2015","format":false,"excerpt":"Ese arco\u00edris que convenientemente abrazaba al sol podr\u00eda haberse confundido con un milagro gracias a esa carta le\u00edda 20 minutos antes. A las 10:30 de la ma\u00f1ana, el cardenal Angelo Amato hab\u00eda le\u00eddo la carta del papa Francisco que reconoc\u00eda a \u00d3scar Arnulfo Romero como un bienaventurado \u2013un beato\u2013 de\u2026","rel":"","context":"En \u00abNoticias\u00bb","img":{"alt_text":"","src":"https:\/\/i0.wp.com\/especiales.laprensagrafica.com\/2015\/beatificacion-romero\/wp-content\/uploads\/2015\/05\/fnac24052015bmdro01.jpg?fit=1200%2C900&resize=350%2C200","width":350,"height":200},"classes":[]},{"id":22434,"url":"http:\/\/especiales.laprensagrafica.com\/2015\/beatificacion-romero\/a-traves-de-la-gente-me-vincule-con-romero\/","url_meta":{"origin":22369,"position":5},"title":"\u201cA trav\u00e9s de la gente me vincul\u00e9 con Romero\u201d","date":"21 mayo, 2015","format":false,"excerpt":"El libro \u201cPor los caminos de Monse\u00f1or Romero\u201d retrata diversos pasajes de la vida cotidiana del sacerdote a partir de historias contadas por el pueblo. Flor Ca\u00f1as Alejandra Zorrilla, escritora mexicana en constante contacto con la cultura salvadore\u00f1a, presenta\u00f3 la obra el martes pasado, unos d\u00edas previo a la beatificaci\u00f3n\u2026","rel":"","context":"En \u00abNoticias\u00bb","img":{"alt_text":"","src":"https:\/\/i0.wp.com\/especiales.laprensagrafica.com\/2015\/beatificacion-romero\/wp-content\/uploads\/2015\/05\/fnac16052015mrlib06-e1432229224674.jpg?fit=1139%2C1200&resize=350%2C200","width":350,"height":200},"classes":[]}],"_links":{"self":[{"href":"http:\/\/especiales.laprensagrafica.com\/2015\/beatificacion-romero\/wp-json\/wp\/v2\/posts\/22369"}],"collection":[{"href":"http:\/\/especiales.laprensagrafica.com\/2015\/beatificacion-romero\/wp-json\/wp\/v2\/posts"}],"about":[{"href":"http:\/\/especiales.laprensagrafica.com\/2015\/beatificacion-romero\/wp-json\/wp\/v2\/types\/post"}],"author":[{"embeddable":true,"href":"http:\/\/especiales.laprensagrafica.com\/2015\/beatificacion-romero\/wp-json\/wp\/v2\/users\/2"}],"replies":[{"embeddable":true,"href":"http:\/\/especiales.laprensagrafica.com\/2015\/beatificacion-romero\/wp-json\/wp\/v2\/comments?post=22369"}],"version-history":[{"count":3,"href":"http:\/\/especiales.laprensagrafica.com\/2015\/beatificacion-romero\/wp-json\/wp\/v2\/posts\/22369\/revisions"}],"predecessor-version":[{"id":22394,"href":"http:\/\/especiales.laprensagrafica.com\/2015\/beatificacion-romero\/wp-json\/wp\/v2\/posts\/22369\/revisions\/22394"}],"wp:featuredmedia":[{"embeddable":true,"href":"http:\/\/especiales.laprensagrafica.com\/2015\/beatificacion-romero\/wp-json\/wp\/v2\/media\/22395"}],"wp:attachment":[{"href":"http:\/\/especiales.laprensagrafica.com\/2015\/beatificacion-romero\/wp-json\/wp\/v2\/media?parent=22369"}],"wp:term":[{"taxonomy":"category","embeddable":true,"href":"http:\/\/especiales.laprensagrafica.com\/2015\/beatificacion-romero\/wp-json\/wp\/v2\/categories?post=22369"},{"taxonomy":"post_tag","embeddable":true,"href":"http:\/\/especiales.laprensagrafica.com\/2015\/beatificacion-romero\/wp-json\/wp\/v2\/tags?post=22369"}],"curies":[{"name":"wp","href":"https:\/\/api.w.org\/{rel}","templated":true}]}}