{"id":22438,"date":"2015-05-21T11:34:46","date_gmt":"2015-05-21T17:34:46","guid":{"rendered":"http:\/\/especiales.laprensagrafica.com\/2015\/beatificacion-romero\/?p=22438"},"modified":"2015-05-21T11:35:42","modified_gmt":"2015-05-21T17:35:42","slug":"la-multitud-a-la-que-no-detuvo-el-miedo","status":"publish","type":"post","link":"http:\/\/especiales.laprensagrafica.com\/2015\/beatificacion-romero\/la-multitud-a-la-que-no-detuvo-el-miedo\/","title":{"rendered":"La multitud a la que no detuvo el miedo"},"content":{"rendered":"<p>Jam\u00e1s en la historia del pa\u00eds ha vuelto a haber una manifestaci\u00f3n que involucrara a tantas personas alrededor de una sola figura p\u00fablica. Solo llegaron por Monse\u00f1or.<!--more--><\/p>\n<p><em><strong>Texto y fotos: Glenda Gir\u00f3n<\/strong><\/em><\/p>\n<p>A Gaspar Romero lo invitaron a dar unas palabras, a decir una peque\u00f1a biograf\u00eda de su hermano el arzobispo de San Salvador, quien yac\u00eda en el ata\u00fad de cristal en las gradas de la Catedral, frente a miles de personas. Unas 50,000, calculan los medios de la \u00e9poca.<\/p>\n<p>Al intentar exponer el ata\u00fad en el que se encontraba Monse\u00f1or \u00d3scar Arnulfo Romero desde la puerta principal de la Catedral ante la multitud que se agolpaba en la plaza, hubo disparos. Sonaron bombas. La gente corri\u00f3 para donde pudo. Gaspar, su esposa, Tiberio y su esposa y otros familiares y sacerdotes que pretend\u00edan oficiar la misa de cuerpo presente ese 31 de marzo se tiraron al suelo, comenzaron a cerrar las puertas. Eran las 11:40 de la ma\u00f1ana cuando ocho mujeres de avanzada edad murieron aplastadas por la multitud en su intento por ingresar a la Catedral para ponerse a salvo.<\/p>\n<p>\u201cEn ese momentito tem\u00edamos cualquier cosa. Pensamos que se quer\u00edan llevar el cuerpo de Monse\u00f1or y entonces la gente, los encargados, en medio de una gran angustia, lo metieron a la cripta y la cerraron\u201d, recuerda Nohem\u00ed Ortiz, una empleada por muchos a\u00f1os del arzobispado y quien conoc\u00eda muy bien a Monse\u00f1or Romero.<\/p>\n<p>No ha habido jam\u00e1s en la historia del pa\u00eds un evento similar alrededor de una figura p\u00fablica. \u201cYo solo ve\u00eda que el ata\u00fad lo halaban unos y otros para uno y otro lado. \u00bfSe imagina si se hubiera abierto?\u201d, pregunta Gaspar Romero.<br \/>\nAdentro de la Catedral, la gente tirada en el suelo, la desesperaci\u00f3n y la s\u00faplica de los prelados que ten\u00edan a cargo la misa llegaron hasta Napole\u00f3n Duarte, de la Junta Revolucionaria de Gobierno. \u201cTuve la oportunidad de conversar en ese momento telef\u00f3nicamente con el canciller de Nicaragua, reverendo Miguel de Escoto, quien se encontraba dentro del templo participando en la misa. Y me dec\u00eda: \u2018Napole\u00f3n, te pido que retir\u00e9s las tanquetas para que vuelva la calma\u2019\u201d. Se recogi\u00f3 en una de las ediciones de LA PRENSA GR\u00c1FICA.<\/p>\n<p>\u201cMiguel, no hay tales tanquetas, pues el Ej\u00e9rcito y los cuerpos de seguridad no han salido a la calle. Est\u00e1n acuartelados por \u00f3rdenes expresas de la junta. Voy a llamar a la Cruz Roja para que les evacuen\u201d, dice la edici\u00f3n del 1.\u00ba de abril de 1980.<\/p>\n<p>Afuera, Juan Gavidia, un hombre miembro de la comunidad eclesial de base de San Antonio Abad, andaba con sus dos hijas de cinco y siete a\u00f1os de edad. Era parte de la masa de gente, de los m\u00e1s de 50,000 que hab\u00edan llegado a despedir a Monse\u00f1or Romero a pesar de los peligros de la \u00e9poca.<\/p>\n<p>\u201cCuando se oyeron las primeras detonaciones, a nadie le pareci\u00f3 raro, en aquel tiempo era m\u00e1s o menos com\u00fan eso. Pero la gente empez\u00f3 a caer muerta. Y todos comenzamos a querer salir de la plaza. Yo solo me acuerdo que les gritaba \u2018despacio o nos vamos a matar entre nosotros\u2019 y la gente quer\u00eda correr y no pod\u00eda porque todos est\u00e1bamos bien pegaditos\u201d. Gavidia quiso protegerse de las balas entre los escombros de un edificio que estaban derrumbando cerca de la Catedral, hacia ah\u00ed se dirig\u00eda cuando algo lo hizo cambiar la ruta. Sigui\u00f3 caminando y logr\u00f3 salir ileso.<\/p>\n<p>Medicina Legal reconoci\u00f3 en su momento 27 cad\u00e1veres y m\u00e1s de 200 lesionados. La cifra de muertos, con los d\u00edas, aument\u00f3 a 40. A la mayor\u00eda de esos cad\u00e1veres no fue posible adjudicarles una identidad. No llevaban documentos.<\/p>\n<p>El cardenal mexicano Ernesto Corripio Ahumada, delegado especial de Juan Pablo II, quien encabezaba el funeral, as\u00ed como los otros 22 prelados de Estados Unidos, Europa y Am\u00e9rica Latina que participaban en la misa resultaron ilesos. Fueron evacuado horas m\u00e1s tarde.<\/p>\n<p>De aquello, Juan Gavidia, el que supo huir con sus hijas peque\u00f1as, cree que quiz\u00e1 lo volver\u00eda a hacer. Monse\u00f1or Romero fue quien cuando mataron al padre Octavio Ortiz, en enero de 1979, lleg\u00f3 a Medicina Legal a reconocer el cad\u00e1ver de \u00e9l y de los otros cuatro j\u00f3venes asesinados durante un retiro espiritual en San Antonio Abad. \u201cYa no los ten\u00edan ah\u00ed en Medicina Legal los cuerpos, nos mandaron al cementerio, cerca del mercado. \u00c9l me dijo \u2018venga, s\u00fabase\u2019, y sin conocerme me llev\u00f3 en su carro al cementerio\u201d. Gavidia no olvida el gesto de Monse\u00f1or al ver esos cad\u00e1veres doblados encima de bancos de cemento, r\u00e1pido exigi\u00f3 m\u00e1s dignidad para ellos. \u201cEse es el Monse\u00f1or que yo recuerdo y al que le fui a hacer honor al entierro, un hombre correcto con todos y que mereci\u00f3 antes el riesgo y que merece hoy el honor que se le est\u00e1 cumpliendo, aunque sea a 35 a\u00f1os de aquello tan terrible\u201d.<\/p>\n","protected":false},"excerpt":{"rendered":"<p>Jam\u00e1s en la historia del pa\u00eds ha vuelto a haber una manifestaci\u00f3n que involucrara a tantas personas alrededor de una sola figura p\u00fablica. Solo llegaron por Monse\u00f1or.<\/p>\n","protected":false},"author":3,"featured_media":22439,"comment_status":"closed","ping_status":"open","sticky":false,"template":"","format":"standard","meta":{"spay_email":"","jetpack_publicize_message":"","jetpack_is_tweetstorm":false,"jetpack_publicize_feature_enabled":true},"categories":[12],"tags":[],"jetpack_publicize_connections":[],"yoast_head":"<!-- This site is optimized with the Yoast SEO plugin v19.1 - https:\/\/yoast.com\/wordpress\/plugins\/seo\/ -->\n<title>La multitud a la que no detuvo el miedo - Beatificaci\u00f3n de Monse\u00f1or Romero<\/title>\n<meta name=\"robots\" content=\"index, follow, max-snippet:-1, max-image-preview:large, max-video-preview:-1\" \/>\n<link rel=\"canonical\" href=\"http:\/\/especiales.laprensagrafica.com\/2015\/beatificacion-romero\/la-multitud-a-la-que-no-detuvo-el-miedo\/\" \/>\n<meta property=\"og:locale\" content=\"es_ES\" \/>\n<meta property=\"og:type\" content=\"article\" \/>\n<meta property=\"og:title\" content=\"La multitud a la que no detuvo el miedo - Beatificaci\u00f3n de Monse\u00f1or Romero\" \/>\n<meta property=\"og:description\" content=\"Jam\u00e1s en la historia del pa\u00eds ha vuelto a haber una manifestaci\u00f3n que involucrara a tantas personas alrededor de una sola figura p\u00fablica. Solo llegaron por Monse\u00f1or.\" \/>\n<meta property=\"og:url\" content=\"http:\/\/especiales.laprensagrafica.com\/2015\/beatificacion-romero\/la-multitud-a-la-que-no-detuvo-el-miedo\/\" \/>\n<meta property=\"og:site_name\" content=\"Beatificaci\u00f3n de Monse\u00f1or Romero\" \/>\n<meta property=\"article:publisher\" content=\"https:\/\/www.facebook.com\/lpg.laprensagrafica\" \/>\n<meta property=\"article:published_time\" content=\"2015-05-21T17:34:46+00:00\" \/>\n<meta property=\"article:modified_time\" content=\"2015-05-21T17:35:42+00:00\" \/>\n<meta property=\"og:image\" content=\"https:\/\/i0.wp.com\/especiales.laprensagrafica.com\/2015\/beatificacion-romero\/wp-content\/uploads\/2015\/05\/fnac21052015arcfun04.jpg?fit=1140%2C784\" \/>\n\t<meta property=\"og:image:width\" content=\"1140\" \/>\n\t<meta property=\"og:image:height\" content=\"784\" \/>\n\t<meta property=\"og:image:type\" content=\"image\/jpeg\" \/>\n<meta name=\"twitter:card\" content=\"summary_large_image\" \/>\n<meta name=\"twitter:creator\" content=\"@prensagrafica\" \/>\n<meta name=\"twitter:site\" content=\"@prensagrafica\" \/>\n<meta name=\"twitter:label1\" content=\"Escrito por\" \/>\n\t<meta name=\"twitter:data1\" content=\"Javier Masis\" \/>\n\t<meta name=\"twitter:label2\" content=\"Tiempo de lectura\" \/>\n\t<meta name=\"twitter:data2\" content=\"4 minutos\" \/>\n<script type=\"application\/ld+json\" class=\"yoast-schema-graph\">{\"@context\":\"https:\/\/schema.org\",\"@graph\":[{\"@type\":\"WebSite\",\"@id\":\"http:\/\/especiales.laprensagrafica.com\/2015\/beatificacion-romero\/#website\",\"url\":\"http:\/\/especiales.laprensagrafica.com\/2015\/beatificacion-romero\/\",\"name\":\"Beatificaci\u00f3n de Monse\u00f1or Romero\",\"description\":\"Sitio especial de La Prensa Gr\u00e1fica\",\"potentialAction\":[{\"@type\":\"SearchAction\",\"target\":{\"@type\":\"EntryPoint\",\"urlTemplate\":\"http:\/\/especiales.laprensagrafica.com\/2015\/beatificacion-romero\/?s={search_term_string}\"},\"query-input\":\"required name=search_term_string\"}],\"inLanguage\":\"es\"},{\"@type\":\"ImageObject\",\"inLanguage\":\"es\",\"@id\":\"http:\/\/especiales.laprensagrafica.com\/2015\/beatificacion-romero\/la-multitud-a-la-que-no-detuvo-el-miedo\/#primaryimage\",\"url\":\"https:\/\/i0.wp.com\/especiales.laprensagrafica.com\/2015\/beatificacion-romero\/wp-content\/uploads\/2015\/05\/fnac21052015arcfun04.jpg?fit=1140%2C784\",\"contentUrl\":\"https:\/\/i0.wp.com\/especiales.laprensagrafica.com\/2015\/beatificacion-romero\/wp-content\/uploads\/2015\/05\/fnac21052015arcfun04.jpg?fit=1140%2C784\",\"width\":1140,\"height\":784,\"caption\":\"Disparos. Entre 50,000 y 60,000 personas asistieron al entierro de Monse\u00f1or Romero en una cripta de la Catedral Metropolitana. Las balas interrumpieron el acto.\"},{\"@type\":\"WebPage\",\"@id\":\"http:\/\/especiales.laprensagrafica.com\/2015\/beatificacion-romero\/la-multitud-a-la-que-no-detuvo-el-miedo\/#webpage\",\"url\":\"http:\/\/especiales.laprensagrafica.com\/2015\/beatificacion-romero\/la-multitud-a-la-que-no-detuvo-el-miedo\/\",\"name\":\"La multitud a la que no detuvo el miedo - Beatificaci\u00f3n de Monse\u00f1or Romero\",\"isPartOf\":{\"@id\":\"http:\/\/especiales.laprensagrafica.com\/2015\/beatificacion-romero\/#website\"},\"primaryImageOfPage\":{\"@id\":\"http:\/\/especiales.laprensagrafica.com\/2015\/beatificacion-romero\/la-multitud-a-la-que-no-detuvo-el-miedo\/#primaryimage\"},\"datePublished\":\"2015-05-21T17:34:46+00:00\",\"dateModified\":\"2015-05-21T17:35:42+00:00\",\"author\":{\"@id\":\"http:\/\/especiales.laprensagrafica.com\/2015\/beatificacion-romero\/#\/schema\/person\/c4f61f06102b5427321c97a7d773d7a6\"},\"breadcrumb\":{\"@id\":\"http:\/\/especiales.laprensagrafica.com\/2015\/beatificacion-romero\/la-multitud-a-la-que-no-detuvo-el-miedo\/#breadcrumb\"},\"inLanguage\":\"es\",\"potentialAction\":[{\"@type\":\"ReadAction\",\"target\":[\"http:\/\/especiales.laprensagrafica.com\/2015\/beatificacion-romero\/la-multitud-a-la-que-no-detuvo-el-miedo\/\"]}]},{\"@type\":\"BreadcrumbList\",\"@id\":\"http:\/\/especiales.laprensagrafica.com\/2015\/beatificacion-romero\/la-multitud-a-la-que-no-detuvo-el-miedo\/#breadcrumb\",\"itemListElement\":[{\"@type\":\"ListItem\",\"position\":1,\"name\":\"Portada\",\"item\":\"http:\/\/especiales.laprensagrafica.com\/2015\/beatificacion-romero\/\"},{\"@type\":\"ListItem\",\"position\":2,\"name\":\"La multitud a la que no detuvo el miedo\"}]},{\"@type\":\"Person\",\"@id\":\"http:\/\/especiales.laprensagrafica.com\/2015\/beatificacion-romero\/#\/schema\/person\/c4f61f06102b5427321c97a7d773d7a6\",\"name\":\"Javier Masis\",\"image\":{\"@type\":\"ImageObject\",\"inLanguage\":\"es\",\"@id\":\"http:\/\/especiales.laprensagrafica.com\/2015\/beatificacion-romero\/#\/schema\/person\/image\/\",\"url\":\"http:\/\/2.gravatar.com\/avatar\/e344e78a56a84c5f652f1c794f2ae83b?s=96&d=mm&r=g\",\"contentUrl\":\"http:\/\/2.gravatar.com\/avatar\/e344e78a56a84c5f652f1c794f2ae83b?s=96&d=mm&r=g\",\"caption\":\"Javier Masis\"},\"url\":\"http:\/\/especiales.laprensagrafica.com\/2015\/beatificacion-romero\/author\/waparicio\/\"}]}<\/script>\n<!-- \/ Yoast SEO plugin. -->","yoast_head_json":{"title":"La multitud a la que no detuvo el miedo - Beatificaci\u00f3n de Monse\u00f1or Romero","robots":{"index":"index","follow":"follow","max-snippet":"max-snippet:-1","max-image-preview":"max-image-preview:large","max-video-preview":"max-video-preview:-1"},"canonical":"http:\/\/especiales.laprensagrafica.com\/2015\/beatificacion-romero\/la-multitud-a-la-que-no-detuvo-el-miedo\/","og_locale":"es_ES","og_type":"article","og_title":"La multitud a la que no detuvo el miedo - Beatificaci\u00f3n de Monse\u00f1or Romero","og_description":"Jam\u00e1s en la historia del pa\u00eds ha vuelto a haber una manifestaci\u00f3n que involucrara a tantas personas alrededor de una sola figura p\u00fablica. Solo llegaron por Monse\u00f1or.","og_url":"http:\/\/especiales.laprensagrafica.com\/2015\/beatificacion-romero\/la-multitud-a-la-que-no-detuvo-el-miedo\/","og_site_name":"Beatificaci\u00f3n de Monse\u00f1or Romero","article_publisher":"https:\/\/www.facebook.com\/lpg.laprensagrafica","article_published_time":"2015-05-21T17:34:46+00:00","article_modified_time":"2015-05-21T17:35:42+00:00","og_image":[{"width":1140,"height":784,"url":"https:\/\/i0.wp.com\/especiales.laprensagrafica.com\/2015\/beatificacion-romero\/wp-content\/uploads\/2015\/05\/fnac21052015arcfun04.jpg?fit=1140%2C784","type":"image\/jpeg"}],"twitter_card":"summary_large_image","twitter_creator":"@prensagrafica","twitter_site":"@prensagrafica","twitter_misc":{"Escrito por":"Javier Masis","Tiempo de lectura":"4 minutos"},"schema":{"@context":"https:\/\/schema.org","@graph":[{"@type":"WebSite","@id":"http:\/\/especiales.laprensagrafica.com\/2015\/beatificacion-romero\/#website","url":"http:\/\/especiales.laprensagrafica.com\/2015\/beatificacion-romero\/","name":"Beatificaci\u00f3n de Monse\u00f1or Romero","description":"Sitio especial de La Prensa Gr\u00e1fica","potentialAction":[{"@type":"SearchAction","target":{"@type":"EntryPoint","urlTemplate":"http:\/\/especiales.laprensagrafica.com\/2015\/beatificacion-romero\/?s={search_term_string}"},"query-input":"required name=search_term_string"}],"inLanguage":"es"},{"@type":"ImageObject","inLanguage":"es","@id":"http:\/\/especiales.laprensagrafica.com\/2015\/beatificacion-romero\/la-multitud-a-la-que-no-detuvo-el-miedo\/#primaryimage","url":"https:\/\/i0.wp.com\/especiales.laprensagrafica.com\/2015\/beatificacion-romero\/wp-content\/uploads\/2015\/05\/fnac21052015arcfun04.jpg?fit=1140%2C784","contentUrl":"https:\/\/i0.wp.com\/especiales.laprensagrafica.com\/2015\/beatificacion-romero\/wp-content\/uploads\/2015\/05\/fnac21052015arcfun04.jpg?fit=1140%2C784","width":1140,"height":784,"caption":"Disparos. Entre 50,000 y 60,000 personas asistieron al entierro de Monse\u00f1or Romero en una cripta de la Catedral Metropolitana. Las balas interrumpieron el acto."},{"@type":"WebPage","@id":"http:\/\/especiales.laprensagrafica.com\/2015\/beatificacion-romero\/la-multitud-a-la-que-no-detuvo-el-miedo\/#webpage","url":"http:\/\/especiales.laprensagrafica.com\/2015\/beatificacion-romero\/la-multitud-a-la-que-no-detuvo-el-miedo\/","name":"La multitud a la que no detuvo el miedo - Beatificaci\u00f3n de Monse\u00f1or Romero","isPartOf":{"@id":"http:\/\/especiales.laprensagrafica.com\/2015\/beatificacion-romero\/#website"},"primaryImageOfPage":{"@id":"http:\/\/especiales.laprensagrafica.com\/2015\/beatificacion-romero\/la-multitud-a-la-que-no-detuvo-el-miedo\/#primaryimage"},"datePublished":"2015-05-21T17:34:46+00:00","dateModified":"2015-05-21T17:35:42+00:00","author":{"@id":"http:\/\/especiales.laprensagrafica.com\/2015\/beatificacion-romero\/#\/schema\/person\/c4f61f06102b5427321c97a7d773d7a6"},"breadcrumb":{"@id":"http:\/\/especiales.laprensagrafica.com\/2015\/beatificacion-romero\/la-multitud-a-la-que-no-detuvo-el-miedo\/#breadcrumb"},"inLanguage":"es","potentialAction":[{"@type":"ReadAction","target":["http:\/\/especiales.laprensagrafica.com\/2015\/beatificacion-romero\/la-multitud-a-la-que-no-detuvo-el-miedo\/"]}]},{"@type":"BreadcrumbList","@id":"http:\/\/especiales.laprensagrafica.com\/2015\/beatificacion-romero\/la-multitud-a-la-que-no-detuvo-el-miedo\/#breadcrumb","itemListElement":[{"@type":"ListItem","position":1,"name":"Portada","item":"http:\/\/especiales.laprensagrafica.com\/2015\/beatificacion-romero\/"},{"@type":"ListItem","position":2,"name":"La multitud a la que no detuvo el miedo"}]},{"@type":"Person","@id":"http:\/\/especiales.laprensagrafica.com\/2015\/beatificacion-romero\/#\/schema\/person\/c4f61f06102b5427321c97a7d773d7a6","name":"Javier Masis","image":{"@type":"ImageObject","inLanguage":"es","@id":"http:\/\/especiales.laprensagrafica.com\/2015\/beatificacion-romero\/#\/schema\/person\/image\/","url":"http:\/\/2.gravatar.com\/avatar\/e344e78a56a84c5f652f1c794f2ae83b?s=96&d=mm&r=g","contentUrl":"http:\/\/2.gravatar.com\/avatar\/e344e78a56a84c5f652f1c794f2ae83b?s=96&d=mm&r=g","caption":"Javier Masis"},"url":"http:\/\/especiales.laprensagrafica.com\/2015\/beatificacion-romero\/author\/waparicio\/"}]}},"jetpack_featured_media_url":"https:\/\/i0.wp.com\/especiales.laprensagrafica.com\/2015\/beatificacion-romero\/wp-content\/uploads\/2015\/05\/fnac21052015arcfun04.jpg?fit=1140%2C784","jetpack_sharing_enabled":true,"jetpack_shortlink":"https:\/\/wp.me\/p6bKPR-5PU","jetpack-related-posts":[{"id":22470,"url":"http:\/\/especiales.laprensagrafica.com\/2015\/beatificacion-romero\/la-sangre-derramada-de-monsenor-romero\/","url_meta":{"origin":22438,"position":0},"title":"La sangre derramada de Monse\u00f1or Romero","date":"21 mayo, 2015","format":false,"excerpt":"\u201cDon Tiberio, a su hermano lo hirieron y lo traen para la Policl\u00ednica. Yo creo que ya viene muerto\u201d. Quien estaba al otro lado del tel\u00e9fono era una excompa\u00f1era de Tiberio Romero. \u00c9l hab\u00eda llevado la contabilidad de una farmacia, ah\u00ed la conoci\u00f3. Un tiempo despu\u00e9s ella viaj\u00f3 a San\u2026","rel":"","context":"En \u00abCuarta entrega\u00bb","img":{"alt_text":"","src":"https:\/\/i0.wp.com\/especiales.laprensagrafica.com\/2015\/beatificacion-romero\/wp-content\/uploads\/2015\/05\/fnac23052015ngrom16post-thumb-e1432243778160.jpg?fit=1139%2C1046&resize=350%2C200","width":350,"height":200},"classes":[]},{"id":22658,"url":"http:\/\/especiales.laprensagrafica.com\/2015\/beatificacion-romero\/divina-providencia-y-la-tumba-en-la-catedral-centraron-las-visitas\/","url_meta":{"origin":22438,"position":1},"title":"Divina Providencia y la tumba en la Catedral centraron las visitas","date":"23 mayo, 2015","format":false,"excerpt":"La cripta de la Catedral Metropolitana y el Hospital Divina Providencia recibieron ayer a los feligreses de diversos pa\u00edses. Mart\u00edn Guevara, de 57 a\u00f1os, observ\u00f3 durante varios minutos una pintura del rostro de Monse\u00f1or \u00d3scar Arnulfo Romero que est\u00e1 colgada en la habitaci\u00f3n que utiliz\u00f3 el arzobispo durante sus \u00faltimos\u2026","rel":"","context":"En \u00abNoticias\u00bb","img":{"alt_text":"","src":"https:\/\/i0.wp.com\/especiales.laprensagrafica.com\/2015\/beatificacion-romero\/wp-content\/uploads\/2015\/05\/fnac23052015ngcrp05.jpg?fit=500%2C418&resize=350%2C200","width":350,"height":200},"classes":[]},{"id":22340,"url":"http:\/\/especiales.laprensagrafica.com\/2015\/beatificacion-romero\/el-hermano-el-tio-monsenor\/","url_meta":{"origin":22438,"position":2},"title":"El hermano, el t\u00edo, Monse\u00f1or","date":"18 mayo, 2015","format":false,"excerpt":"La familia en la que se form\u00f3 el salvadore\u00f1o m\u00e1s universal, ese que pr\u00f3ximamente ser\u00e1 beatificado, no fue perfecta. Pero fue el apoyo justo, la cu\u00f1a necesaria, la fuente de alegr\u00eda con la que sab\u00eda que pod\u00eda contar. No perfecta, pero s\u00ed id\u00f3nea para Monse\u00f1or Romero. La vida pastoral de\u2026","rel":"","context":"En \u00abSegunda entrega\u00bb","img":{"alt_text":"","src":"https:\/\/i0.wp.com\/especiales.laprensagrafica.com\/2015\/beatificacion-romero\/wp-content\/uploads\/2015\/05\/padreb.jpg?fit=1000%2C864&resize=350%2C200","width":350,"height":200},"classes":[]},{"id":22770,"url":"http:\/\/especiales.laprensagrafica.com\/2015\/beatificacion-romero\/orgullo-familiar-en-la-fiesta-del-obispo-martir\/","url_meta":{"origin":22438,"position":3},"title":"Orgullo familiar en la fiesta del obispo m\u00e1rtir","date":"24 mayo, 2015","format":false,"excerpt":"Hermanos, sobrinos, familia de Monse\u00f1or \u00d3scar Arnulfo Romero vivieron con j\u00fabilo el reconocimiento oficial m\u00e1s importante que ha recibido el ahora beato de la Iglesia. Claudia Ram\u00edrez\/C\u00e9sar Castro\/Mario Paz \u201cNo es la primera vez que digo que en ese momento quiz\u00e1 solo nosotros, los m\u00e1s cercanos, sab\u00edamos la clase de\u2026","rel":"","context":"En \u00abNoticias\u00bb","img":{"alt_text":"","src":"https:\/\/i0.wp.com\/especiales.laprensagrafica.com\/2015\/beatificacion-romero\/wp-content\/uploads\/2015\/05\/fnac24052015corgas01.jpg?fit=1008%2C672&resize=350%2C200","width":350,"height":200},"classes":[]},{"id":22663,"url":"http:\/\/especiales.laprensagrafica.com\/2015\/beatificacion-romero\/la-procesion-de-lluvia-y-espiritu\/","url_meta":{"origin":22438,"position":4},"title":"La procesi\u00f3n de lluvia y esp\u00edritu","date":"23 mayo, 2015","format":false,"excerpt":"Solo una ni\u00f1a apareci\u00f3 con una velita, pues la lluvia no permiti\u00f3 que se encendieran. Ricardo Flores\/Byron Sosa Aun as\u00ed la gente camin\u00f3 bajo la tormenta ayer por la tarde para dirigirse hacia la zona del templete y m\u00e1s tarde escuchar la misa e iniciar la vigilia. Destac\u00f3 el fervor,\u2026","rel":"","context":"En \u00abNoticias\u00bb","img":{"alt_text":"","src":"https:\/\/i0.wp.com\/especiales.laprensagrafica.com\/2015\/beatificacion-romero\/wp-content\/uploads\/2015\/05\/fnac23052015vpvig14.jpg?fit=1140%2C760&resize=350%2C200","width":350,"height":200},"classes":[]},{"id":22565,"url":"http:\/\/especiales.laprensagrafica.com\/2015\/beatificacion-romero\/trasladan-reliquias-de-mons-romero-para-beatificacion\/","url_meta":{"origin":22438,"position":5},"title":"Trasladan reliquias de Mons. Romero para beatificaci\u00f3n","date":"22 mayo, 2015","format":false,"excerpt":"Las prendas fueron trasladadas desde el museo del Hospital Divina Providencia. Beatriz Calder\u00f3n con reportes de Loida Mart\u00ednez. Las prendas del martirio de monse\u00f1or Oscar Arnulfo Romero, que ser\u00e1n presentadas como reliquia en el acto de su beatificaci\u00f3n de ma\u00f1ana, ya comenzaron su traslado. Entre las vestimentas se encuentra la\u2026","rel":"","context":"En \u00abNoticias\u00bb","img":{"alt_text":"","src":"https:\/\/i0.wp.com\/especiales.laprensagrafica.com\/2015\/beatificacion-romero\/wp-content\/uploads\/2015\/05\/AkKiGazFSrFDc_EkIKVxxtsTZcdgnqGeLYeUv343n5jg.jpg?fit=1140%2C855&resize=350%2C200","width":350,"height":200},"classes":[]}],"_links":{"self":[{"href":"http:\/\/especiales.laprensagrafica.com\/2015\/beatificacion-romero\/wp-json\/wp\/v2\/posts\/22438"}],"collection":[{"href":"http:\/\/especiales.laprensagrafica.com\/2015\/beatificacion-romero\/wp-json\/wp\/v2\/posts"}],"about":[{"href":"http:\/\/especiales.laprensagrafica.com\/2015\/beatificacion-romero\/wp-json\/wp\/v2\/types\/post"}],"author":[{"embeddable":true,"href":"http:\/\/especiales.laprensagrafica.com\/2015\/beatificacion-romero\/wp-json\/wp\/v2\/users\/3"}],"replies":[{"embeddable":true,"href":"http:\/\/especiales.laprensagrafica.com\/2015\/beatificacion-romero\/wp-json\/wp\/v2\/comments?post=22438"}],"version-history":[{"count":1,"href":"http:\/\/especiales.laprensagrafica.com\/2015\/beatificacion-romero\/wp-json\/wp\/v2\/posts\/22438\/revisions"}],"predecessor-version":[{"id":22440,"href":"http:\/\/especiales.laprensagrafica.com\/2015\/beatificacion-romero\/wp-json\/wp\/v2\/posts\/22438\/revisions\/22440"}],"wp:featuredmedia":[{"embeddable":true,"href":"http:\/\/especiales.laprensagrafica.com\/2015\/beatificacion-romero\/wp-json\/wp\/v2\/media\/22439"}],"wp:attachment":[{"href":"http:\/\/especiales.laprensagrafica.com\/2015\/beatificacion-romero\/wp-json\/wp\/v2\/media?parent=22438"}],"wp:term":[{"taxonomy":"category","embeddable":true,"href":"http:\/\/especiales.laprensagrafica.com\/2015\/beatificacion-romero\/wp-json\/wp\/v2\/categories?post=22438"},{"taxonomy":"post_tag","embeddable":true,"href":"http:\/\/especiales.laprensagrafica.com\/2015\/beatificacion-romero\/wp-json\/wp\/v2\/tags?post=22438"}],"curies":[{"name":"wp","href":"https:\/\/api.w.org\/{rel}","templated":true}]}}