{"id":22459,"date":"2015-05-21T14:42:52","date_gmt":"2015-05-21T20:42:52","guid":{"rendered":"http:\/\/especiales.laprensagrafica.com\/2015\/beatificacion-romero\/?p=22459"},"modified":"2015-05-21T14:52:23","modified_gmt":"2015-05-21T20:52:23","slug":"la-homilia-discordia-y-evangelio","status":"publish","type":"post","link":"http:\/\/especiales.laprensagrafica.com\/2015\/beatificacion-romero\/la-homilia-discordia-y-evangelio\/","title":{"rendered":"La homil\u00eda, discordia y evangelio"},"content":{"rendered":"<p>El discurso de Romero sigue como objeto de discordia entre muchos. Ha sido objeto de descr\u00e9dito y manipulaci\u00f3n. Varios analistas coinciden en que ten\u00eda un mensaje pastoral apegado a la doctrina de la Iglesia cat\u00f3lica, pero la coyuntura de la guerra civil hizo que entrara en un debate pol\u00edtico-ideol\u00f3gico. La Iglesia ha pedido que se separe la imagen del arzobispo de actividades partidarias y se terminen los ataques a su figura.<!--more--><\/p>\n<p><em><strong>Mario Enrique Paz<\/strong><\/em><\/p>\n<p>La coincidencia es clara, las homil\u00edas de Monse\u00f1or \u00d3scar Romero tienen un claro contenido pastoral y evang\u00e9lico, alejado por completo de la pol\u00edtica. Que punzaban y dol\u00edan es otro elemento, que tiene que ver con su solidaridad y su compromiso prof\u00e9tico. Eso es lo que opinan analistas y sacerdotes del pa\u00eds sobre las homil\u00edas.<br \/>\nEl debate sobre el mensaje del sacerdote, asesinado por odio a la fe, siempre ha estado en el tapete. Los sectores de derecha lo interpretaron como un \u201cpreg\u00f3n\u201d a favor de la izquierda y estos tambi\u00e9n hicieron una instrumentalizaci\u00f3n pol\u00edtica en contra de la derecha.<\/p>\n<p>Monse\u00f1or Rafael Urrutia, el canciller del arzobispado, asegura que de las homil\u00edas se tom\u00f3 la denuncia pero poco se interpret\u00f3 la parte pastoral. Su afirmaci\u00f3n coincide con la del promotor de la causa en el Vaticano, Vincenzo Paglia, quien en 2008, mucho antes de ser anunciada la beatificaci\u00f3n, dijo que \u201cfue contrario tanto a la violencia del gobierno militar como a la de la guerrilla y vivi\u00f3 como pastor el drama de su reba\u00f1o. Fue acusado de ser comunista, aunque siempre conden\u00f3 el comunismo y nunca cambi\u00f3 de opini\u00f3n sobre ello\u201d.<\/p>\n<p>No solo los salvadore\u00f1os han estado divididos por el discurso de Romero, a la Congregaci\u00f3n de la Doctrina de la Fe del Vaticano le tom\u00f3 cinco a\u00f1os determinar que el sacerdote era ajeno a cualquier ideolog\u00eda, de 2000 a 2005; sin embargo, el proceso estuvo embargado casi ocho a\u00f1os m\u00e1s, hasta que fue desbloqueado por el papa Francisco.<\/p>\n<p><img data-attachment-id=\"22462\" data-permalink=\"http:\/\/especiales.laprensagrafica.com\/2015\/beatificacion-romero\/la-homilia-discordia-y-evangelio\/fnac21052015arcmon22\/\" data-orig-file=\"https:\/\/i0.wp.com\/especiales.laprensagrafica.com\/2015\/beatificacion-romero\/wp-content\/uploads\/2015\/05\/fnac21052015arcmon22.jpg?fit=900%2C1208\" data-orig-size=\"900,1208\" data-comments-opened=\"0\" data-image-meta=\"{&quot;aperture&quot;:&quot;0&quot;,&quot;credit&quot;:&quot;&quot;,&quot;camera&quot;:&quot;&quot;,&quot;caption&quot;:&quot;&quot;,&quot;created_timestamp&quot;:&quot;0&quot;,&quot;copyright&quot;:&quot;&quot;,&quot;focal_length&quot;:&quot;0&quot;,&quot;iso&quot;:&quot;0&quot;,&quot;shutter_speed&quot;:&quot;0&quot;,&quot;title&quot;:&quot;&quot;,&quot;orientation&quot;:&quot;0&quot;}\" data-image-title=\"fnac21052015arcmon22\" data-image-description=\"\" data-image-caption=\"\" data-medium-file=\"https:\/\/i0.wp.com\/especiales.laprensagrafica.com\/2015\/beatificacion-romero\/wp-content\/uploads\/2015\/05\/fnac21052015arcmon22.jpg?fit=224%2C300\" data-large-file=\"https:\/\/i0.wp.com\/especiales.laprensagrafica.com\/2015\/beatificacion-romero\/wp-content\/uploads\/2015\/05\/fnac21052015arcmon22.jpg?fit=763%2C1024\" loading=\"lazy\" class=\"alignleft wp-image-22462 size-medium\" src=\"https:\/\/i0.wp.com\/especiales.laprensagrafica.com\/2015\/beatificacion-romero\/wp-content\/uploads\/2015\/05\/fnac21052015arcmon22.jpg?resize=224%2C300\" alt=\"fnac21052015arcmon22\" width=\"224\" height=\"300\" srcset=\"https:\/\/i0.wp.com\/especiales.laprensagrafica.com\/2015\/beatificacion-romero\/wp-content\/uploads\/2015\/05\/fnac21052015arcmon22.jpg?resize=224%2C300 224w, https:\/\/i0.wp.com\/especiales.laprensagrafica.com\/2015\/beatificacion-romero\/wp-content\/uploads\/2015\/05\/fnac21052015arcmon22.jpg?resize=763%2C1024 763w, https:\/\/i0.wp.com\/especiales.laprensagrafica.com\/2015\/beatificacion-romero\/wp-content\/uploads\/2015\/05\/fnac21052015arcmon22.jpg?resize=555%2C745 555w, https:\/\/i0.wp.com\/especiales.laprensagrafica.com\/2015\/beatificacion-romero\/wp-content\/uploads\/2015\/05\/fnac21052015arcmon22.jpg?resize=360%2C483 360w, https:\/\/i0.wp.com\/especiales.laprensagrafica.com\/2015\/beatificacion-romero\/wp-content\/uploads\/2015\/05\/fnac21052015arcmon22.jpg?resize=262%2C352 262w, https:\/\/i0.wp.com\/especiales.laprensagrafica.com\/2015\/beatificacion-romero\/wp-content\/uploads\/2015\/05\/fnac21052015arcmon22.jpg?w=900 900w\" sizes=\"(max-width: 224px) 100vw, 224px\" data-recalc-dims=\"1\" \/>Paglia asegur\u00f3 en una entrevista a LA PRENSA GR\u00c1FICA que al Vaticano llegaban \u201ckilos de cartas que lo acusaban de hacer pol\u00edtica, de ser desequilibrado, de ser comunista&#8230; Estaba claro que hab\u00eda muchos que estaban en contra (del arzobispo y su beatificaci\u00f3n)\u201d.<\/p>\n<p>Una coincidencia m\u00e1s ocurre sobre las homil\u00edas, la primera va marcada por el descr\u00e9dito en el que incurr\u00eda la derecha y la segunda en la manipulaci\u00f3n que hac\u00eda la izquierda. Era una pugna de intereses pol\u00edticos enfrascada en el discurso.<\/p>\n<p>Marcos Mart\u00ednez, catedr\u00e1tico universitario, fil\u00f3sofo y con una maestr\u00eda en teolog\u00eda, asegura que los salvadore\u00f1os \u201cse han olvidado del verdadero sentido y la homil\u00eda est\u00e1 basada en el pensamiento doctrinal de la Iglesia, no lleva tendencias ideol\u00f3gicas, sino de fe\u201d.<\/p>\n<p>Para el fil\u00f3sofo es claro que Romero estaba lejos de la improvisaci\u00f3n en sus mensajes; de hecho, asegura que cada una ten\u00eda un t\u00edtulo y ese dato consolida que hab\u00eda una idea para desarrollar.<br \/>\nSu an\u00e1lisis se enfoca en dos aspectos bien puntuales del discurso del arzobispo: el primero es una explicaci\u00f3n de la palabra de Dios. La homil\u00eda de Monse\u00f1or Romero es eminentemente pastoral. El segundo es que \u201ces la palabra de Dios encarnada en la realidad salvadore\u00f1a\u201d.<\/p>\n<p>La radicalidad que muchos otorgaban al arzobispo con el evangelio coincide con uno de los se\u00f1alamientos de Mart\u00ednez, en el sentido de que ten\u00eda un esquema doctrinal: \u201cEl pensamiento de Monse\u00f1or Romero est\u00e1 basado en la doctrina social de la Iglesia. No habl\u00f3 desde una ideolog\u00eda, no habl\u00f3 basado en intereses pol\u00edticos o econ\u00f3micos. Lo de \u00e9l era \u00a1qu\u00e9 dice la Iglesia ante el sufrimiento de la gente!\u201d<\/p>\n<p>Lejos de la pol\u00edtica\u00a0Salvador Samayoa, antiguo militante del FMLN y ahora analista pol\u00edtico, es enf\u00e1tico al asegurar que el discurso de Romero no ten\u00eda agenda pol\u00edtica ni intenci\u00f3n de \u201capoyar o bendecir\u201d a ning\u00fan partido o fuerza pol\u00edtica. Apoya su tesis en que la actividad pol\u00edtica busca siempre la toma del poder y el arzobispo nunca quiso el poder para \u00e9l, o formar parte de este o tener influencia sobre este.<\/p>\n<p>\u201cEs evidente que Romero nunca tuvo ese tipo de intenci\u00f3n, ni contribuy\u00f3 en ese sentido a las intenciones de otros\u201d.<\/p>\n<p>Samayoa considera que la derecha salvadore\u00f1a estuvo equivocada cuando acus\u00f3 al sacerdote de meterse en pol\u00edtica, sobre todo porque en su momento tambi\u00e9n cuestion\u00f3 el accionar de la izquierda.<\/p>\n<p>\u201cLa denuncia de Romero era pura sensibilidad humana, pura solidaridad con la gente que sufr\u00eda dantescos vej\u00e1menes por parte de los cuerpos de seguridad del Gobierno\u201d, explica.<\/p>\n<p>El analista recuerda que en una de las cartas pastorales el arzobispo conden\u00f3 por igual las atrocidades realizadas por la izquierda y lo hizo con energ\u00eda: \u201cCensur\u00f3 con igual claridad la violencia que ejerc\u00edan las llamadas \u2018organizaciones revolucionarias de masas\u2019, aunque la justificaran como autodefensa o como leg\u00edtimo derecho a la insurrecci\u00f3n\u201d.<\/p>\n<p>La opini\u00f3n de los especialistas no est\u00e1 lejos del juicio simple de la gente, de los que convivieron con el cura y recibieron el mensaje directo. Para ellos, en las palabras de Romero jam\u00e1s hubo sesgo pol\u00edtico ni mensajes impl\u00edcitos para apoyar a determinada tendencia pol\u00edtica. Lo trataron de ni\u00f1os y convivieron tambi\u00e9n con \u00e9l de adultos y nunca cambi\u00f3.<\/p>\n<p><img data-attachment-id=\"22466\" data-permalink=\"http:\/\/especiales.laprensagrafica.com\/2015\/beatificacion-romero\/la-homilia-discordia-y-evangelio\/fnac23052015ecrom36\/\" data-orig-file=\"https:\/\/i0.wp.com\/especiales.laprensagrafica.com\/2015\/beatificacion-romero\/wp-content\/uploads\/2015\/05\/fnac23052015ecrom36.jpg?fit=900%2C556\" data-orig-size=\"900,556\" data-comments-opened=\"0\" data-image-meta=\"{&quot;aperture&quot;:&quot;0&quot;,&quot;credit&quot;:&quot;&quot;,&quot;camera&quot;:&quot;&quot;,&quot;caption&quot;:&quot;&quot;,&quot;created_timestamp&quot;:&quot;0&quot;,&quot;copyright&quot;:&quot;&quot;,&quot;focal_length&quot;:&quot;0&quot;,&quot;iso&quot;:&quot;0&quot;,&quot;shutter_speed&quot;:&quot;0&quot;,&quot;title&quot;:&quot;&quot;,&quot;orientation&quot;:&quot;0&quot;}\" data-image-title=\"fnac23052015ecrom36\" data-image-description=\"\" data-image-caption=\"\" data-medium-file=\"https:\/\/i0.wp.com\/especiales.laprensagrafica.com\/2015\/beatificacion-romero\/wp-content\/uploads\/2015\/05\/fnac23052015ecrom36.jpg?fit=300%2C185\" data-large-file=\"https:\/\/i0.wp.com\/especiales.laprensagrafica.com\/2015\/beatificacion-romero\/wp-content\/uploads\/2015\/05\/fnac23052015ecrom36.jpg?fit=900%2C556\" loading=\"lazy\" class=\"alignright size-medium wp-image-22466\" src=\"https:\/\/i0.wp.com\/especiales.laprensagrafica.com\/2015\/beatificacion-romero\/wp-content\/uploads\/2015\/05\/fnac23052015ecrom36.jpg?resize=300%2C185\" alt=\"fnac23052015ecrom36\" width=\"300\" height=\"185\" srcset=\"https:\/\/i0.wp.com\/especiales.laprensagrafica.com\/2015\/beatificacion-romero\/wp-content\/uploads\/2015\/05\/fnac23052015ecrom36.jpg?resize=300%2C185 300w, https:\/\/i0.wp.com\/especiales.laprensagrafica.com\/2015\/beatificacion-romero\/wp-content\/uploads\/2015\/05\/fnac23052015ecrom36.jpg?resize=555%2C343 555w, https:\/\/i0.wp.com\/especiales.laprensagrafica.com\/2015\/beatificacion-romero\/wp-content\/uploads\/2015\/05\/fnac23052015ecrom36.jpg?resize=360%2C222 360w, https:\/\/i0.wp.com\/especiales.laprensagrafica.com\/2015\/beatificacion-romero\/wp-content\/uploads\/2015\/05\/fnac23052015ecrom36.jpg?resize=262%2C162 262w, https:\/\/i0.wp.com\/especiales.laprensagrafica.com\/2015\/beatificacion-romero\/wp-content\/uploads\/2015\/05\/fnac23052015ecrom36.jpg?w=900 900w\" sizes=\"(max-width: 300px) 100vw, 300px\" data-recalc-dims=\"1\" \/>Ana Cristina Rivera es de las pocas personas que sobreviven a Romero en Ciudad Barrios, recuerda que cuando ten\u00eda siete a\u00f1os el sacerdote visitaba la ciudad y participaba en clases de catequesis, siempre al finalizar les regalaba una taza con leche. Sus recuerdos tambi\u00e9n la transportan viajando a San Miguel, sin tener claro si lo hac\u00eda en bus, cami\u00f3n o carreta. All\u00e1 en las gradas de la catedral el cura tambi\u00e9n vert\u00eda su mensaje.<\/p>\n<p>\u201cTodos \u00e9ramos ni\u00f1os que nos llevaban hasta San Miguel. Luego lo trat\u00e9 grande en algunos retiros y era muy abierto. Yo recuerdo que en un retiro hab\u00edan invitado a monse\u00f1or (Benjam\u00edn) Barrera y monse\u00f1or (Pedro Arnoldo) Aparicio, pero no llegaron y los hab\u00edan invitado para que vieran qu\u00e9 nos ense\u00f1aban a nosotros, pues se dec\u00eda que eran cosas de pol\u00edtica, pero el padre Romero jam\u00e1s fue as\u00ed\u201d.<\/p>\n<p>Lo que m\u00e1s se grab\u00f3 en Ana Cristina fue un canto que aprendi\u00f3 de ni\u00f1a, muy significativo para ella:<\/p>\n<p>Que viva el catecismo<br \/>\nde Dios divina ciencia<br \/>\nque ense\u00f1a la conciencia<br \/>\nla senda del deber.<\/p>\n<p>Para ella el camino pastoral nunca cambi\u00f3, siempre estuvo cerca de su iglesia, siempre pendiente de la gente.<\/p>\n<p>La manipulaci\u00f3n<\/p>\n<p>El conflicto ha marcado las homil\u00edas de Monse\u00f1or Romero desde siempre y lejos de la interpretaci\u00f3n real de los hechos por \u00e9l enfatizados, cada uno ha tomado lo que le conviene, coinciden los analistas.<\/p>\n<p>Monse\u00f1or Jes\u00fas Delgado, el copromotor de la causa de beatificaci\u00f3n, recuerda que las denuncias contra la palabra de Romero eran tales que los papas Pablo VI y Juan Pablo II enviaron a dos cardenales para que investigaran los hechos.<\/p>\n<p>El primero en llegar fue el cardenal Antonio Quarracino, m\u00e1s tarde tambi\u00e9n fue enviado el cardenal Eduardo Pironio, ambos, seg\u00fan Delgado, se fueron convencidos del mensaje pastoral de Romero.<br \/>\nMart\u00ednez explica que se debe finalizar la manipulaci\u00f3n del discurso y conocerlo con prop\u00f3sito pastoral, pero para ello se debe hacer un an\u00e1lisis de su palabra.<\/p>\n<p>Para el fil\u00f3sofo, las homil\u00edas son \u201cpalabra de Dios para los pobres, es una palabra de Dios eclesial, denunciante, pero esperanzadora y adem\u00e1s libre, sin compromisos con nadie, pero conflictiva tambi\u00e9n\u201d. Al hablar de conflicto se refiere claramente a las denuncias, a lo que para \u00e9l es poner el dedo en la llaga.<\/p>\n<p>Antes que manipular se debe interpretar el contenido y comprender lo que el arzobispo quiso decir.<\/p>\n<p>\u201cEs cierto que en su homil\u00eda hac\u00eda una denuncia, pero llamaba a la conversi\u00f3n a todos, a los pol\u00edticos, los grupos econ\u00f3micos, a los cuerpos de seguridad, a la Fuerza Armada, a las organizaciones populares. Hay un detalle m\u00e1s: su mensaje es catequ\u00e9tico porque nos ense\u00f1a. \u00c9l dec\u00eda que no hablaba como pol\u00edtico o soci\u00f3logo, sino como pastor\u201d, explica.<\/p>\n<p>Samayoa toca el punto que seguramente complica el aspecto de la manipulaci\u00f3n: \u201cLa pr\u00e9dica de Romero pudo tener implicaciones pol\u00edticas, pero no fue una pr\u00e9dica pol\u00edtica o con contenidos pol\u00edticos\u201d, obviamente era el factor denuncia el que dol\u00eda. Para el analista el discurso ha sufrido mucha manipulaci\u00f3n, pero de formas diferentes.<\/p>\n<p>Por un lado la derecha desacreditaba el discurso y por otro la izquierda postguerra lo us\u00f3 como arma contra la derecha.<\/p>\n<p>\u201cLa derecha, en el sentido de una deformaci\u00f3n o interpretaci\u00f3n injusta, mendaz, ignorante en realidad, del pensamiento y de las denuncias de Romero, porque ni siquiera se tomaban la molestia de escuchar sus homil\u00edas o leer sus cartas pastorales\u201d, explica.<\/p>\n<p>Para el analista, en los tiempos de la guerra civil el FMLN ten\u00eda poco inter\u00e9s por Romero, si se tiene en cuenta, el arzobispo bien pod\u00eda ser un veh\u00edculo para desmovilizar la acci\u00f3n revolucionaria, pues como pastor cat\u00f3lico estaba lejos del marxismo, al que el Frente abrazaba.<\/p>\n<p>\u201cFinalizada la guerra hubo personajes y discursos, dispersos primero, y cada vez m\u00e1s frecuentes en los \u00faltimos a\u00f1os reivindicando la figura de Romero como si fuera un \u00edcono de la izquierda pol\u00edtica, y como si fuera un arma pol\u00edtica arrojadiza contra la derecha. Esto ha sido claramente un abuso de algunos dirigentes del Frente\u201d, asegura Samayoa.<\/p>\n<p>Pero desliga a los dirigentes hist\u00f3ricos del partido de izquierda y vincula a ese hecho a oportunistas que crecieron al lado del partido.<\/p>\n<p>\u201cEn este ambiente de instrumentalizaci\u00f3n se escuch\u00f3 a algunas de las figuras m\u00e1s prominentes del Gobierno, en el quinquenio anterior, decir que Monse\u00f1or era su gu\u00eda. Esto fue realmente indignante, como si de la vida de Monse\u00f1or se pudieran tomar ejemplos y gu\u00edas para llevar una vida con el odio a flor de piel, una vida de calumnias e injurias, de tr\u00e1fico de influencias, de alcoholismo, de vicios, de adulterios, de prepotencia y de enriquecimiento personal con los recursos del Estado\u201d, asegura.<\/p>\n<p>La manipulaci\u00f3n ha llevado a la tergiversaci\u00f3n y hasta invenci\u00f3n. En una entrevista del peri\u00f3dico Vatican Insider, al bi\u00f3grafo Roberto Morozzo, este asegura que la frase \u201cSi me matan, resucitar\u00e9 en el pueblo salvadore\u00f1o\u201d es ap\u00f3crifa, pues Romero no ten\u00eda ese car\u00e1cter mesi\u00e1nico, de otras tantas tampoco se ha comprobado su autenticidad.<\/p>\n<p>La definici\u00f3n que quiz\u00e1 est\u00e9 m\u00e1s pr\u00f3xima a la interpretaci\u00f3n de las homil\u00edas de Monse\u00f1or quiz\u00e1 la resuma Mart\u00ednez: \u201cEs una palabra de Dios eclesial, denunciante pero esperanzadora y adem\u00e1s libre, sin compromisos con nadie, pero conflictiva tambi\u00e9n\u201d. Ese conflicto viene dado por la denuncia que hac\u00eda y por la incomodidad que tambi\u00e9n causaba.<\/p>\n<p>Con la llegada de la beatificaci\u00f3n, la Iglesia ha tratado de dar, alrededor de la figura del m\u00e1rtir, una sensaci\u00f3n gran\u00edtica, pero la resistencia de unos (sobre todo en las redes sociales) y la instrumentalizaci\u00f3n de otros sigue presente. Un sacerdote en San Miguel explicaba que \u201clos salvadore\u00f1os hemos destrozado a Monse\u00f1or Romero y eso no puede ser\u201d. Urrutia lo ve m\u00e1s sencillo, dice que \u201cunos lo aman m\u00e1s y otros no lo aman, pero \u2018Roma locuta, causa finita\u2019, Roma habl\u00f3 y se acab\u00f3 el problema, esto significa una aproximaci\u00f3n a Monse\u00f1or Romero desde la fe y el evangelio, no desde la ideolog\u00eda y la pol\u00edtica\u201d.<\/p>\n","protected":false},"excerpt":{"rendered":"<p>El discurso de Romero sigue como objeto de discordia entre muchos. Ha sido objeto de descr\u00e9dito y manipulaci\u00f3n. Varios analistas coinciden en que ten\u00eda un mensaje pastoral apegado a la doctrina de la Iglesia cat\u00f3lica, pero la coyuntura de la guerra civil hizo que entrara en un debate pol\u00edtico-ideol\u00f3gico. La Iglesia ha pedido que se&#8230;<\/p>\n","protected":false},"author":3,"featured_media":22460,"comment_status":"closed","ping_status":"open","sticky":false,"template":"","format":"standard","meta":{"spay_email":"","jetpack_publicize_message":"","jetpack_is_tweetstorm":false,"jetpack_publicize_feature_enabled":true},"categories":[12],"tags":[],"jetpack_publicize_connections":[],"yoast_head":"<!-- This site is optimized with the Yoast SEO plugin v19.1 - https:\/\/yoast.com\/wordpress\/plugins\/seo\/ -->\n<title>La homil\u00eda, discordia y evangelio - Beatificaci\u00f3n de Monse\u00f1or Romero<\/title>\n<meta name=\"robots\" content=\"index, follow, max-snippet:-1, max-image-preview:large, max-video-preview:-1\" \/>\n<link rel=\"canonical\" href=\"http:\/\/especiales.laprensagrafica.com\/2015\/beatificacion-romero\/la-homilia-discordia-y-evangelio\/\" \/>\n<meta property=\"og:locale\" content=\"es_ES\" \/>\n<meta property=\"og:type\" content=\"article\" \/>\n<meta property=\"og:title\" content=\"La homil\u00eda, discordia y evangelio - Beatificaci\u00f3n de Monse\u00f1or Romero\" \/>\n<meta property=\"og:description\" content=\"El discurso de Romero sigue como objeto de discordia entre muchos. Ha sido objeto de descr\u00e9dito y manipulaci\u00f3n. Varios analistas coinciden en que ten\u00eda un mensaje pastoral apegado a la doctrina de la Iglesia cat\u00f3lica, pero la coyuntura de la guerra civil hizo que entrara en un debate pol\u00edtico-ideol\u00f3gico. La Iglesia ha pedido que se...\" \/>\n<meta property=\"og:url\" content=\"http:\/\/especiales.laprensagrafica.com\/2015\/beatificacion-romero\/la-homilia-discordia-y-evangelio\/\" \/>\n<meta property=\"og:site_name\" content=\"Beatificaci\u00f3n de Monse\u00f1or Romero\" \/>\n<meta property=\"article:publisher\" content=\"https:\/\/www.facebook.com\/lpg.laprensagrafica\" \/>\n<meta property=\"article:published_time\" content=\"2015-05-21T20:42:52+00:00\" \/>\n<meta property=\"article:modified_time\" content=\"2015-05-21T20:52:23+00:00\" \/>\n<meta property=\"og:image\" content=\"https:\/\/i0.wp.com\/especiales.laprensagrafica.com\/2015\/beatificacion-romero\/wp-content\/uploads\/2015\/05\/fnac21052015arcmon24.jpg?fit=1140%2C1526\" \/>\n\t<meta property=\"og:image:width\" content=\"1140\" \/>\n\t<meta property=\"og:image:height\" content=\"1526\" \/>\n\t<meta property=\"og:image:type\" content=\"image\/jpeg\" \/>\n<meta name=\"twitter:card\" content=\"summary_large_image\" \/>\n<meta name=\"twitter:creator\" content=\"@prensagrafica\" \/>\n<meta name=\"twitter:site\" content=\"@prensagrafica\" \/>\n<meta name=\"twitter:label1\" content=\"Escrito por\" \/>\n\t<meta name=\"twitter:data1\" content=\"Javier Masis\" \/>\n\t<meta name=\"twitter:label2\" content=\"Tiempo de lectura\" \/>\n\t<meta name=\"twitter:data2\" content=\"10 minutos\" \/>\n<script type=\"application\/ld+json\" class=\"yoast-schema-graph\">{\"@context\":\"https:\/\/schema.org\",\"@graph\":[{\"@type\":\"WebSite\",\"@id\":\"http:\/\/especiales.laprensagrafica.com\/2015\/beatificacion-romero\/#website\",\"url\":\"http:\/\/especiales.laprensagrafica.com\/2015\/beatificacion-romero\/\",\"name\":\"Beatificaci\u00f3n de Monse\u00f1or Romero\",\"description\":\"Sitio especial de La Prensa Gr\u00e1fica\",\"potentialAction\":[{\"@type\":\"SearchAction\",\"target\":{\"@type\":\"EntryPoint\",\"urlTemplate\":\"http:\/\/especiales.laprensagrafica.com\/2015\/beatificacion-romero\/?s={search_term_string}\"},\"query-input\":\"required name=search_term_string\"}],\"inLanguage\":\"es\"},{\"@type\":\"ImageObject\",\"inLanguage\":\"es\",\"@id\":\"http:\/\/especiales.laprensagrafica.com\/2015\/beatificacion-romero\/la-homilia-discordia-y-evangelio\/#primaryimage\",\"url\":\"https:\/\/i0.wp.com\/especiales.laprensagrafica.com\/2015\/beatificacion-romero\/wp-content\/uploads\/2015\/05\/fnac21052015arcmon24.jpg?fit=1140%2C1526\",\"contentUrl\":\"https:\/\/i0.wp.com\/especiales.laprensagrafica.com\/2015\/beatificacion-romero\/wp-content\/uploads\/2015\/05\/fnac21052015arcmon24.jpg?fit=1140%2C1526\",\"width\":1140,\"height\":1526},{\"@type\":\"WebPage\",\"@id\":\"http:\/\/especiales.laprensagrafica.com\/2015\/beatificacion-romero\/la-homilia-discordia-y-evangelio\/#webpage\",\"url\":\"http:\/\/especiales.laprensagrafica.com\/2015\/beatificacion-romero\/la-homilia-discordia-y-evangelio\/\",\"name\":\"La homil\u00eda, discordia y evangelio - Beatificaci\u00f3n de Monse\u00f1or Romero\",\"isPartOf\":{\"@id\":\"http:\/\/especiales.laprensagrafica.com\/2015\/beatificacion-romero\/#website\"},\"primaryImageOfPage\":{\"@id\":\"http:\/\/especiales.laprensagrafica.com\/2015\/beatificacion-romero\/la-homilia-discordia-y-evangelio\/#primaryimage\"},\"datePublished\":\"2015-05-21T20:42:52+00:00\",\"dateModified\":\"2015-05-21T20:52:23+00:00\",\"author\":{\"@id\":\"http:\/\/especiales.laprensagrafica.com\/2015\/beatificacion-romero\/#\/schema\/person\/c4f61f06102b5427321c97a7d773d7a6\"},\"breadcrumb\":{\"@id\":\"http:\/\/especiales.laprensagrafica.com\/2015\/beatificacion-romero\/la-homilia-discordia-y-evangelio\/#breadcrumb\"},\"inLanguage\":\"es\",\"potentialAction\":[{\"@type\":\"ReadAction\",\"target\":[\"http:\/\/especiales.laprensagrafica.com\/2015\/beatificacion-romero\/la-homilia-discordia-y-evangelio\/\"]}]},{\"@type\":\"BreadcrumbList\",\"@id\":\"http:\/\/especiales.laprensagrafica.com\/2015\/beatificacion-romero\/la-homilia-discordia-y-evangelio\/#breadcrumb\",\"itemListElement\":[{\"@type\":\"ListItem\",\"position\":1,\"name\":\"Portada\",\"item\":\"http:\/\/especiales.laprensagrafica.com\/2015\/beatificacion-romero\/\"},{\"@type\":\"ListItem\",\"position\":2,\"name\":\"La homil\u00eda, discordia y evangelio\"}]},{\"@type\":\"Person\",\"@id\":\"http:\/\/especiales.laprensagrafica.com\/2015\/beatificacion-romero\/#\/schema\/person\/c4f61f06102b5427321c97a7d773d7a6\",\"name\":\"Javier Masis\",\"image\":{\"@type\":\"ImageObject\",\"inLanguage\":\"es\",\"@id\":\"http:\/\/especiales.laprensagrafica.com\/2015\/beatificacion-romero\/#\/schema\/person\/image\/\",\"url\":\"http:\/\/2.gravatar.com\/avatar\/e344e78a56a84c5f652f1c794f2ae83b?s=96&d=mm&r=g\",\"contentUrl\":\"http:\/\/2.gravatar.com\/avatar\/e344e78a56a84c5f652f1c794f2ae83b?s=96&d=mm&r=g\",\"caption\":\"Javier Masis\"},\"url\":\"http:\/\/especiales.laprensagrafica.com\/2015\/beatificacion-romero\/author\/waparicio\/\"}]}<\/script>\n<!-- \/ Yoast SEO plugin. -->","yoast_head_json":{"title":"La homil\u00eda, discordia y evangelio - Beatificaci\u00f3n de Monse\u00f1or Romero","robots":{"index":"index","follow":"follow","max-snippet":"max-snippet:-1","max-image-preview":"max-image-preview:large","max-video-preview":"max-video-preview:-1"},"canonical":"http:\/\/especiales.laprensagrafica.com\/2015\/beatificacion-romero\/la-homilia-discordia-y-evangelio\/","og_locale":"es_ES","og_type":"article","og_title":"La homil\u00eda, discordia y evangelio - Beatificaci\u00f3n de Monse\u00f1or Romero","og_description":"El discurso de Romero sigue como objeto de discordia entre muchos. Ha sido objeto de descr\u00e9dito y manipulaci\u00f3n. Varios analistas coinciden en que ten\u00eda un mensaje pastoral apegado a la doctrina de la Iglesia cat\u00f3lica, pero la coyuntura de la guerra civil hizo que entrara en un debate pol\u00edtico-ideol\u00f3gico. La Iglesia ha pedido que se...","og_url":"http:\/\/especiales.laprensagrafica.com\/2015\/beatificacion-romero\/la-homilia-discordia-y-evangelio\/","og_site_name":"Beatificaci\u00f3n de Monse\u00f1or Romero","article_publisher":"https:\/\/www.facebook.com\/lpg.laprensagrafica","article_published_time":"2015-05-21T20:42:52+00:00","article_modified_time":"2015-05-21T20:52:23+00:00","og_image":[{"width":1140,"height":1526,"url":"https:\/\/i0.wp.com\/especiales.laprensagrafica.com\/2015\/beatificacion-romero\/wp-content\/uploads\/2015\/05\/fnac21052015arcmon24.jpg?fit=1140%2C1526","type":"image\/jpeg"}],"twitter_card":"summary_large_image","twitter_creator":"@prensagrafica","twitter_site":"@prensagrafica","twitter_misc":{"Escrito por":"Javier Masis","Tiempo de lectura":"10 minutos"},"schema":{"@context":"https:\/\/schema.org","@graph":[{"@type":"WebSite","@id":"http:\/\/especiales.laprensagrafica.com\/2015\/beatificacion-romero\/#website","url":"http:\/\/especiales.laprensagrafica.com\/2015\/beatificacion-romero\/","name":"Beatificaci\u00f3n de Monse\u00f1or Romero","description":"Sitio especial de La Prensa Gr\u00e1fica","potentialAction":[{"@type":"SearchAction","target":{"@type":"EntryPoint","urlTemplate":"http:\/\/especiales.laprensagrafica.com\/2015\/beatificacion-romero\/?s={search_term_string}"},"query-input":"required name=search_term_string"}],"inLanguage":"es"},{"@type":"ImageObject","inLanguage":"es","@id":"http:\/\/especiales.laprensagrafica.com\/2015\/beatificacion-romero\/la-homilia-discordia-y-evangelio\/#primaryimage","url":"https:\/\/i0.wp.com\/especiales.laprensagrafica.com\/2015\/beatificacion-romero\/wp-content\/uploads\/2015\/05\/fnac21052015arcmon24.jpg?fit=1140%2C1526","contentUrl":"https:\/\/i0.wp.com\/especiales.laprensagrafica.com\/2015\/beatificacion-romero\/wp-content\/uploads\/2015\/05\/fnac21052015arcmon24.jpg?fit=1140%2C1526","width":1140,"height":1526},{"@type":"WebPage","@id":"http:\/\/especiales.laprensagrafica.com\/2015\/beatificacion-romero\/la-homilia-discordia-y-evangelio\/#webpage","url":"http:\/\/especiales.laprensagrafica.com\/2015\/beatificacion-romero\/la-homilia-discordia-y-evangelio\/","name":"La homil\u00eda, discordia y evangelio - Beatificaci\u00f3n de Monse\u00f1or Romero","isPartOf":{"@id":"http:\/\/especiales.laprensagrafica.com\/2015\/beatificacion-romero\/#website"},"primaryImageOfPage":{"@id":"http:\/\/especiales.laprensagrafica.com\/2015\/beatificacion-romero\/la-homilia-discordia-y-evangelio\/#primaryimage"},"datePublished":"2015-05-21T20:42:52+00:00","dateModified":"2015-05-21T20:52:23+00:00","author":{"@id":"http:\/\/especiales.laprensagrafica.com\/2015\/beatificacion-romero\/#\/schema\/person\/c4f61f06102b5427321c97a7d773d7a6"},"breadcrumb":{"@id":"http:\/\/especiales.laprensagrafica.com\/2015\/beatificacion-romero\/la-homilia-discordia-y-evangelio\/#breadcrumb"},"inLanguage":"es","potentialAction":[{"@type":"ReadAction","target":["http:\/\/especiales.laprensagrafica.com\/2015\/beatificacion-romero\/la-homilia-discordia-y-evangelio\/"]}]},{"@type":"BreadcrumbList","@id":"http:\/\/especiales.laprensagrafica.com\/2015\/beatificacion-romero\/la-homilia-discordia-y-evangelio\/#breadcrumb","itemListElement":[{"@type":"ListItem","position":1,"name":"Portada","item":"http:\/\/especiales.laprensagrafica.com\/2015\/beatificacion-romero\/"},{"@type":"ListItem","position":2,"name":"La homil\u00eda, discordia y evangelio"}]},{"@type":"Person","@id":"http:\/\/especiales.laprensagrafica.com\/2015\/beatificacion-romero\/#\/schema\/person\/c4f61f06102b5427321c97a7d773d7a6","name":"Javier Masis","image":{"@type":"ImageObject","inLanguage":"es","@id":"http:\/\/especiales.laprensagrafica.com\/2015\/beatificacion-romero\/#\/schema\/person\/image\/","url":"http:\/\/2.gravatar.com\/avatar\/e344e78a56a84c5f652f1c794f2ae83b?s=96&d=mm&r=g","contentUrl":"http:\/\/2.gravatar.com\/avatar\/e344e78a56a84c5f652f1c794f2ae83b?s=96&d=mm&r=g","caption":"Javier Masis"},"url":"http:\/\/especiales.laprensagrafica.com\/2015\/beatificacion-romero\/author\/waparicio\/"}]}},"jetpack_featured_media_url":"https:\/\/i0.wp.com\/especiales.laprensagrafica.com\/2015\/beatificacion-romero\/wp-content\/uploads\/2015\/05\/fnac21052015arcmon24.jpg?fit=1140%2C1526","jetpack_sharing_enabled":true,"jetpack_shortlink":"https:\/\/wp.me\/p6bKPR-5Qf","jetpack-related-posts":[{"id":22531,"url":"http:\/\/especiales.laprensagrafica.com\/2015\/beatificacion-romero\/iglesia-espera-que-romero-sea-vinculo-para-reconciliacion\/","url_meta":{"origin":22459,"position":0},"title":"Iglesia espera que Romero sea v\u00ednculo  para reconciliaci\u00f3n","date":"22 mayo, 2015","format":false,"excerpt":"Conferencia Episcopal sostiene alejar de manipulaci\u00f3n la imagen del obispo m\u00e1rtir. Flor Ca\u00f1as La Iglesia cat\u00f3lica ve en la beatificaci\u00f3n de Monse\u00f1or \u00d3scar Arnulfo Romero Gald\u00e1mez una oportunidad de cambio a la situaci\u00f3n de violencia que se vive en el pa\u00eds. \u201cQue su intercesi\u00f3n abra caminos a la reconciliaci\u00f3n entre\u2026","rel":"","context":"En \u00abNoticias\u00bb","img":{"alt_text":"","src":"https:\/\/i0.wp.com\/especiales.laprensagrafica.com\/2015\/beatificacion-romero\/wp-content\/uploads\/2015\/05\/fnac22052015vpcar05.jpg?fit=1140%2C703&resize=350%2C200","width":350,"height":200},"classes":[]},{"id":54,"url":"http:\/\/especiales.laprensagrafica.com\/2015\/beatificacion-romero\/la-causa-de-romero-parecia-una-barca-en-medio-de-una-terrible-tempestad\/","url_meta":{"origin":22459,"position":1},"title":"\u201cLa causa de Romero parec\u00eda una barca en medio de una terrible tempestad\u201d","date":"9 marzo, 2015","format":false,"excerpt":"\u00a0 Vincenzo Paglia, postulador de la causa de beatificaci\u00f3n de Monse\u00f1or Romero, convers\u00f3 con LA PRENSA GR\u00c1FICA en Roma sobre los obst\u00e1culos que el proceso enfrent\u00f3 desde 1997, cuando la di\u00f3cesis de San Salvador lo propuso a la Santa Sede. Esta semana, Paglia visitar\u00e1 El Salvador para hablar con el\u2026","rel":"","context":"En \u00abNoticias\u00bb","img":{"alt_text":"","src":"https:\/\/i0.wp.com\/especiales.laprensagrafica.com\/2015\/beatificacion-romero\/wp-content\/uploads\/2015\/03\/09.jpg?fit=618%2C423&resize=350%2C200","width":350,"height":200},"classes":[]},{"id":22382,"url":"http:\/\/especiales.laprensagrafica.com\/2015\/beatificacion-romero\/ruptura-de-la-iglesia-dejo-a-romero-como-figura-de-descargo\/","url_meta":{"origin":22459,"position":2},"title":"Ruptura de la iglesia    dej\u00f3 a  Romero como figura de descargo","date":"19 mayo, 2015","format":false,"excerpt":"La curia salvadore\u00f1a entr\u00f3 en pugna con el conflicto armado, en medio de esta pugna qued\u00f3 Monse\u00f1or \u00d3scar Romero. Algunos dicen que no fue el sacerdote el objeto de la ruptura sino la coyuntura pol\u00edtica del pa\u00eds. La ruptura de la Iglesia cat\u00f3lica durante la guerra civil en el pa\u00eds\u2026","rel":"","context":"En \u00abTercera entrega\u00bb","img":{"alt_text":"","src":"https:\/\/i0.wp.com\/especiales.laprensagrafica.com\/2015\/beatificacion-romero\/wp-content\/uploads\/2015\/05\/misa.jpg?fit=1008%2C653&resize=350%2C200","width":350,"height":200},"classes":[]},{"id":22523,"url":"http:\/\/especiales.laprensagrafica.com\/2015\/beatificacion-romero\/el-comercio-siempre-va-un-paso-adelante\/","url_meta":{"origin":22459,"position":3},"title":"El comercio siempre va un paso adelante","date":"22 mayo, 2015","format":false,"excerpt":"Las ventas de art\u00edculos relacionados con Monse\u00f1or \u00d3scar Arnulfo Romero se multiplicaron desde ayer en San Salvador. Byron Sosa No hay evento en El Salvador en que los comerciantes no aprovechen para vender productos relacionados con \u00e9l. La beatificaci\u00f3n de Monse\u00f1or \u00d3scar Arnulfo Romero, sin duda, ha sido el momento\u2026","rel":"","context":"En \u00abNoticias\u00bb","img":{"alt_text":"","src":"https:\/\/i0.wp.com\/especiales.laprensagrafica.com\/2015\/beatificacion-romero\/wp-content\/uploads\/2015\/05\/fnac22052015bmart51.jpg?fit=1140%2C760&resize=350%2C200","width":350,"height":200},"classes":[]},{"id":56,"url":"http:\/\/especiales.laprensagrafica.com\/2015\/beatificacion-romero\/romero-es-hoy-el-santo-de-todo-el-salvador\/","url_meta":{"origin":22459,"position":4},"title":"\u201cRomero es hoy el santo de todo El Salvador\u201d","date":"10 marzo, 2015","format":false,"excerpt":"Monse\u00f1or Vincenzo Paglia estar\u00e1 esta semana en el pa\u00eds y tiene prevista una reuni\u00f3n con el presidente Salvador S\u00e1nchez Cer\u00e9n, confirmaron fuentes del ministerio de Relaciones Exteriores del pa\u00eds. Tambi\u00e9n se reunir\u00e1 con el episcopado para ultimar detalles de la beatificaci\u00f3n de Monse\u00f1or Romero. En la segunda parte de la\u2026","rel":"","context":"En \u00abNoticias\u00bb","img":{"alt_text":"","src":"https:\/\/i0.wp.com\/especiales.laprensagrafica.com\/2015\/beatificacion-romero\/wp-content\/uploads\/2015\/03\/10.jpg?fit=450%2C620&resize=350%2C200","width":350,"height":200},"classes":[]},{"id":22767,"url":"http:\/\/especiales.laprensagrafica.com\/2015\/beatificacion-romero\/relato-un-sabado-para-conocer-a-romero\/","url_meta":{"origin":22459,"position":5},"title":"Relato   Un s\u00e1bado para conocer a Romero","date":"24 mayo, 2015","format":false,"excerpt":"Ese arco\u00edris que convenientemente abrazaba al sol podr\u00eda haberse confundido con un milagro gracias a esa carta le\u00edda 20 minutos antes. A las 10:30 de la ma\u00f1ana, el cardenal Angelo Amato hab\u00eda le\u00eddo la carta del papa Francisco que reconoc\u00eda a \u00d3scar Arnulfo Romero como un bienaventurado \u2013un beato\u2013 de\u2026","rel":"","context":"En \u00abNoticias\u00bb","img":{"alt_text":"","src":"https:\/\/i0.wp.com\/especiales.laprensagrafica.com\/2015\/beatificacion-romero\/wp-content\/uploads\/2015\/05\/fnac24052015bmdro01.jpg?fit=1200%2C900&resize=350%2C200","width":350,"height":200},"classes":[]}],"_links":{"self":[{"href":"http:\/\/especiales.laprensagrafica.com\/2015\/beatificacion-romero\/wp-json\/wp\/v2\/posts\/22459"}],"collection":[{"href":"http:\/\/especiales.laprensagrafica.com\/2015\/beatificacion-romero\/wp-json\/wp\/v2\/posts"}],"about":[{"href":"http:\/\/especiales.laprensagrafica.com\/2015\/beatificacion-romero\/wp-json\/wp\/v2\/types\/post"}],"author":[{"embeddable":true,"href":"http:\/\/especiales.laprensagrafica.com\/2015\/beatificacion-romero\/wp-json\/wp\/v2\/users\/3"}],"replies":[{"embeddable":true,"href":"http:\/\/especiales.laprensagrafica.com\/2015\/beatificacion-romero\/wp-json\/wp\/v2\/comments?post=22459"}],"version-history":[{"count":3,"href":"http:\/\/especiales.laprensagrafica.com\/2015\/beatificacion-romero\/wp-json\/wp\/v2\/posts\/22459\/revisions"}],"predecessor-version":[{"id":22469,"href":"http:\/\/especiales.laprensagrafica.com\/2015\/beatificacion-romero\/wp-json\/wp\/v2\/posts\/22459\/revisions\/22469"}],"wp:featuredmedia":[{"embeddable":true,"href":"http:\/\/especiales.laprensagrafica.com\/2015\/beatificacion-romero\/wp-json\/wp\/v2\/media\/22460"}],"wp:attachment":[{"href":"http:\/\/especiales.laprensagrafica.com\/2015\/beatificacion-romero\/wp-json\/wp\/v2\/media?parent=22459"}],"wp:term":[{"taxonomy":"category","embeddable":true,"href":"http:\/\/especiales.laprensagrafica.com\/2015\/beatificacion-romero\/wp-json\/wp\/v2\/categories?post=22459"},{"taxonomy":"post_tag","embeddable":true,"href":"http:\/\/especiales.laprensagrafica.com\/2015\/beatificacion-romero\/wp-json\/wp\/v2\/tags?post=22459"}],"curies":[{"name":"wp","href":"https:\/\/api.w.org\/{rel}","templated":true}]}}