{"id":22754,"date":"2015-05-24T00:44:36","date_gmt":"2015-05-24T06:44:36","guid":{"rendered":"http:\/\/especiales.laprensagrafica.com\/2015\/beatificacion-romero\/?p=22754"},"modified":"2015-05-24T00:44:58","modified_gmt":"2015-05-24T06:44:58","slug":"un-acto-con-varias-estampas","status":"publish","type":"post","link":"http:\/\/especiales.laprensagrafica.com\/2015\/beatificacion-romero\/un-acto-con-varias-estampas\/","title":{"rendered":"Un acto con varias estampas"},"content":{"rendered":"<p>La espera para el acto de beatificaci\u00f3n dur\u00f3 muchas horas para los miles de asistentes en los alrededores de la plaza Divino Salvador del Mundo. Al final de la ceremonia quedaron muchas im\u00e1genes para recordar en la historia cat\u00f3lica salvadore\u00f1a.<\/p>\n<p style=\"text-align: center;\">\n<p><a href=\"https:\/\/i0.wp.com\/especiales.laprensagrafica.com\/2015\/beatificacion-romero\/wp-content\/uploads\/2015\/05\/fnac24052015mrbea63.jpg\"><img data-attachment-id=\"22755\" data-permalink=\"http:\/\/especiales.laprensagrafica.com\/2015\/beatificacion-romero\/un-acto-con-varias-estampas\/fnac24052015mrbea63\/\" data-orig-file=\"https:\/\/i0.wp.com\/especiales.laprensagrafica.com\/2015\/beatificacion-romero\/wp-content\/uploads\/2015\/05\/fnac24052015mrbea63.jpg?fit=1500%2C1000\" data-orig-size=\"1500,1000\" data-comments-opened=\"0\" data-image-meta=\"{&quot;aperture&quot;:&quot;0&quot;,&quot;credit&quot;:&quot;&quot;,&quot;camera&quot;:&quot;&quot;,&quot;caption&quot;:&quot;&quot;,&quot;created_timestamp&quot;:&quot;0&quot;,&quot;copyright&quot;:&quot;&quot;,&quot;focal_length&quot;:&quot;0&quot;,&quot;iso&quot;:&quot;0&quot;,&quot;shutter_speed&quot;:&quot;0&quot;,&quot;title&quot;:&quot;&quot;,&quot;orientation&quot;:&quot;0&quot;}\" data-image-title=\"fnac24052015mrbea63\" data-image-description=\"\" data-image-caption=\"\" data-medium-file=\"https:\/\/i0.wp.com\/especiales.laprensagrafica.com\/2015\/beatificacion-romero\/wp-content\/uploads\/2015\/05\/fnac24052015mrbea63.jpg?fit=300%2C200\" data-large-file=\"https:\/\/i0.wp.com\/especiales.laprensagrafica.com\/2015\/beatificacion-romero\/wp-content\/uploads\/2015\/05\/fnac24052015mrbea63.jpg?fit=1024%2C683\" loading=\"lazy\" class=\"alignnone size-large wp-image-22755\" src=\"https:\/\/i0.wp.com\/especiales.laprensagrafica.com\/2015\/beatificacion-romero\/wp-content\/uploads\/2015\/05\/fnac24052015mrbea63.jpg?resize=1024%2C683\" alt=\"fnac24052015mrbea63\" width=\"1024\" height=\"683\" srcset=\"https:\/\/i0.wp.com\/especiales.laprensagrafica.com\/2015\/beatificacion-romero\/wp-content\/uploads\/2015\/05\/fnac24052015mrbea63.jpg?resize=1024%2C683 1024w, https:\/\/i0.wp.com\/especiales.laprensagrafica.com\/2015\/beatificacion-romero\/wp-content\/uploads\/2015\/05\/fnac24052015mrbea63.jpg?resize=300%2C200 300w, https:\/\/i0.wp.com\/especiales.laprensagrafica.com\/2015\/beatificacion-romero\/wp-content\/uploads\/2015\/05\/fnac24052015mrbea63.jpg?resize=1140%2C760 1140w, https:\/\/i0.wp.com\/especiales.laprensagrafica.com\/2015\/beatificacion-romero\/wp-content\/uploads\/2015\/05\/fnac24052015mrbea63.jpg?resize=555%2C370 555w, https:\/\/i0.wp.com\/especiales.laprensagrafica.com\/2015\/beatificacion-romero\/wp-content\/uploads\/2015\/05\/fnac24052015mrbea63.jpg?resize=360%2C240 360w, https:\/\/i0.wp.com\/especiales.laprensagrafica.com\/2015\/beatificacion-romero\/wp-content\/uploads\/2015\/05\/fnac24052015mrbea63.jpg?resize=262%2C175 262w, https:\/\/i0.wp.com\/especiales.laprensagrafica.com\/2015\/beatificacion-romero\/wp-content\/uploads\/2015\/05\/fnac24052015mrbea63.jpg?w=1500 1500w\" sizes=\"(max-width: 1024px) 100vw, 1024px\" data-recalc-dims=\"1\" \/><\/a> <a href=\"https:\/\/i0.wp.com\/especiales.laprensagrafica.com\/2015\/beatificacion-romero\/wp-content\/uploads\/2015\/05\/fnac24052015bmbea94.jpg\"><img data-attachment-id=\"22756\" data-permalink=\"http:\/\/especiales.laprensagrafica.com\/2015\/beatificacion-romero\/un-acto-con-varias-estampas\/fnac24052015bmbea94\/\" data-orig-file=\"https:\/\/i0.wp.com\/especiales.laprensagrafica.com\/2015\/beatificacion-romero\/wp-content\/uploads\/2015\/05\/fnac24052015bmbea94.jpg?fit=1620%2C3402\" data-orig-size=\"1620,3402\" data-comments-opened=\"0\" data-image-meta=\"{&quot;aperture&quot;:&quot;0&quot;,&quot;credit&quot;:&quot;&quot;,&quot;camera&quot;:&quot;&quot;,&quot;caption&quot;:&quot;&quot;,&quot;created_timestamp&quot;:&quot;0&quot;,&quot;copyright&quot;:&quot;&quot;,&quot;focal_length&quot;:&quot;0&quot;,&quot;iso&quot;:&quot;0&quot;,&quot;shutter_speed&quot;:&quot;0&quot;,&quot;title&quot;:&quot;&quot;,&quot;orientation&quot;:&quot;0&quot;}\" data-image-title=\"fnac24052015bmbea94\" data-image-description=\"\" data-image-caption=\"\" data-medium-file=\"https:\/\/i0.wp.com\/especiales.laprensagrafica.com\/2015\/beatificacion-romero\/wp-content\/uploads\/2015\/05\/fnac24052015bmbea94.jpg?fit=143%2C300\" data-large-file=\"https:\/\/i0.wp.com\/especiales.laprensagrafica.com\/2015\/beatificacion-romero\/wp-content\/uploads\/2015\/05\/fnac24052015bmbea94.jpg?fit=488%2C1024\" loading=\"lazy\" class=\"alignnone size-large wp-image-22756\" src=\"https:\/\/i0.wp.com\/especiales.laprensagrafica.com\/2015\/beatificacion-romero\/wp-content\/uploads\/2015\/05\/fnac24052015bmbea94.jpg?resize=488%2C1024\" alt=\"fnac24052015bmbea94\" width=\"488\" height=\"1024\" srcset=\"https:\/\/i0.wp.com\/especiales.laprensagrafica.com\/2015\/beatificacion-romero\/wp-content\/uploads\/2015\/05\/fnac24052015bmbea94.jpg?resize=488%2C1024 488w, https:\/\/i0.wp.com\/especiales.laprensagrafica.com\/2015\/beatificacion-romero\/wp-content\/uploads\/2015\/05\/fnac24052015bmbea94.jpg?resize=143%2C300 143w, https:\/\/i0.wp.com\/especiales.laprensagrafica.com\/2015\/beatificacion-romero\/wp-content\/uploads\/2015\/05\/fnac24052015bmbea94.jpg?resize=1140%2C2394 1140w, https:\/\/i0.wp.com\/especiales.laprensagrafica.com\/2015\/beatificacion-romero\/wp-content\/uploads\/2015\/05\/fnac24052015bmbea94.jpg?resize=555%2C1166 555w, https:\/\/i0.wp.com\/especiales.laprensagrafica.com\/2015\/beatificacion-romero\/wp-content\/uploads\/2015\/05\/fnac24052015bmbea94.jpg?resize=360%2C756 360w, https:\/\/i0.wp.com\/especiales.laprensagrafica.com\/2015\/beatificacion-romero\/wp-content\/uploads\/2015\/05\/fnac24052015bmbea94.jpg?resize=262%2C550 262w, https:\/\/i0.wp.com\/especiales.laprensagrafica.com\/2015\/beatificacion-romero\/wp-content\/uploads\/2015\/05\/fnac24052015bmbea94.jpg?w=1620 1620w\" sizes=\"(max-width: 488px) 100vw, 488px\" data-recalc-dims=\"1\" \/><\/a> <a href=\"https:\/\/i0.wp.com\/especiales.laprensagrafica.com\/2015\/beatificacion-romero\/wp-content\/uploads\/2015\/05\/fnac24052015bmbea91.jpg\"><img data-attachment-id=\"22757\" data-permalink=\"http:\/\/especiales.laprensagrafica.com\/2015\/beatificacion-romero\/un-acto-con-varias-estampas\/fnac24052015bmbea91\/\" data-orig-file=\"https:\/\/i0.wp.com\/especiales.laprensagrafica.com\/2015\/beatificacion-romero\/wp-content\/uploads\/2015\/05\/fnac24052015bmbea91.jpg?fit=1500%2C1454\" data-orig-size=\"1500,1454\" data-comments-opened=\"0\" data-image-meta=\"{&quot;aperture&quot;:&quot;0&quot;,&quot;credit&quot;:&quot;&quot;,&quot;camera&quot;:&quot;&quot;,&quot;caption&quot;:&quot;&quot;,&quot;created_timestamp&quot;:&quot;0&quot;,&quot;copyright&quot;:&quot;&quot;,&quot;focal_length&quot;:&quot;0&quot;,&quot;iso&quot;:&quot;0&quot;,&quot;shutter_speed&quot;:&quot;0&quot;,&quot;title&quot;:&quot;&quot;,&quot;orientation&quot;:&quot;0&quot;}\" data-image-title=\"fnac24052015bmbea91\" data-image-description=\"\" data-image-caption=\"\" data-medium-file=\"https:\/\/i0.wp.com\/especiales.laprensagrafica.com\/2015\/beatificacion-romero\/wp-content\/uploads\/2015\/05\/fnac24052015bmbea91.jpg?fit=300%2C291\" data-large-file=\"https:\/\/i0.wp.com\/especiales.laprensagrafica.com\/2015\/beatificacion-romero\/wp-content\/uploads\/2015\/05\/fnac24052015bmbea91.jpg?fit=1024%2C993\" loading=\"lazy\" class=\"alignnone size-large wp-image-22757\" src=\"https:\/\/i0.wp.com\/especiales.laprensagrafica.com\/2015\/beatificacion-romero\/wp-content\/uploads\/2015\/05\/fnac24052015bmbea91.jpg?resize=1024%2C993\" alt=\"fnac24052015bmbea91\" width=\"1024\" height=\"993\" srcset=\"https:\/\/i0.wp.com\/especiales.laprensagrafica.com\/2015\/beatificacion-romero\/wp-content\/uploads\/2015\/05\/fnac24052015bmbea91.jpg?resize=1024%2C993 1024w, https:\/\/i0.wp.com\/especiales.laprensagrafica.com\/2015\/beatificacion-romero\/wp-content\/uploads\/2015\/05\/fnac24052015bmbea91.jpg?resize=300%2C291 300w, https:\/\/i0.wp.com\/especiales.laprensagrafica.com\/2015\/beatificacion-romero\/wp-content\/uploads\/2015\/05\/fnac24052015bmbea91.jpg?resize=43%2C43 43w, https:\/\/i0.wp.com\/especiales.laprensagrafica.com\/2015\/beatificacion-romero\/wp-content\/uploads\/2015\/05\/fnac24052015bmbea91.jpg?resize=1140%2C1105 1140w, https:\/\/i0.wp.com\/especiales.laprensagrafica.com\/2015\/beatificacion-romero\/wp-content\/uploads\/2015\/05\/fnac24052015bmbea91.jpg?resize=555%2C538 555w, https:\/\/i0.wp.com\/especiales.laprensagrafica.com\/2015\/beatificacion-romero\/wp-content\/uploads\/2015\/05\/fnac24052015bmbea91.jpg?resize=360%2C349 360w, https:\/\/i0.wp.com\/especiales.laprensagrafica.com\/2015\/beatificacion-romero\/wp-content\/uploads\/2015\/05\/fnac24052015bmbea91.jpg?resize=262%2C254 262w, https:\/\/i0.wp.com\/especiales.laprensagrafica.com\/2015\/beatificacion-romero\/wp-content\/uploads\/2015\/05\/fnac24052015bmbea91.jpg?w=1500 1500w\" sizes=\"(max-width: 1024px) 100vw, 1024px\" data-recalc-dims=\"1\" \/><\/a> <a href=\"https:\/\/i0.wp.com\/especiales.laprensagrafica.com\/2015\/beatificacion-romero\/wp-content\/uploads\/2015\/05\/fnac24052015vpbea05.jpg\"><img data-attachment-id=\"22758\" data-permalink=\"http:\/\/especiales.laprensagrafica.com\/2015\/beatificacion-romero\/un-acto-con-varias-estampas\/fnac24052015vpbea05\/\" data-orig-file=\"https:\/\/i0.wp.com\/especiales.laprensagrafica.com\/2015\/beatificacion-romero\/wp-content\/uploads\/2015\/05\/fnac24052015vpbea05.jpg?fit=1008%2C767\" data-orig-size=\"1008,767\" data-comments-opened=\"0\" data-image-meta=\"{&quot;aperture&quot;:&quot;0&quot;,&quot;credit&quot;:&quot;&quot;,&quot;camera&quot;:&quot;&quot;,&quot;caption&quot;:&quot;&quot;,&quot;created_timestamp&quot;:&quot;0&quot;,&quot;copyright&quot;:&quot;&quot;,&quot;focal_length&quot;:&quot;0&quot;,&quot;iso&quot;:&quot;0&quot;,&quot;shutter_speed&quot;:&quot;0&quot;,&quot;title&quot;:&quot;&quot;,&quot;orientation&quot;:&quot;0&quot;}\" data-image-title=\"fnac24052015vpbea05\" data-image-description=\"\" data-image-caption=\"\" data-medium-file=\"https:\/\/i0.wp.com\/especiales.laprensagrafica.com\/2015\/beatificacion-romero\/wp-content\/uploads\/2015\/05\/fnac24052015vpbea05.jpg?fit=300%2C228\" data-large-file=\"https:\/\/i0.wp.com\/especiales.laprensagrafica.com\/2015\/beatificacion-romero\/wp-content\/uploads\/2015\/05\/fnac24052015vpbea05.jpg?fit=1008%2C767\" loading=\"lazy\" class=\"alignnone size-full wp-image-22758\" src=\"https:\/\/i0.wp.com\/especiales.laprensagrafica.com\/2015\/beatificacion-romero\/wp-content\/uploads\/2015\/05\/fnac24052015vpbea05.jpg?resize=1008%2C767\" alt=\"fnac24052015vpbea05\" width=\"1008\" height=\"767\" srcset=\"https:\/\/i0.wp.com\/especiales.laprensagrafica.com\/2015\/beatificacion-romero\/wp-content\/uploads\/2015\/05\/fnac24052015vpbea05.jpg?w=1008 1008w, https:\/\/i0.wp.com\/especiales.laprensagrafica.com\/2015\/beatificacion-romero\/wp-content\/uploads\/2015\/05\/fnac24052015vpbea05.jpg?resize=300%2C228 300w, https:\/\/i0.wp.com\/especiales.laprensagrafica.com\/2015\/beatificacion-romero\/wp-content\/uploads\/2015\/05\/fnac24052015vpbea05.jpg?resize=555%2C422 555w, https:\/\/i0.wp.com\/especiales.laprensagrafica.com\/2015\/beatificacion-romero\/wp-content\/uploads\/2015\/05\/fnac24052015vpbea05.jpg?resize=360%2C274 360w, https:\/\/i0.wp.com\/especiales.laprensagrafica.com\/2015\/beatificacion-romero\/wp-content\/uploads\/2015\/05\/fnac24052015vpbea05.jpg?resize=262%2C199 262w\" sizes=\"(max-width: 1008px) 100vw, 1008px\" data-recalc-dims=\"1\" \/><\/a> <a href=\"https:\/\/i0.wp.com\/especiales.laprensagrafica.com\/2015\/beatificacion-romero\/wp-content\/uploads\/2015\/05\/fnac24052015fgcer44.jpg\"><img data-attachment-id=\"22759\" data-permalink=\"http:\/\/especiales.laprensagrafica.com\/2015\/beatificacion-romero\/un-acto-con-varias-estampas\/fnac24052015fgcer44\/\" data-orig-file=\"https:\/\/i0.wp.com\/especiales.laprensagrafica.com\/2015\/beatificacion-romero\/wp-content\/uploads\/2015\/05\/fnac24052015fgcer44.jpg?fit=987%2C1154\" data-orig-size=\"987,1154\" data-comments-opened=\"0\" data-image-meta=\"{&quot;aperture&quot;:&quot;0&quot;,&quot;credit&quot;:&quot;&quot;,&quot;camera&quot;:&quot;&quot;,&quot;caption&quot;:&quot;&quot;,&quot;created_timestamp&quot;:&quot;0&quot;,&quot;copyright&quot;:&quot;&quot;,&quot;focal_length&quot;:&quot;0&quot;,&quot;iso&quot;:&quot;0&quot;,&quot;shutter_speed&quot;:&quot;0&quot;,&quot;title&quot;:&quot;&quot;,&quot;orientation&quot;:&quot;0&quot;}\" data-image-title=\"fnac24052015fgcer44\" data-image-description=\"\" data-image-caption=\"\" data-medium-file=\"https:\/\/i0.wp.com\/especiales.laprensagrafica.com\/2015\/beatificacion-romero\/wp-content\/uploads\/2015\/05\/fnac24052015fgcer44.jpg?fit=257%2C300\" data-large-file=\"https:\/\/i0.wp.com\/especiales.laprensagrafica.com\/2015\/beatificacion-romero\/wp-content\/uploads\/2015\/05\/fnac24052015fgcer44.jpg?fit=876%2C1024\" loading=\"lazy\" class=\"alignnone size-full wp-image-22759\" src=\"https:\/\/i0.wp.com\/especiales.laprensagrafica.com\/2015\/beatificacion-romero\/wp-content\/uploads\/2015\/05\/fnac24052015fgcer44.jpg?resize=987%2C1154\" alt=\"fnac24052015fgcer44\" width=\"987\" height=\"1154\" srcset=\"https:\/\/i0.wp.com\/especiales.laprensagrafica.com\/2015\/beatificacion-romero\/wp-content\/uploads\/2015\/05\/fnac24052015fgcer44.jpg?w=987 987w, https:\/\/i0.wp.com\/especiales.laprensagrafica.com\/2015\/beatificacion-romero\/wp-content\/uploads\/2015\/05\/fnac24052015fgcer44.jpg?resize=257%2C300 257w, https:\/\/i0.wp.com\/especiales.laprensagrafica.com\/2015\/beatificacion-romero\/wp-content\/uploads\/2015\/05\/fnac24052015fgcer44.jpg?resize=876%2C1024 876w, https:\/\/i0.wp.com\/especiales.laprensagrafica.com\/2015\/beatificacion-romero\/wp-content\/uploads\/2015\/05\/fnac24052015fgcer44.jpg?resize=555%2C649 555w, https:\/\/i0.wp.com\/especiales.laprensagrafica.com\/2015\/beatificacion-romero\/wp-content\/uploads\/2015\/05\/fnac24052015fgcer44.jpg?resize=360%2C421 360w, https:\/\/i0.wp.com\/especiales.laprensagrafica.com\/2015\/beatificacion-romero\/wp-content\/uploads\/2015\/05\/fnac24052015fgcer44.jpg?resize=262%2C306 262w\" sizes=\"(max-width: 987px) 100vw, 987px\" data-recalc-dims=\"1\" \/><\/a> <a href=\"https:\/\/i0.wp.com\/especiales.laprensagrafica.com\/2015\/beatificacion-romero\/wp-content\/uploads\/2015\/05\/fnac24052015bmbea90.jpg\"><img data-attachment-id=\"22760\" data-permalink=\"http:\/\/especiales.laprensagrafica.com\/2015\/beatificacion-romero\/un-acto-con-varias-estampas\/fnac24052015bmbea90\/\" data-orig-file=\"https:\/\/i0.wp.com\/especiales.laprensagrafica.com\/2015\/beatificacion-romero\/wp-content\/uploads\/2015\/05\/fnac24052015bmbea90.jpg?fit=1500%2C2375\" data-orig-size=\"1500,2375\" data-comments-opened=\"0\" data-image-meta=\"{&quot;aperture&quot;:&quot;0&quot;,&quot;credit&quot;:&quot;&quot;,&quot;camera&quot;:&quot;&quot;,&quot;caption&quot;:&quot;&quot;,&quot;created_timestamp&quot;:&quot;0&quot;,&quot;copyright&quot;:&quot;&quot;,&quot;focal_length&quot;:&quot;0&quot;,&quot;iso&quot;:&quot;0&quot;,&quot;shutter_speed&quot;:&quot;0&quot;,&quot;title&quot;:&quot;&quot;,&quot;orientation&quot;:&quot;0&quot;}\" data-image-title=\"fnac24052015bmbea90\" data-image-description=\"\" data-image-caption=\"\" data-medium-file=\"https:\/\/i0.wp.com\/especiales.laprensagrafica.com\/2015\/beatificacion-romero\/wp-content\/uploads\/2015\/05\/fnac24052015bmbea90.jpg?fit=189%2C300\" data-large-file=\"https:\/\/i0.wp.com\/especiales.laprensagrafica.com\/2015\/beatificacion-romero\/wp-content\/uploads\/2015\/05\/fnac24052015bmbea90.jpg?fit=647%2C1024\" loading=\"lazy\" class=\"alignnone size-full wp-image-22760\" src=\"https:\/\/i0.wp.com\/especiales.laprensagrafica.com\/2015\/beatificacion-romero\/wp-content\/uploads\/2015\/05\/fnac24052015bmbea90.jpg?resize=1260%2C1995\" alt=\"fnac24052015bmbea90\" width=\"1260\" height=\"1995\" srcset=\"https:\/\/i0.wp.com\/especiales.laprensagrafica.com\/2015\/beatificacion-romero\/wp-content\/uploads\/2015\/05\/fnac24052015bmbea90.jpg?w=1500 1500w, https:\/\/i0.wp.com\/especiales.laprensagrafica.com\/2015\/beatificacion-romero\/wp-content\/uploads\/2015\/05\/fnac24052015bmbea90.jpg?resize=189%2C300 189w, https:\/\/i0.wp.com\/especiales.laprensagrafica.com\/2015\/beatificacion-romero\/wp-content\/uploads\/2015\/05\/fnac24052015bmbea90.jpg?resize=647%2C1024 647w, https:\/\/i0.wp.com\/especiales.laprensagrafica.com\/2015\/beatificacion-romero\/wp-content\/uploads\/2015\/05\/fnac24052015bmbea90.jpg?resize=1140%2C1805 1140w, https:\/\/i0.wp.com\/especiales.laprensagrafica.com\/2015\/beatificacion-romero\/wp-content\/uploads\/2015\/05\/fnac24052015bmbea90.jpg?resize=555%2C879 555w, https:\/\/i0.wp.com\/especiales.laprensagrafica.com\/2015\/beatificacion-romero\/wp-content\/uploads\/2015\/05\/fnac24052015bmbea90.jpg?resize=360%2C570 360w, https:\/\/i0.wp.com\/especiales.laprensagrafica.com\/2015\/beatificacion-romero\/wp-content\/uploads\/2015\/05\/fnac24052015bmbea90.jpg?resize=262%2C415 262w\" sizes=\"(max-width: 1260px) 100vw, 1260px\" data-recalc-dims=\"1\" \/><\/a> <a href=\"https:\/\/i0.wp.com\/especiales.laprensagrafica.com\/2015\/beatificacion-romero\/wp-content\/uploads\/2015\/05\/fnac24052015ecsac03.jpg\"><img data-attachment-id=\"22761\" data-permalink=\"http:\/\/especiales.laprensagrafica.com\/2015\/beatificacion-romero\/un-acto-con-varias-estampas\/fnac24052015ecsac03\/\" data-orig-file=\"https:\/\/i0.wp.com\/especiales.laprensagrafica.com\/2015\/beatificacion-romero\/wp-content\/uploads\/2015\/05\/fnac24052015ecsac03.jpg?fit=1008%2C697\" data-orig-size=\"1008,697\" data-comments-opened=\"0\" data-image-meta=\"{&quot;aperture&quot;:&quot;0&quot;,&quot;credit&quot;:&quot;&quot;,&quot;camera&quot;:&quot;&quot;,&quot;caption&quot;:&quot;&quot;,&quot;created_timestamp&quot;:&quot;0&quot;,&quot;copyright&quot;:&quot;&quot;,&quot;focal_length&quot;:&quot;0&quot;,&quot;iso&quot;:&quot;0&quot;,&quot;shutter_speed&quot;:&quot;0&quot;,&quot;title&quot;:&quot;&quot;,&quot;orientation&quot;:&quot;0&quot;}\" data-image-title=\"fnac24052015ecsac03\" data-image-description=\"\" data-image-caption=\"\" data-medium-file=\"https:\/\/i0.wp.com\/especiales.laprensagrafica.com\/2015\/beatificacion-romero\/wp-content\/uploads\/2015\/05\/fnac24052015ecsac03.jpg?fit=300%2C207\" data-large-file=\"https:\/\/i0.wp.com\/especiales.laprensagrafica.com\/2015\/beatificacion-romero\/wp-content\/uploads\/2015\/05\/fnac24052015ecsac03.jpg?fit=1008%2C697\" loading=\"lazy\" class=\"alignnone size-full wp-image-22761\" src=\"https:\/\/i0.wp.com\/especiales.laprensagrafica.com\/2015\/beatificacion-romero\/wp-content\/uploads\/2015\/05\/fnac24052015ecsac03.jpg?resize=1008%2C697\" alt=\"fnac24052015ecsac03\" width=\"1008\" height=\"697\" srcset=\"https:\/\/i0.wp.com\/especiales.laprensagrafica.com\/2015\/beatificacion-romero\/wp-content\/uploads\/2015\/05\/fnac24052015ecsac03.jpg?w=1008 1008w, https:\/\/i0.wp.com\/especiales.laprensagrafica.com\/2015\/beatificacion-romero\/wp-content\/uploads\/2015\/05\/fnac24052015ecsac03.jpg?resize=300%2C207 300w, https:\/\/i0.wp.com\/especiales.laprensagrafica.com\/2015\/beatificacion-romero\/wp-content\/uploads\/2015\/05\/fnac24052015ecsac03.jpg?resize=555%2C384 555w, https:\/\/i0.wp.com\/especiales.laprensagrafica.com\/2015\/beatificacion-romero\/wp-content\/uploads\/2015\/05\/fnac24052015ecsac03.jpg?resize=360%2C249 360w, https:\/\/i0.wp.com\/especiales.laprensagrafica.com\/2015\/beatificacion-romero\/wp-content\/uploads\/2015\/05\/fnac24052015ecsac03.jpg?resize=262%2C181 262w\" sizes=\"(max-width: 1008px) 100vw, 1008px\" data-recalc-dims=\"1\" \/><\/a> <a href=\"https:\/\/i0.wp.com\/especiales.laprensagrafica.com\/2015\/beatificacion-romero\/wp-content\/uploads\/2015\/05\/fnac24052015bmbea97.jpg\"><img data-attachment-id=\"22762\" data-permalink=\"http:\/\/especiales.laprensagrafica.com\/2015\/beatificacion-romero\/un-acto-con-varias-estampas\/fnac24052015bmbea97\/\" data-orig-file=\"https:\/\/i0.wp.com\/especiales.laprensagrafica.com\/2015\/beatificacion-romero\/wp-content\/uploads\/2015\/05\/fnac24052015bmbea97.jpg?fit=1500%2C1106\" data-orig-size=\"1500,1106\" data-comments-opened=\"0\" data-image-meta=\"{&quot;aperture&quot;:&quot;0&quot;,&quot;credit&quot;:&quot;&quot;,&quot;camera&quot;:&quot;&quot;,&quot;caption&quot;:&quot;&quot;,&quot;created_timestamp&quot;:&quot;0&quot;,&quot;copyright&quot;:&quot;&quot;,&quot;focal_length&quot;:&quot;0&quot;,&quot;iso&quot;:&quot;0&quot;,&quot;shutter_speed&quot;:&quot;0&quot;,&quot;title&quot;:&quot;&quot;,&quot;orientation&quot;:&quot;0&quot;}\" data-image-title=\"fnac24052015bmbea97\" data-image-description=\"\" data-image-caption=\"\" data-medium-file=\"https:\/\/i0.wp.com\/especiales.laprensagrafica.com\/2015\/beatificacion-romero\/wp-content\/uploads\/2015\/05\/fnac24052015bmbea97.jpg?fit=300%2C221\" data-large-file=\"https:\/\/i0.wp.com\/especiales.laprensagrafica.com\/2015\/beatificacion-romero\/wp-content\/uploads\/2015\/05\/fnac24052015bmbea97.jpg?fit=1024%2C755\" loading=\"lazy\" class=\"alignnone size-large wp-image-22762 aligncenter\" src=\"https:\/\/i0.wp.com\/especiales.laprensagrafica.com\/2015\/beatificacion-romero\/wp-content\/uploads\/2015\/05\/fnac24052015bmbea97.jpg?resize=1024%2C755\" alt=\"fnac24052015bmbea97\" width=\"1024\" height=\"755\" srcset=\"https:\/\/i0.wp.com\/especiales.laprensagrafica.com\/2015\/beatificacion-romero\/wp-content\/uploads\/2015\/05\/fnac24052015bmbea97.jpg?resize=1024%2C755 1024w, https:\/\/i0.wp.com\/especiales.laprensagrafica.com\/2015\/beatificacion-romero\/wp-content\/uploads\/2015\/05\/fnac24052015bmbea97.jpg?resize=300%2C221 300w, https:\/\/i0.wp.com\/especiales.laprensagrafica.com\/2015\/beatificacion-romero\/wp-content\/uploads\/2015\/05\/fnac24052015bmbea97.jpg?resize=1140%2C841 1140w, https:\/\/i0.wp.com\/especiales.laprensagrafica.com\/2015\/beatificacion-romero\/wp-content\/uploads\/2015\/05\/fnac24052015bmbea97.jpg?resize=555%2C409 555w, https:\/\/i0.wp.com\/especiales.laprensagrafica.com\/2015\/beatificacion-romero\/wp-content\/uploads\/2015\/05\/fnac24052015bmbea97.jpg?resize=360%2C265 360w, https:\/\/i0.wp.com\/especiales.laprensagrafica.com\/2015\/beatificacion-romero\/wp-content\/uploads\/2015\/05\/fnac24052015bmbea97.jpg?resize=262%2C193 262w, https:\/\/i0.wp.com\/especiales.laprensagrafica.com\/2015\/beatificacion-romero\/wp-content\/uploads\/2015\/05\/fnac24052015bmbea97.jpg?w=1500 1500w\" sizes=\"(max-width: 1024px) 100vw, 1024px\" data-recalc-dims=\"1\" \/><\/a><\/p>\n","protected":false},"excerpt":{"rendered":"<p>La espera para el acto de beatificaci\u00f3n dur\u00f3 muchas horas para los miles de asistentes en los alrededores de la plaza Divino Salvador del Mundo. Al final de la ceremonia quedaron muchas im\u00e1genes para recordar en la historia cat\u00f3lica salvadore\u00f1a.<\/p>\n","protected":false},"author":5,"featured_media":22762,"comment_status":"closed","ping_status":"open","sticky":false,"template":"","format":"standard","meta":{"spay_email":"","jetpack_publicize_message":"","jetpack_is_tweetstorm":false,"jetpack_publicize_feature_enabled":true},"categories":[1],"tags":[],"jetpack_publicize_connections":[],"yoast_head":"<!-- This site is optimized with the Yoast SEO plugin v19.1 - https:\/\/yoast.com\/wordpress\/plugins\/seo\/ -->\n<title>Un acto con varias estampas - Beatificaci\u00f3n de Monse\u00f1or Romero<\/title>\n<meta name=\"robots\" content=\"index, follow, max-snippet:-1, max-image-preview:large, max-video-preview:-1\" \/>\n<link rel=\"canonical\" href=\"http:\/\/especiales.laprensagrafica.com\/2015\/beatificacion-romero\/un-acto-con-varias-estampas\/\" \/>\n<meta property=\"og:locale\" content=\"es_ES\" \/>\n<meta property=\"og:type\" content=\"article\" \/>\n<meta property=\"og:title\" content=\"Un acto con varias estampas - Beatificaci\u00f3n de Monse\u00f1or Romero\" \/>\n<meta property=\"og:description\" content=\"La espera para el acto de beatificaci\u00f3n dur\u00f3 muchas horas para los miles de asistentes en los alrededores de la plaza Divino Salvador del Mundo. Al final de la ceremonia quedaron muchas im\u00e1genes para recordar en la historia cat\u00f3lica salvadore\u00f1a.\" \/>\n<meta property=\"og:url\" content=\"http:\/\/especiales.laprensagrafica.com\/2015\/beatificacion-romero\/un-acto-con-varias-estampas\/\" \/>\n<meta property=\"og:site_name\" content=\"Beatificaci\u00f3n de Monse\u00f1or Romero\" \/>\n<meta property=\"article:publisher\" content=\"https:\/\/www.facebook.com\/lpg.laprensagrafica\" \/>\n<meta property=\"article:published_time\" content=\"2015-05-24T06:44:36+00:00\" \/>\n<meta property=\"article:modified_time\" content=\"2015-05-24T06:44:58+00:00\" \/>\n<meta property=\"og:image\" content=\"https:\/\/i0.wp.com\/especiales.laprensagrafica.com\/2015\/beatificacion-romero\/wp-content\/uploads\/2015\/05\/fnac24052015bmbea97.jpg?fit=1500%2C1106\" \/>\n\t<meta property=\"og:image:width\" content=\"1500\" \/>\n\t<meta property=\"og:image:height\" content=\"1106\" \/>\n\t<meta property=\"og:image:type\" content=\"image\/jpeg\" \/>\n<meta name=\"twitter:card\" content=\"summary_large_image\" \/>\n<meta name=\"twitter:creator\" content=\"@prensagrafica\" \/>\n<meta name=\"twitter:site\" content=\"@prensagrafica\" \/>\n<meta name=\"twitter:label1\" content=\"Escrito por\" \/>\n\t<meta name=\"twitter:data1\" content=\"Juan Carlos Rivas\" \/>\n<script type=\"application\/ld+json\" class=\"yoast-schema-graph\">{\"@context\":\"https:\/\/schema.org\",\"@graph\":[{\"@type\":\"WebSite\",\"@id\":\"http:\/\/especiales.laprensagrafica.com\/2015\/beatificacion-romero\/#website\",\"url\":\"http:\/\/especiales.laprensagrafica.com\/2015\/beatificacion-romero\/\",\"name\":\"Beatificaci\u00f3n de Monse\u00f1or Romero\",\"description\":\"Sitio especial de La Prensa Gr\u00e1fica\",\"potentialAction\":[{\"@type\":\"SearchAction\",\"target\":{\"@type\":\"EntryPoint\",\"urlTemplate\":\"http:\/\/especiales.laprensagrafica.com\/2015\/beatificacion-romero\/?s={search_term_string}\"},\"query-input\":\"required name=search_term_string\"}],\"inLanguage\":\"es\"},{\"@type\":\"ImageObject\",\"inLanguage\":\"es\",\"@id\":\"http:\/\/especiales.laprensagrafica.com\/2015\/beatificacion-romero\/un-acto-con-varias-estampas\/#primaryimage\",\"url\":\"https:\/\/i0.wp.com\/especiales.laprensagrafica.com\/2015\/beatificacion-romero\/wp-content\/uploads\/2015\/05\/fnac24052015bmbea97.jpg?fit=1500%2C1106\",\"contentUrl\":\"https:\/\/i0.wp.com\/especiales.laprensagrafica.com\/2015\/beatificacion-romero\/wp-content\/uploads\/2015\/05\/fnac24052015bmbea97.jpg?fit=1500%2C1106\",\"width\":1500,\"height\":1106},{\"@type\":\"WebPage\",\"@id\":\"http:\/\/especiales.laprensagrafica.com\/2015\/beatificacion-romero\/un-acto-con-varias-estampas\/#webpage\",\"url\":\"http:\/\/especiales.laprensagrafica.com\/2015\/beatificacion-romero\/un-acto-con-varias-estampas\/\",\"name\":\"Un acto con varias estampas - Beatificaci\u00f3n de Monse\u00f1or Romero\",\"isPartOf\":{\"@id\":\"http:\/\/especiales.laprensagrafica.com\/2015\/beatificacion-romero\/#website\"},\"primaryImageOfPage\":{\"@id\":\"http:\/\/especiales.laprensagrafica.com\/2015\/beatificacion-romero\/un-acto-con-varias-estampas\/#primaryimage\"},\"datePublished\":\"2015-05-24T06:44:36+00:00\",\"dateModified\":\"2015-05-24T06:44:58+00:00\",\"author\":{\"@id\":\"http:\/\/especiales.laprensagrafica.com\/2015\/beatificacion-romero\/#\/schema\/person\/b1a0028354d3ba94cb00b8f0eb158a28\"},\"breadcrumb\":{\"@id\":\"http:\/\/especiales.laprensagrafica.com\/2015\/beatificacion-romero\/un-acto-con-varias-estampas\/#breadcrumb\"},\"inLanguage\":\"es\",\"potentialAction\":[{\"@type\":\"ReadAction\",\"target\":[\"http:\/\/especiales.laprensagrafica.com\/2015\/beatificacion-romero\/un-acto-con-varias-estampas\/\"]}]},{\"@type\":\"BreadcrumbList\",\"@id\":\"http:\/\/especiales.laprensagrafica.com\/2015\/beatificacion-romero\/un-acto-con-varias-estampas\/#breadcrumb\",\"itemListElement\":[{\"@type\":\"ListItem\",\"position\":1,\"name\":\"Portada\",\"item\":\"http:\/\/especiales.laprensagrafica.com\/2015\/beatificacion-romero\/\"},{\"@type\":\"ListItem\",\"position\":2,\"name\":\"Un acto con varias estampas\"}]},{\"@type\":\"Person\",\"@id\":\"http:\/\/especiales.laprensagrafica.com\/2015\/beatificacion-romero\/#\/schema\/person\/b1a0028354d3ba94cb00b8f0eb158a28\",\"name\":\"Juan Carlos Rivas\",\"image\":{\"@type\":\"ImageObject\",\"inLanguage\":\"es\",\"@id\":\"http:\/\/especiales.laprensagrafica.com\/2015\/beatificacion-romero\/#\/schema\/person\/image\/\",\"url\":\"http:\/\/0.gravatar.com\/avatar\/08a902c716583cffa92bf1bfff95a4ac?s=96&d=mm&r=g\",\"contentUrl\":\"http:\/\/0.gravatar.com\/avatar\/08a902c716583cffa92bf1bfff95a4ac?s=96&d=mm&r=g\",\"caption\":\"Juan Carlos Rivas\"},\"url\":\"http:\/\/especiales.laprensagrafica.com\/2015\/beatificacion-romero\/author\/jrivas\/\"}]}<\/script>\n<!-- \/ Yoast SEO plugin. -->","yoast_head_json":{"title":"Un acto con varias estampas - Beatificaci\u00f3n de Monse\u00f1or Romero","robots":{"index":"index","follow":"follow","max-snippet":"max-snippet:-1","max-image-preview":"max-image-preview:large","max-video-preview":"max-video-preview:-1"},"canonical":"http:\/\/especiales.laprensagrafica.com\/2015\/beatificacion-romero\/un-acto-con-varias-estampas\/","og_locale":"es_ES","og_type":"article","og_title":"Un acto con varias estampas - Beatificaci\u00f3n de Monse\u00f1or Romero","og_description":"La espera para el acto de beatificaci\u00f3n dur\u00f3 muchas horas para los miles de asistentes en los alrededores de la plaza Divino Salvador del Mundo. Al final de la ceremonia quedaron muchas im\u00e1genes para recordar en la historia cat\u00f3lica salvadore\u00f1a.","og_url":"http:\/\/especiales.laprensagrafica.com\/2015\/beatificacion-romero\/un-acto-con-varias-estampas\/","og_site_name":"Beatificaci\u00f3n de Monse\u00f1or Romero","article_publisher":"https:\/\/www.facebook.com\/lpg.laprensagrafica","article_published_time":"2015-05-24T06:44:36+00:00","article_modified_time":"2015-05-24T06:44:58+00:00","og_image":[{"width":1500,"height":1106,"url":"https:\/\/i0.wp.com\/especiales.laprensagrafica.com\/2015\/beatificacion-romero\/wp-content\/uploads\/2015\/05\/fnac24052015bmbea97.jpg?fit=1500%2C1106","type":"image\/jpeg"}],"twitter_card":"summary_large_image","twitter_creator":"@prensagrafica","twitter_site":"@prensagrafica","twitter_misc":{"Escrito por":"Juan Carlos Rivas"},"schema":{"@context":"https:\/\/schema.org","@graph":[{"@type":"WebSite","@id":"http:\/\/especiales.laprensagrafica.com\/2015\/beatificacion-romero\/#website","url":"http:\/\/especiales.laprensagrafica.com\/2015\/beatificacion-romero\/","name":"Beatificaci\u00f3n de Monse\u00f1or Romero","description":"Sitio especial de La Prensa Gr\u00e1fica","potentialAction":[{"@type":"SearchAction","target":{"@type":"EntryPoint","urlTemplate":"http:\/\/especiales.laprensagrafica.com\/2015\/beatificacion-romero\/?s={search_term_string}"},"query-input":"required name=search_term_string"}],"inLanguage":"es"},{"@type":"ImageObject","inLanguage":"es","@id":"http:\/\/especiales.laprensagrafica.com\/2015\/beatificacion-romero\/un-acto-con-varias-estampas\/#primaryimage","url":"https:\/\/i0.wp.com\/especiales.laprensagrafica.com\/2015\/beatificacion-romero\/wp-content\/uploads\/2015\/05\/fnac24052015bmbea97.jpg?fit=1500%2C1106","contentUrl":"https:\/\/i0.wp.com\/especiales.laprensagrafica.com\/2015\/beatificacion-romero\/wp-content\/uploads\/2015\/05\/fnac24052015bmbea97.jpg?fit=1500%2C1106","width":1500,"height":1106},{"@type":"WebPage","@id":"http:\/\/especiales.laprensagrafica.com\/2015\/beatificacion-romero\/un-acto-con-varias-estampas\/#webpage","url":"http:\/\/especiales.laprensagrafica.com\/2015\/beatificacion-romero\/un-acto-con-varias-estampas\/","name":"Un acto con varias estampas - Beatificaci\u00f3n de Monse\u00f1or Romero","isPartOf":{"@id":"http:\/\/especiales.laprensagrafica.com\/2015\/beatificacion-romero\/#website"},"primaryImageOfPage":{"@id":"http:\/\/especiales.laprensagrafica.com\/2015\/beatificacion-romero\/un-acto-con-varias-estampas\/#primaryimage"},"datePublished":"2015-05-24T06:44:36+00:00","dateModified":"2015-05-24T06:44:58+00:00","author":{"@id":"http:\/\/especiales.laprensagrafica.com\/2015\/beatificacion-romero\/#\/schema\/person\/b1a0028354d3ba94cb00b8f0eb158a28"},"breadcrumb":{"@id":"http:\/\/especiales.laprensagrafica.com\/2015\/beatificacion-romero\/un-acto-con-varias-estampas\/#breadcrumb"},"inLanguage":"es","potentialAction":[{"@type":"ReadAction","target":["http:\/\/especiales.laprensagrafica.com\/2015\/beatificacion-romero\/un-acto-con-varias-estampas\/"]}]},{"@type":"BreadcrumbList","@id":"http:\/\/especiales.laprensagrafica.com\/2015\/beatificacion-romero\/un-acto-con-varias-estampas\/#breadcrumb","itemListElement":[{"@type":"ListItem","position":1,"name":"Portada","item":"http:\/\/especiales.laprensagrafica.com\/2015\/beatificacion-romero\/"},{"@type":"ListItem","position":2,"name":"Un acto con varias estampas"}]},{"@type":"Person","@id":"http:\/\/especiales.laprensagrafica.com\/2015\/beatificacion-romero\/#\/schema\/person\/b1a0028354d3ba94cb00b8f0eb158a28","name":"Juan Carlos Rivas","image":{"@type":"ImageObject","inLanguage":"es","@id":"http:\/\/especiales.laprensagrafica.com\/2015\/beatificacion-romero\/#\/schema\/person\/image\/","url":"http:\/\/0.gravatar.com\/avatar\/08a902c716583cffa92bf1bfff95a4ac?s=96&d=mm&r=g","contentUrl":"http:\/\/0.gravatar.com\/avatar\/08a902c716583cffa92bf1bfff95a4ac?s=96&d=mm&r=g","caption":"Juan Carlos Rivas"},"url":"http:\/\/especiales.laprensagrafica.com\/2015\/beatificacion-romero\/author\/jrivas\/"}]}},"jetpack_featured_media_url":"https:\/\/i0.wp.com\/especiales.laprensagrafica.com\/2015\/beatificacion-romero\/wp-content\/uploads\/2015\/05\/fnac24052015bmbea97.jpg?fit=1500%2C1106","jetpack_sharing_enabled":true,"jetpack_shortlink":"https:\/\/wp.me\/p6bKPR-5V0","jetpack-related-posts":[{"id":22668,"url":"http:\/\/especiales.laprensagrafica.com\/2015\/beatificacion-romero\/la-distancia-no-representa-obstaculo-para-los-creyentes-miguelenos\/","url_meta":{"origin":22754,"position":0},"title":"La distancia no representa obst\u00e1culo para los creyentes miguele\u00f1os","date":"23 mayo, 2015","format":false,"excerpt":"Ni el clima, ni el largo trayecto han sido capaces de detener la devoci\u00f3n de los seguidores de Romero. Desde ayer en la tarde, hasta hoy en la madrugada, cientos de miguele\u00f1os viajaron hacia la capital. Irvin Alvarado con reportes de H\u00e9ctor Rivas Cientos de miguele\u00f1os han comenzado desde ayer\u2026","rel":"","context":"En \u00abNoticias\u00bb","img":{"alt_text":"","src":"https:\/\/i0.wp.com\/especiales.laprensagrafica.com\/2015\/beatificacion-romero\/wp-content\/uploads\/2015\/05\/sanmiguel2.jpg?fit=1140%2C758&resize=350%2C200","width":350,"height":200},"classes":[]},{"id":22696,"url":"http:\/\/especiales.laprensagrafica.com\/2015\/beatificacion-romero\/oscar-arnulfo-romero-ya-es-beato\/","url_meta":{"origin":22754,"position":1},"title":"\u00d3scar Arnulfo Romero ya es beato","date":"23 mayo, 2015","format":false,"excerpt":"\u00d3scar Arnulfo Romero fue declarado beato, el primero para El Salvador, en una multitudinaria ceremonia realizada en la plaza Salvador del Mundo. Irvin Alvarado \u00d3scar Arnulfo Romero ha sido declarado nuevo beato de la iglesia cat\u00f3lica tras 35 a\u00f1os de haber sido asesinado por su labor de denuncia en perjuicio\u2026","rel":"","context":"En \u00abNoticias\u00bb","img":{"alt_text":"","src":"https:\/\/i0.wp.com\/especiales.laprensagrafica.com\/2015\/beatificacion-romero\/wp-content\/uploads\/2015\/05\/Oscar-Arnulfo-Romero-ya-es-beato.jpg?fit=1140%2C758&resize=350%2C200","width":350,"height":200},"classes":[]},{"id":74,"url":"http:\/\/especiales.laprensagrafica.com\/2015\/beatificacion-romero\/iglesia-espera-260000-asistentes-a-beatificacion-de-romero\/","url_meta":{"origin":22754,"position":2},"title":"Iglesia espera 260,000 asistentes a beatificaci\u00f3n de Romero","date":"15 abril, 2015","format":false,"excerpt":"Colocar\u00e1n 40 pantallas y habilitar\u00e1n el estadio M\u00e1gico Gonz\u00e1lez para albergar a quienes no puedan asistir al Salvador del Mundo. La Iglesia cat\u00f3lica dijo hoy que espera la asistencia de unas 260,000 personas en el acto de beatificaci\u00f3n de Monse\u00f1or Romero. Esa es la cantidad de nacionales y extranjeros que\u2026","rel":"","context":"En \u00abNoticias\u00bb","img":{"alt_text":"","src":"https:\/\/i0.wp.com\/especiales.laprensagrafica.com\/2015\/beatificacion-romero\/wp-content\/uploads\/2015\/04\/21.jpg?fit=600%2C400&resize=350%2C200","width":350,"height":200},"classes":[]},{"id":22702,"url":"http:\/\/especiales.laprensagrafica.com\/2015\/beatificacion-romero\/reliquias-del-beato-romero-recorreran-el-pais\/","url_meta":{"origin":22754,"position":3},"title":"Reliquias del beato Romero recorrer\u00e1n el pa\u00eds","date":"23 mayo, 2015","format":false,"excerpt":"As\u00ed lo manifestaron los representantes de la iglesia durante el acto de beatificaci\u00f3n. Irvin Alvarado Tras ser declarado esta ma\u00f1ana como el primer beato salvadore\u00f1o, las reliquias de \u00d3scar Arnulfo Romero recorrer\u00e1n las parroquias de todo El Salvador. As\u00ed fue revelado por los representantes de la iglesia cat\u00f3lica durante el\u2026","rel":"","context":"En \u00abNoticias\u00bb","img":{"alt_text":"","src":"https:\/\/i0.wp.com\/especiales.laprensagrafica.com\/2015\/beatificacion-romero\/wp-content\/uploads\/2015\/05\/reliquias1.jpg?fit=1140%2C758&resize=350%2C200","width":350,"height":200},"classes":[]},{"id":22716,"url":"http:\/\/especiales.laprensagrafica.com\/2015\/beatificacion-romero\/ceremonia-trasciende-en-prensa-mundial\/","url_meta":{"origin":22754,"position":4},"title":"Ceremonia trasciende en prensa mundial","date":"24 mayo, 2015","format":false,"excerpt":"Cadenas noticiosas de diferentes naciones llegaron al pa\u00eds \u00a0para transmitir en vivo la beatificaci\u00f3n del primer salvadore\u00f1o. \u00a0 Cristian Mel\u00e9ndez La atenci\u00f3n medi\u00e1tica sobre el pa\u00eds debido a la beatificaci\u00f3n de Monse\u00f1or \u00d3scar Arnulfo Romero que se vivi\u00f3 en las \u00faltimas semanas se manifest\u00f3 a\u00fan m\u00e1s ayer cuando se realiz\u00f3\u2026","rel":"","context":"En \u00abNoticias\u00bb","img":{"alt_text":"","src":"https:\/\/i0.wp.com\/especiales.laprensagrafica.com\/2015\/beatificacion-romero\/wp-content\/uploads\/2015\/05\/fnac24052015bspre23.jpg?fit=1008%2C585&resize=350%2C200","width":350,"height":200},"classes":[]},{"id":22607,"url":"http:\/\/especiales.laprensagrafica.com\/2015\/beatificacion-romero\/inauguran-letrero-luminoso-en-honor-a-romero\/","url_meta":{"origin":22754,"position":5},"title":"Inauguran letrero luminoso en honor a Romero","date":"22 mayo, 2015","format":false,"excerpt":"Esta tarde fue inaugurado el cartel que da la bienvenida a los visitantes al Aeropuerto Internacional Monse\u00f1or \u00d3scar Arnulfo Romero. Irvin Alvarado Esta tarde fue inaugurado un letrero luminoso para dar la bienvenida a los visitantes al Aeropuerto Internacional Monse\u00f1or \u00d3scar Arnulfo Romero, por motivo de subeatificaci\u00f3n. En el acto\u2026","rel":"","context":"En \u00abNoticias\u00bb","img":{"alt_text":"","src":"https:\/\/i0.wp.com\/especiales.laprensagrafica.com\/2015\/beatificacion-romero\/wp-content\/uploads\/2015\/05\/rotulo111.jpg?fit=1140%2C757&resize=350%2C200","width":350,"height":200},"classes":[]}],"_links":{"self":[{"href":"http:\/\/especiales.laprensagrafica.com\/2015\/beatificacion-romero\/wp-json\/wp\/v2\/posts\/22754"}],"collection":[{"href":"http:\/\/especiales.laprensagrafica.com\/2015\/beatificacion-romero\/wp-json\/wp\/v2\/posts"}],"about":[{"href":"http:\/\/especiales.laprensagrafica.com\/2015\/beatificacion-romero\/wp-json\/wp\/v2\/types\/post"}],"author":[{"embeddable":true,"href":"http:\/\/especiales.laprensagrafica.com\/2015\/beatificacion-romero\/wp-json\/wp\/v2\/users\/5"}],"replies":[{"embeddable":true,"href":"http:\/\/especiales.laprensagrafica.com\/2015\/beatificacion-romero\/wp-json\/wp\/v2\/comments?post=22754"}],"version-history":[{"count":1,"href":"http:\/\/especiales.laprensagrafica.com\/2015\/beatificacion-romero\/wp-json\/wp\/v2\/posts\/22754\/revisions"}],"predecessor-version":[{"id":22763,"href":"http:\/\/especiales.laprensagrafica.com\/2015\/beatificacion-romero\/wp-json\/wp\/v2\/posts\/22754\/revisions\/22763"}],"wp:featuredmedia":[{"embeddable":true,"href":"http:\/\/especiales.laprensagrafica.com\/2015\/beatificacion-romero\/wp-json\/wp\/v2\/media\/22762"}],"wp:attachment":[{"href":"http:\/\/especiales.laprensagrafica.com\/2015\/beatificacion-romero\/wp-json\/wp\/v2\/media?parent=22754"}],"wp:term":[{"taxonomy":"category","embeddable":true,"href":"http:\/\/especiales.laprensagrafica.com\/2015\/beatificacion-romero\/wp-json\/wp\/v2\/categories?post=22754"},{"taxonomy":"post_tag","embeddable":true,"href":"http:\/\/especiales.laprensagrafica.com\/2015\/beatificacion-romero\/wp-json\/wp\/v2\/tags?post=22754"}],"curies":[{"name":"wp","href":"https:\/\/api.w.org\/{rel}","templated":true}]}}