{"id":22764,"date":"2015-05-24T00:49:44","date_gmt":"2015-05-24T06:49:44","guid":{"rendered":"http:\/\/especiales.laprensagrafica.com\/2015\/beatificacion-romero\/?p=22764"},"modified":"2015-05-24T00:49:44","modified_gmt":"2015-05-24T06:49:44","slug":"cronica-1400-sacerdotes-revestidos-para-celebrar","status":"publish","type":"post","link":"http:\/\/especiales.laprensagrafica.com\/2015\/beatificacion-romero\/cronica-1400-sacerdotes-revestidos-para-celebrar\/","title":{"rendered":"Cr\u00f3nica   1,400 sacerdotes revestidos para Celebrar"},"content":{"rendered":"<p>Una fila de seminaristas irrumpi\u00f3 ayer a las 7:30 de la ma\u00f1ana en el templo de la parroquia San Jos\u00e9 de la Monta\u00f1a. Entraron por una de las puertas laterales, cada uno portaba una sotana roja que le colgaba de las manos desde un gancho y envuelta en un pl\u00e1stico transparente, as\u00ed como acostumbran entregar la ropa en las tintorer\u00edas.<br \/>\n<br \/>\n<strong>Ricardo Flores\/Flor Ca\u00f1as<\/strong><br \/>\n<br \/>\nLa Iglesia cat\u00f3lica le llama casulla a esa vestimenta exterior que usan los sacerdotes para celebrar la misa. La casulla roja es utilizada por la Iglesia cat\u00f3lica para denotar el fuego de la caridad, el martirio y la sangre derramada por Cristo, seg\u00fan la disposici\u00f3n ecum\u00e9nica. Una prenda especial que ayer estaba destinada solo para ser utilizada por 100 obispos y ocho cardenales que participaron en la beatificaci\u00f3n de Monse\u00f1or \u00d3scar Arnulfo Romero. El resto de los 1,400 sacerdotes que se acreditaron para concelebrar la ceremonia visti\u00f3 la casulla blanca y una estola roja.<br \/>\n<br \/>\nLos seminaristas se pararon a un costado del templo San Jos\u00e9 de la Monta\u00f1a, un lugar que suma valor, porque parte de la educaci\u00f3n sacerdotal de Monse\u00f1or Romero se desarroll\u00f3 all\u00ed. Ayer, a esa hora ya luc\u00eda abarrotado por todos los cientos de sacerdotes de varias partes del mundo. La tarea de los novatos fue ayudar a revestir a los obispos y cardenales para Romero.<br \/>\nAll\u00ed, en la primera banca, Roger Mahony, arzobispo em\u00e9rito de Los \u00c1ngeles (Estados Unidos), se fotografiaba con otros sacerdotes que le reconoc\u00edan de entre el grupo. \u201cLa beatificaci\u00f3n de Monse\u00f1or Romero para nosotros en Los \u00c1ngeles es algo muy importante porque hay un v\u00ednculo muy profundo entre la comunidad de aqu\u00ed (en El Salvador) y la de all\u00e1 (Estados Unidos)&#8230; La mente de muchos salvadore\u00f1os fue san Romero y no fue necesario proclamarlo como beato o santo porque el amor y el cari\u00f1o como su m\u00e1rtir siempre ha estado\u201d, reflexion\u00f3 el arzobispo antes de ser revestido con la casulla roja, una prenda en la que solo resaltaba un escudo con vivos celestes y amarillos y la frase bordada \u201cSentir con la Iglesia\u201d, una sentencia que fue acu\u00f1ada por Romero en sus homil\u00edas por su opci\u00f3n por los pobres.<br \/>\n<br \/>\nM\u00e1s tarde, Roberto Gonz\u00e1lez, arzobispo de San Juan, Puerto Rico, tambi\u00e9n se refiri\u00f3 dentro del templo al obispo m\u00e1rtir con cari\u00f1o. \u201cEs un momento de alegr\u00eda pascual para la Iglesia cat\u00f3lica, tambi\u00e9n para la comunidad ecum\u00e9nica e interreligiosa; el arzobispo de San Salvador era alguien muy querido. La figura (de Romero) trasciende el catolicismo, hay muchos admiradores de Monse\u00f1or Romero en todos los pa\u00edses\u201d, dijo antes de prepararse para revestirse de rojo ayudado por uno de los seminaristas que portaban una casulla.<br \/>\nFrente al altar, el arzobispo de San Salvador, Jos\u00e9 Luis Escobar, dijo que como Iglesia le piden a Romero el milagro de la reconciliaci\u00f3n. \u201cNo sabemos cu\u00e1l milagro puede ser, pero si es verdad que nosotros (salvadore\u00f1os) estamos pidiendo colectivamente el milagro de la paz y de vivir en una naci\u00f3n reconciliada, el milagro de vivir como hermanos en una sociedad nueva, donde brille la justicia, la verdad, la equidad, el bienestar para todos; donde los pobres sean bien tratados, con dignidad y promovidos, podremos entonces vivir juntos como hermanos en una sociedad digna. Este es un milagro que pedimos todos\u201d, dijo el prelado.<br \/>\n<br \/>\nAfuera, varias camionetas con placas diplom\u00e1ticas o funcionarios de Gobierno se estacionaban frente al seminario, a la par de la parroquia, un lugar significativo para el crecimiento religioso de Romero, donde lleg\u00f3 en 1967 cuando fue nombrado secretario de la Conferencia Episcopal de El Salvador (CEDES), para caminar hasta el templete con un pase exclusivo hasta un sitio privilegiado en la ceremonia. En ese mismo lugar, Marisela de Rubio, pariente de Monse\u00f1or Romero, hab\u00eda pedido orientaci\u00f3n minutos antes a quien se le pusiera enfrente de c\u00f3mo llegar hasta el sitio apartado para la familia del obispo m\u00e1rtir. \u201cEs que muchos de los familiares andamos perdidos\u201d, dijo.<br \/>\n<br \/>\nAdentro del templo, el enviado del papa para beatificar a Romero, el cardenal Angelo Amato, aparec\u00eda en la capilla destinada para los preparativos. Justo antes de ponerse la casulla roja para sumarse a la procesi\u00f3n de sacerdotes que ya hac\u00edan doble fila cubriendo los casi 300 metros en l\u00ednea recta que separa la parroquia San Jos\u00e9 de la Monta\u00f1a, donde Romero instal\u00f3 su despacho como secretario de la CEDES, y el monumento al Divino Salvador del Mundo, dijo: \u201cEl proceso de beatificaci\u00f3n de Monse\u00f1or Romero ha sido trabajoso, muy dif\u00edcil\u201d.<br \/>\n<br \/>\nDos horas despu\u00e9s de la llegada de las casullas al templo, salieron los obispos y cardenales para caminar hasta el templete. Un poco m\u00e1s de 400 sacerdotes bajaron para confundirse con las miles de personas que llegaron a la plaza para atestiguar el rito. Los religiosos iban acompa\u00f1ados por colaboradores que portaban una sombrilla amarilla adornada con un peque\u00f1o rostro en negro de Romero. Esa era la se\u00f1al para que llegado el momento, los fieles pudieran comulgar sin tener que moverse.<br \/>\n<br \/>\nEn el seminario, otro grupo de seminaristas vestidos con t\u00fanicas blancas sali\u00f3 para unirse a los sacerdotes y ayudarles con la comuni\u00f3n. Tras la ceremonia, cerca de la 1 de la tarde, los sacerdotes regresaron por el mismo sitio que recorrieron por la ma\u00f1ana. All\u00ed, muchos fieles que no pudieron acercarse m\u00e1s al templete observaban el retorno de los religiosos que a\u00fan cargaban hostias consagradas en un cop\u00f3n blanco. Serapio, un sacerdote mexicano, detuvo su marcha y ofreci\u00f3 la comuni\u00f3n a quien la quiso. Unas 10 personas lo hicieron. El sacerdote mexicano tap\u00f3 el cop\u00f3n y se acomod\u00f3 la estola roja para seguir su retorno hacia la parroquia, desde donde iniciaron cinco horas antes los preparativos de la ceremonia de beatificaci\u00f3n de Romero, el primer beato de Centroam\u00e9rica. El beato Romero.<\/p>\n","protected":false},"excerpt":{"rendered":"<p>Una fila de seminaristas irrumpi\u00f3 ayer a las 7:30 de la ma\u00f1ana en el templo de la parroquia San Jos\u00e9 de la Monta\u00f1a. Entraron por una de las puertas laterales, cada uno portaba una sotana roja que le colgaba de las manos desde un gancho y envuelta en un pl\u00e1stico transparente, as\u00ed como acostumbran entregar&#8230;<\/p>\n","protected":false},"author":5,"featured_media":22765,"comment_status":"closed","ping_status":"open","sticky":false,"template":"","format":"standard","meta":{"spay_email":"","jetpack_publicize_message":"","jetpack_is_tweetstorm":false,"jetpack_publicize_feature_enabled":true},"categories":[1],"tags":[],"jetpack_publicize_connections":[],"yoast_head":"<!-- This site is optimized with the Yoast SEO plugin v19.1 - https:\/\/yoast.com\/wordpress\/plugins\/seo\/ -->\n<title>Cr\u00f3nica  1,400 sacerdotes revestidos para Celebrar - Beatificaci\u00f3n de Monse\u00f1or Romero<\/title>\n<meta name=\"robots\" content=\"index, follow, max-snippet:-1, max-image-preview:large, max-video-preview:-1\" \/>\n<link rel=\"canonical\" href=\"http:\/\/especiales.laprensagrafica.com\/2015\/beatificacion-romero\/cronica-1400-sacerdotes-revestidos-para-celebrar\/\" \/>\n<meta property=\"og:locale\" content=\"es_ES\" \/>\n<meta property=\"og:type\" content=\"article\" \/>\n<meta property=\"og:title\" content=\"Cr\u00f3nica  1,400 sacerdotes revestidos para Celebrar - Beatificaci\u00f3n de Monse\u00f1or Romero\" \/>\n<meta property=\"og:description\" content=\"Una fila de seminaristas irrumpi\u00f3 ayer a las 7:30 de la ma\u00f1ana en el templo de la parroquia San Jos\u00e9 de la Monta\u00f1a. Entraron por una de las puertas laterales, cada uno portaba una sotana roja que le colgaba de las manos desde un gancho y envuelta en un pl\u00e1stico transparente, as\u00ed como acostumbran entregar...\" \/>\n<meta property=\"og:url\" content=\"http:\/\/especiales.laprensagrafica.com\/2015\/beatificacion-romero\/cronica-1400-sacerdotes-revestidos-para-celebrar\/\" \/>\n<meta property=\"og:site_name\" content=\"Beatificaci\u00f3n de Monse\u00f1or Romero\" \/>\n<meta property=\"article:publisher\" content=\"https:\/\/www.facebook.com\/lpg.laprensagrafica\" \/>\n<meta property=\"article:published_time\" content=\"2015-05-24T06:49:44+00:00\" \/>\n<meta property=\"og:image\" content=\"https:\/\/i0.wp.com\/especiales.laprensagrafica.com\/2015\/beatificacion-romero\/wp-content\/uploads\/2015\/05\/fnac24052015ecsac10.jpg?fit=486%2C539\" \/>\n\t<meta property=\"og:image:width\" content=\"486\" \/>\n\t<meta property=\"og:image:height\" content=\"539\" \/>\n\t<meta property=\"og:image:type\" content=\"image\/jpeg\" \/>\n<meta name=\"twitter:card\" content=\"summary_large_image\" \/>\n<meta name=\"twitter:creator\" content=\"@prensagrafica\" \/>\n<meta name=\"twitter:site\" content=\"@prensagrafica\" \/>\n<meta name=\"twitter:label1\" content=\"Escrito por\" \/>\n\t<meta name=\"twitter:data1\" content=\"Juan Carlos Rivas\" \/>\n\t<meta name=\"twitter:label2\" content=\"Tiempo de lectura\" \/>\n\t<meta name=\"twitter:data2\" content=\"5 minutos\" \/>\n<script type=\"application\/ld+json\" class=\"yoast-schema-graph\">{\"@context\":\"https:\/\/schema.org\",\"@graph\":[{\"@type\":\"WebSite\",\"@id\":\"http:\/\/especiales.laprensagrafica.com\/2015\/beatificacion-romero\/#website\",\"url\":\"http:\/\/especiales.laprensagrafica.com\/2015\/beatificacion-romero\/\",\"name\":\"Beatificaci\u00f3n de Monse\u00f1or Romero\",\"description\":\"Sitio especial de La Prensa Gr\u00e1fica\",\"potentialAction\":[{\"@type\":\"SearchAction\",\"target\":{\"@type\":\"EntryPoint\",\"urlTemplate\":\"http:\/\/especiales.laprensagrafica.com\/2015\/beatificacion-romero\/?s={search_term_string}\"},\"query-input\":\"required name=search_term_string\"}],\"inLanguage\":\"es\"},{\"@type\":\"ImageObject\",\"inLanguage\":\"es\",\"@id\":\"http:\/\/especiales.laprensagrafica.com\/2015\/beatificacion-romero\/cronica-1400-sacerdotes-revestidos-para-celebrar\/#primaryimage\",\"url\":\"https:\/\/i0.wp.com\/especiales.laprensagrafica.com\/2015\/beatificacion-romero\/wp-content\/uploads\/2015\/05\/fnac24052015ecsac10.jpg?fit=486%2C539\",\"contentUrl\":\"https:\/\/i0.wp.com\/especiales.laprensagrafica.com\/2015\/beatificacion-romero\/wp-content\/uploads\/2015\/05\/fnac24052015ecsac10.jpg?fit=486%2C539\",\"width\":486,\"height\":539},{\"@type\":\"WebPage\",\"@id\":\"http:\/\/especiales.laprensagrafica.com\/2015\/beatificacion-romero\/cronica-1400-sacerdotes-revestidos-para-celebrar\/#webpage\",\"url\":\"http:\/\/especiales.laprensagrafica.com\/2015\/beatificacion-romero\/cronica-1400-sacerdotes-revestidos-para-celebrar\/\",\"name\":\"Cr\u00f3nica 1,400 sacerdotes revestidos para Celebrar - Beatificaci\u00f3n de Monse\u00f1or Romero\",\"isPartOf\":{\"@id\":\"http:\/\/especiales.laprensagrafica.com\/2015\/beatificacion-romero\/#website\"},\"primaryImageOfPage\":{\"@id\":\"http:\/\/especiales.laprensagrafica.com\/2015\/beatificacion-romero\/cronica-1400-sacerdotes-revestidos-para-celebrar\/#primaryimage\"},\"datePublished\":\"2015-05-24T06:49:44+00:00\",\"dateModified\":\"2015-05-24T06:49:44+00:00\",\"author\":{\"@id\":\"http:\/\/especiales.laprensagrafica.com\/2015\/beatificacion-romero\/#\/schema\/person\/b1a0028354d3ba94cb00b8f0eb158a28\"},\"breadcrumb\":{\"@id\":\"http:\/\/especiales.laprensagrafica.com\/2015\/beatificacion-romero\/cronica-1400-sacerdotes-revestidos-para-celebrar\/#breadcrumb\"},\"inLanguage\":\"es\",\"potentialAction\":[{\"@type\":\"ReadAction\",\"target\":[\"http:\/\/especiales.laprensagrafica.com\/2015\/beatificacion-romero\/cronica-1400-sacerdotes-revestidos-para-celebrar\/\"]}]},{\"@type\":\"BreadcrumbList\",\"@id\":\"http:\/\/especiales.laprensagrafica.com\/2015\/beatificacion-romero\/cronica-1400-sacerdotes-revestidos-para-celebrar\/#breadcrumb\",\"itemListElement\":[{\"@type\":\"ListItem\",\"position\":1,\"name\":\"Portada\",\"item\":\"http:\/\/especiales.laprensagrafica.com\/2015\/beatificacion-romero\/\"},{\"@type\":\"ListItem\",\"position\":2,\"name\":\"Cr\u00f3nica 1,400 sacerdotes revestidos para Celebrar\"}]},{\"@type\":\"Person\",\"@id\":\"http:\/\/especiales.laprensagrafica.com\/2015\/beatificacion-romero\/#\/schema\/person\/b1a0028354d3ba94cb00b8f0eb158a28\",\"name\":\"Juan Carlos Rivas\",\"image\":{\"@type\":\"ImageObject\",\"inLanguage\":\"es\",\"@id\":\"http:\/\/especiales.laprensagrafica.com\/2015\/beatificacion-romero\/#\/schema\/person\/image\/\",\"url\":\"http:\/\/0.gravatar.com\/avatar\/08a902c716583cffa92bf1bfff95a4ac?s=96&d=mm&r=g\",\"contentUrl\":\"http:\/\/0.gravatar.com\/avatar\/08a902c716583cffa92bf1bfff95a4ac?s=96&d=mm&r=g\",\"caption\":\"Juan Carlos Rivas\"},\"url\":\"http:\/\/especiales.laprensagrafica.com\/2015\/beatificacion-romero\/author\/jrivas\/\"}]}<\/script>\n<!-- \/ Yoast SEO plugin. -->","yoast_head_json":{"title":"Cr\u00f3nica  1,400 sacerdotes revestidos para Celebrar - Beatificaci\u00f3n de Monse\u00f1or Romero","robots":{"index":"index","follow":"follow","max-snippet":"max-snippet:-1","max-image-preview":"max-image-preview:large","max-video-preview":"max-video-preview:-1"},"canonical":"http:\/\/especiales.laprensagrafica.com\/2015\/beatificacion-romero\/cronica-1400-sacerdotes-revestidos-para-celebrar\/","og_locale":"es_ES","og_type":"article","og_title":"Cr\u00f3nica  1,400 sacerdotes revestidos para Celebrar - Beatificaci\u00f3n de Monse\u00f1or Romero","og_description":"Una fila de seminaristas irrumpi\u00f3 ayer a las 7:30 de la ma\u00f1ana en el templo de la parroquia San Jos\u00e9 de la Monta\u00f1a. Entraron por una de las puertas laterales, cada uno portaba una sotana roja que le colgaba de las manos desde un gancho y envuelta en un pl\u00e1stico transparente, as\u00ed como acostumbran entregar...","og_url":"http:\/\/especiales.laprensagrafica.com\/2015\/beatificacion-romero\/cronica-1400-sacerdotes-revestidos-para-celebrar\/","og_site_name":"Beatificaci\u00f3n de Monse\u00f1or Romero","article_publisher":"https:\/\/www.facebook.com\/lpg.laprensagrafica","article_published_time":"2015-05-24T06:49:44+00:00","og_image":[{"width":486,"height":539,"url":"https:\/\/i0.wp.com\/especiales.laprensagrafica.com\/2015\/beatificacion-romero\/wp-content\/uploads\/2015\/05\/fnac24052015ecsac10.jpg?fit=486%2C539","type":"image\/jpeg"}],"twitter_card":"summary_large_image","twitter_creator":"@prensagrafica","twitter_site":"@prensagrafica","twitter_misc":{"Escrito por":"Juan Carlos Rivas","Tiempo de lectura":"5 minutos"},"schema":{"@context":"https:\/\/schema.org","@graph":[{"@type":"WebSite","@id":"http:\/\/especiales.laprensagrafica.com\/2015\/beatificacion-romero\/#website","url":"http:\/\/especiales.laprensagrafica.com\/2015\/beatificacion-romero\/","name":"Beatificaci\u00f3n de Monse\u00f1or Romero","description":"Sitio especial de La Prensa Gr\u00e1fica","potentialAction":[{"@type":"SearchAction","target":{"@type":"EntryPoint","urlTemplate":"http:\/\/especiales.laprensagrafica.com\/2015\/beatificacion-romero\/?s={search_term_string}"},"query-input":"required name=search_term_string"}],"inLanguage":"es"},{"@type":"ImageObject","inLanguage":"es","@id":"http:\/\/especiales.laprensagrafica.com\/2015\/beatificacion-romero\/cronica-1400-sacerdotes-revestidos-para-celebrar\/#primaryimage","url":"https:\/\/i0.wp.com\/especiales.laprensagrafica.com\/2015\/beatificacion-romero\/wp-content\/uploads\/2015\/05\/fnac24052015ecsac10.jpg?fit=486%2C539","contentUrl":"https:\/\/i0.wp.com\/especiales.laprensagrafica.com\/2015\/beatificacion-romero\/wp-content\/uploads\/2015\/05\/fnac24052015ecsac10.jpg?fit=486%2C539","width":486,"height":539},{"@type":"WebPage","@id":"http:\/\/especiales.laprensagrafica.com\/2015\/beatificacion-romero\/cronica-1400-sacerdotes-revestidos-para-celebrar\/#webpage","url":"http:\/\/especiales.laprensagrafica.com\/2015\/beatificacion-romero\/cronica-1400-sacerdotes-revestidos-para-celebrar\/","name":"Cr\u00f3nica 1,400 sacerdotes revestidos para Celebrar - Beatificaci\u00f3n de Monse\u00f1or Romero","isPartOf":{"@id":"http:\/\/especiales.laprensagrafica.com\/2015\/beatificacion-romero\/#website"},"primaryImageOfPage":{"@id":"http:\/\/especiales.laprensagrafica.com\/2015\/beatificacion-romero\/cronica-1400-sacerdotes-revestidos-para-celebrar\/#primaryimage"},"datePublished":"2015-05-24T06:49:44+00:00","dateModified":"2015-05-24T06:49:44+00:00","author":{"@id":"http:\/\/especiales.laprensagrafica.com\/2015\/beatificacion-romero\/#\/schema\/person\/b1a0028354d3ba94cb00b8f0eb158a28"},"breadcrumb":{"@id":"http:\/\/especiales.laprensagrafica.com\/2015\/beatificacion-romero\/cronica-1400-sacerdotes-revestidos-para-celebrar\/#breadcrumb"},"inLanguage":"es","potentialAction":[{"@type":"ReadAction","target":["http:\/\/especiales.laprensagrafica.com\/2015\/beatificacion-romero\/cronica-1400-sacerdotes-revestidos-para-celebrar\/"]}]},{"@type":"BreadcrumbList","@id":"http:\/\/especiales.laprensagrafica.com\/2015\/beatificacion-romero\/cronica-1400-sacerdotes-revestidos-para-celebrar\/#breadcrumb","itemListElement":[{"@type":"ListItem","position":1,"name":"Portada","item":"http:\/\/especiales.laprensagrafica.com\/2015\/beatificacion-romero\/"},{"@type":"ListItem","position":2,"name":"Cr\u00f3nica 1,400 sacerdotes revestidos para Celebrar"}]},{"@type":"Person","@id":"http:\/\/especiales.laprensagrafica.com\/2015\/beatificacion-romero\/#\/schema\/person\/b1a0028354d3ba94cb00b8f0eb158a28","name":"Juan Carlos Rivas","image":{"@type":"ImageObject","inLanguage":"es","@id":"http:\/\/especiales.laprensagrafica.com\/2015\/beatificacion-romero\/#\/schema\/person\/image\/","url":"http:\/\/0.gravatar.com\/avatar\/08a902c716583cffa92bf1bfff95a4ac?s=96&d=mm&r=g","contentUrl":"http:\/\/0.gravatar.com\/avatar\/08a902c716583cffa92bf1bfff95a4ac?s=96&d=mm&r=g","caption":"Juan Carlos Rivas"},"url":"http:\/\/especiales.laprensagrafica.com\/2015\/beatificacion-romero\/author\/jrivas\/"}]}},"jetpack_featured_media_url":"https:\/\/i0.wp.com\/especiales.laprensagrafica.com\/2015\/beatificacion-romero\/wp-content\/uploads\/2015\/05\/fnac24052015ecsac10.jpg?fit=486%2C539","jetpack_sharing_enabled":true,"jetpack_shortlink":"https:\/\/wp.me\/p6bKPR-5Va","jetpack-related-posts":[{"id":22767,"url":"http:\/\/especiales.laprensagrafica.com\/2015\/beatificacion-romero\/relato-un-sabado-para-conocer-a-romero\/","url_meta":{"origin":22764,"position":0},"title":"Relato   Un s\u00e1bado para conocer a Romero","date":"24 mayo, 2015","format":false,"excerpt":"Ese arco\u00edris que convenientemente abrazaba al sol podr\u00eda haberse confundido con un milagro gracias a esa carta le\u00edda 20 minutos antes. A las 10:30 de la ma\u00f1ana, el cardenal Angelo Amato hab\u00eda le\u00eddo la carta del papa Francisco que reconoc\u00eda a \u00d3scar Arnulfo Romero como un bienaventurado \u2013un beato\u2013 de\u2026","rel":"","context":"En \u00abNoticias\u00bb","img":{"alt_text":"","src":"https:\/\/i0.wp.com\/especiales.laprensagrafica.com\/2015\/beatificacion-romero\/wp-content\/uploads\/2015\/05\/fnac24052015bmdro01.jpg?fit=1200%2C900&resize=350%2C200","width":350,"height":200},"classes":[]},{"id":22526,"url":"http:\/\/especiales.laprensagrafica.com\/2015\/beatificacion-romero\/angelo-amato-llega-hombre-de-la-beatificacion-de-romero\/","url_meta":{"origin":22764,"position":1},"title":"Angelo Amato llega hombre de la beatificaci\u00f3n de Romero","date":"22 mayo, 2015","format":false,"excerpt":"Despu\u00e9s de 35 a\u00f1os lleg\u00f3 el turno de \u00d3scar Romero. Desde el s\u00e1bado podr\u00e1 subir a los altares de la Iglesia cat\u00f3lica, justo cuando el cardenal Angelo Amato lo declare beato. Francisco ya lo declar\u00f3 m\u00e1rtir. Ricardo Flores\/Flor Ca\u00f1as El cardenal Angelo Amato, prefecto de la Congregaci\u00f3n para la Causa\u2026","rel":"","context":"En \u00abNoticias\u00bb","img":{"alt_text":"","src":"https:\/\/i0.wp.com\/especiales.laprensagrafica.com\/2015\/beatificacion-romero\/wp-content\/uploads\/2015\/05\/fnac22052015vpcar04.jpg?fit=1140%2C585&resize=350%2C200","width":350,"height":200},"classes":[]},{"id":22382,"url":"http:\/\/especiales.laprensagrafica.com\/2015\/beatificacion-romero\/ruptura-de-la-iglesia-dejo-a-romero-como-figura-de-descargo\/","url_meta":{"origin":22764,"position":2},"title":"Ruptura de la iglesia    dej\u00f3 a  Romero como figura de descargo","date":"19 mayo, 2015","format":false,"excerpt":"La curia salvadore\u00f1a entr\u00f3 en pugna con el conflicto armado, en medio de esta pugna qued\u00f3 Monse\u00f1or \u00d3scar Romero. Algunos dicen que no fue el sacerdote el objeto de la ruptura sino la coyuntura pol\u00edtica del pa\u00eds. La ruptura de la Iglesia cat\u00f3lica durante la guerra civil en el pa\u00eds\u2026","rel":"","context":"En \u00abTercera entrega\u00bb","img":{"alt_text":"","src":"https:\/\/i0.wp.com\/especiales.laprensagrafica.com\/2015\/beatificacion-romero\/wp-content\/uploads\/2015\/05\/misa.jpg?fit=1008%2C653&resize=350%2C200","width":350,"height":200},"classes":[]},{"id":79,"url":"http:\/\/especiales.laprensagrafica.com\/2015\/beatificacion-romero\/revelan-los-detalles-de-ceremonia-de-beatificacion-de-romero\/","url_meta":{"origin":22764,"position":3},"title":"Revelan los detalles de ceremonia de beatificaci\u00f3n de Romero","date":"29 marzo, 2015","format":false,"excerpt":"Anunciaron que develar\u00e1n nueva imagen de monse\u00f1or Oscar Arnulfo Romero y lanzar\u00e1n la radio utilizada por el obispo m\u00e1rtir, YSAX. El templete que se utilizar\u00e1 para la beatificaci\u00f3n de monse\u00f1or Oscar Arnulfo Romero, el pr\u00f3ximo 23 de mayo, fue presentado oficialmente hoy por la Comisi\u00f3n Ejecutiva de la Conferencia Episcopal.\u2026","rel":"","context":"En \u00abNoticias\u00bb","img":{"alt_text":"","src":"https:\/\/i0.wp.com\/especiales.laprensagrafica.com\/2015\/beatificacion-romero\/wp-content\/uploads\/2015\/03\/201.jpg?fit=618%2C298&resize=350%2C200","width":350,"height":200},"classes":[]},{"id":22696,"url":"http:\/\/especiales.laprensagrafica.com\/2015\/beatificacion-romero\/oscar-arnulfo-romero-ya-es-beato\/","url_meta":{"origin":22764,"position":4},"title":"\u00d3scar Arnulfo Romero ya es beato","date":"23 mayo, 2015","format":false,"excerpt":"\u00d3scar Arnulfo Romero fue declarado beato, el primero para El Salvador, en una multitudinaria ceremonia realizada en la plaza Salvador del Mundo. Irvin Alvarado \u00d3scar Arnulfo Romero ha sido declarado nuevo beato de la iglesia cat\u00f3lica tras 35 a\u00f1os de haber sido asesinado por su labor de denuncia en perjuicio\u2026","rel":"","context":"En \u00abNoticias\u00bb","img":{"alt_text":"","src":"https:\/\/i0.wp.com\/especiales.laprensagrafica.com\/2015\/beatificacion-romero\/wp-content\/uploads\/2015\/05\/Oscar-Arnulfo-Romero-ya-es-beato.jpg?fit=1140%2C758&resize=350%2C200","width":350,"height":200},"classes":[]},{"id":74,"url":"http:\/\/especiales.laprensagrafica.com\/2015\/beatificacion-romero\/iglesia-espera-260000-asistentes-a-beatificacion-de-romero\/","url_meta":{"origin":22764,"position":5},"title":"Iglesia espera 260,000 asistentes a beatificaci\u00f3n de Romero","date":"15 abril, 2015","format":false,"excerpt":"Colocar\u00e1n 40 pantallas y habilitar\u00e1n el estadio M\u00e1gico Gonz\u00e1lez para albergar a quienes no puedan asistir al Salvador del Mundo. La Iglesia cat\u00f3lica dijo hoy que espera la asistencia de unas 260,000 personas en el acto de beatificaci\u00f3n de Monse\u00f1or Romero. Esa es la cantidad de nacionales y extranjeros que\u2026","rel":"","context":"En \u00abNoticias\u00bb","img":{"alt_text":"","src":"https:\/\/i0.wp.com\/especiales.laprensagrafica.com\/2015\/beatificacion-romero\/wp-content\/uploads\/2015\/04\/21.jpg?fit=600%2C400&resize=350%2C200","width":350,"height":200},"classes":[]}],"_links":{"self":[{"href":"http:\/\/especiales.laprensagrafica.com\/2015\/beatificacion-romero\/wp-json\/wp\/v2\/posts\/22764"}],"collection":[{"href":"http:\/\/especiales.laprensagrafica.com\/2015\/beatificacion-romero\/wp-json\/wp\/v2\/posts"}],"about":[{"href":"http:\/\/especiales.laprensagrafica.com\/2015\/beatificacion-romero\/wp-json\/wp\/v2\/types\/post"}],"author":[{"embeddable":true,"href":"http:\/\/especiales.laprensagrafica.com\/2015\/beatificacion-romero\/wp-json\/wp\/v2\/users\/5"}],"replies":[{"embeddable":true,"href":"http:\/\/especiales.laprensagrafica.com\/2015\/beatificacion-romero\/wp-json\/wp\/v2\/comments?post=22764"}],"version-history":[{"count":1,"href":"http:\/\/especiales.laprensagrafica.com\/2015\/beatificacion-romero\/wp-json\/wp\/v2\/posts\/22764\/revisions"}],"predecessor-version":[{"id":22766,"href":"http:\/\/especiales.laprensagrafica.com\/2015\/beatificacion-romero\/wp-json\/wp\/v2\/posts\/22764\/revisions\/22766"}],"wp:featuredmedia":[{"embeddable":true,"href":"http:\/\/especiales.laprensagrafica.com\/2015\/beatificacion-romero\/wp-json\/wp\/v2\/media\/22765"}],"wp:attachment":[{"href":"http:\/\/especiales.laprensagrafica.com\/2015\/beatificacion-romero\/wp-json\/wp\/v2\/media?parent=22764"}],"wp:term":[{"taxonomy":"category","embeddable":true,"href":"http:\/\/especiales.laprensagrafica.com\/2015\/beatificacion-romero\/wp-json\/wp\/v2\/categories?post=22764"},{"taxonomy":"post_tag","embeddable":true,"href":"http:\/\/especiales.laprensagrafica.com\/2015\/beatificacion-romero\/wp-json\/wp\/v2\/tags?post=22764"}],"curies":[{"name":"wp","href":"https:\/\/api.w.org\/{rel}","templated":true}]}}