{"id":22767,"date":"2015-05-24T00:52:34","date_gmt":"2015-05-24T06:52:34","guid":{"rendered":"http:\/\/especiales.laprensagrafica.com\/2015\/beatificacion-romero\/?p=22767"},"modified":"2015-05-24T00:53:44","modified_gmt":"2015-05-24T06:53:44","slug":"relato-un-sabado-para-conocer-a-romero","status":"publish","type":"post","link":"http:\/\/especiales.laprensagrafica.com\/2015\/beatificacion-romero\/relato-un-sabado-para-conocer-a-romero\/","title":{"rendered":"Relato   Un s\u00e1bado para conocer a Romero"},"content":{"rendered":"<p>Ese arco\u00edris que convenientemente abrazaba al sol podr\u00eda haberse confundido con un milagro gracias a esa carta le\u00edda 20 minutos antes. A las 10:30 de la ma\u00f1ana, el cardenal Angelo Amato hab\u00eda le\u00eddo la carta del papa Francisco que reconoc\u00eda a \u00d3scar Arnulfo Romero como un bienaventurado \u2013un beato\u2013 de la Iglesia cat\u00f3lica. Podr\u00eda haber sido un milagro, pero al anciano que segu\u00eda la ceremonia aquello le pareci\u00f3 una feliz coincidencia.<br \/>\n<br \/>\n<strong>Por C\u00e9sar Castro Fagoaga<\/strong><br \/>\n<br \/>\nGuillermo Antonio \u00c1lvarez, que en junio cumplir\u00e1 80 a\u00f1os, mir\u00f3 hacia arriba cuando se percat\u00f3 de que muchos apuntaban con sus celulares hacia el cielo. Y entonces lo vio.<br \/>\nEl arco\u00edris alrededor del sol. El halo solar. La acumulaci\u00f3n de cristales de hielo, situados a kil\u00f3metros en las nubes m\u00e1s lejanas y refractados por la luz solar, que aparecieron 20 minutos despu\u00e9s de la beatificaci\u00f3n del arzobispo asesinado el 24 de marzo de 1980.<br \/>\n<br \/>\n\u201cClaro que es fen\u00f3meno natural, pero lleg\u00f3 en el momento preciso\u201d, dijo \u00c1lvarez, que usaba una sencilla camiseta blanca y una boina de lana negra que no parec\u00eda alborotarle el calor. Apenas sudaba.<br \/>\n<br \/>\nEl momento preciso que caus\u00f3 un \u00e9xtasis colectivo, \u201cselfies\u201d con el sol, abrazos grupales, regocijo al pensar que hubo algo m\u00e1s all\u00e1 de lo terrenal en esa celebraci\u00f3n que ayer reuni\u00f3 a miles.<br \/>\n\u00c1lvarez estuvo a punto de no ser uno de esos miles. Culpa del poco inter\u00e9s, como \u00e9l mismo reconoce. Cuando mataron al arzobispo, \u00c1lvarez todav\u00eda trabajaba como ordenanza de un banco, ten\u00eda 45 a\u00f1os, y la certeza de que si en aquella \u00e9poca te mataban era porque seguramente estabas metido en algo. Hasta que el mes pasado escuch\u00f3, por primera vez, una de las homil\u00edas de Monse\u00f1or Romero.<br \/>\n<br \/>\n\u201cSupe cuando sucedi\u00f3 aquello (magnicidio), pero nunca hab\u00eda escuchado ni una homil\u00eda de \u00e9l. Y ahora por eso estoy aqu\u00ed, convencido de su martirio. Las nuevas generaciones que lo van a conocer ya va a ser diferente\u201d, dijo \u00c1lvarez, mientras buscaba un mejor lugar a un costado del templete para terminar de ver la ceremonia.<br \/>\nLa plaza Divino Salvador del Mundo, ubicada a cuatro kil\u00f3metros de la tumba de Romero, empez\u00f3 a recibir feligreses, peregrinos, sacerdotes y agn\u00f3sticos desde el jueves. Pero el grueso lleg\u00f3 ayer en la madrugada, con los primeros rayos del sol que despidieron la evidencia del aguacero del viernes. A las 6 de la ma\u00f1ana era imposible acercarse a las barras que rodeaban el \u00e1rea frontal de la plaza.<br \/>\n<br \/>\nEsas barras delimitaban como en los conciertos. Dentro de ellas hab\u00eda decenas de sillas pl\u00e1sticas blancas destinadas para la familia de Romero, para el Gobierno, los presidentes invitados, los diputados, cientos de sacerdotes, delegaciones internacionales y miles de pobres y campesinos (1,480, seg\u00fan los c\u00e1lculos), tal como la Iglesia lo anunci\u00f3 a inicios de mayo.<br \/>\nLos invitados de la Iglesia comenzaron a entrar desde las 8, y lo hicieron por un acceso lateral que conectaba con la parroquia San Jos\u00e9 de la Monta\u00f1a. Por esa puerta, custodiada por oficiales vestidos de saco y corbata, entr\u00f3 Gaspar Romero, uno de los hermanos del beato. Entraron quienes fueron amigos personales del arzobispo. Entraron los 150 miembros del coro. Los 1,400 sacerdotes. Empresarios, miembros de partidos pol\u00edticos, funcionarios y decenas de miembros de comit\u00e9s eclesiales de base. El cardenal Amato, el cardenal hondure\u00f1o \u00d3scar Maradiaga, el nuncio Le\u00f3n Kalenga, el arzobispo Jos\u00e9 Luis Escobar Alas y arzobispo Vincenzo Paglia.<br \/>\n<br \/>\nPor esa puerta, poco antes de las 9 de la ma\u00f1ana, entr\u00f3 el alcalde de Santa Tecla, Roberto d&#8217;Aubuisson.<br \/>\n<br \/>\nD&#8217;Aubuisson lleg\u00f3 con su esposa, protegido del sol por grandes gafas \u00e1mbar y un sombrero de palma adornado con una cinta amarilla que dec\u00eda, a dos l\u00edneas: \u201cBeatificaci\u00f3n de Monse\u00f1or Romero, M\u00e1rtir Por Amor\u201d.<br \/>\n<br \/>\nAcept\u00f3 hablar con los medios unos minutos.<br \/>\n<br \/>\n\u2014En lo personal, \u00bfqu\u00e9 le supone estar aqu\u00ed?<br \/>\n\u2014Estamos compartiendo la alegr\u00eda de todo un pueblo cristiano, cat\u00f3lico, que est\u00e1 compartiendo este proceso de beatificaci\u00f3n de Monse\u00f1or Romero.<br \/>\n\u2014En algunas entrevistas se ha notado inc\u00f3modo cuando le preguntan sobre este tema. \u00bfRomero para usted&#8230;?<br \/>\n\u2014Nunca me he sentido inc\u00f3modo, muy por el contrario, este es un proceso que debe servir para unificar a los salvadore\u00f1os y no para dividirlos&#8230;<br \/>\n<br \/>\nAfuera de las barras, una comunidad eclesial de base de Altavista lo hab\u00eda recibido con una enorme pancarta que responsabilizaba al padre del ahora alcalde, el mayor Roberto d&#8217;Aubuisson Arrieta, del crimen del arzobispo.<br \/>\n<br \/>\nCon los invitados en las sillas, y Amato detr\u00e1s del altar, el coro enton\u00f3 \u201cVienen con alegr\u00eda\u201d para comenzar la ceremonia, poco despu\u00e9s de las 10. Ya para entonces afuera de las barras la multitud hab\u00eda desbordado las fronteras del Salvador del Mundo: un mar de cabezas chapoteado con sombrillas. Casi todos con camisas de Romero, con p\u00f3steres de Romero, con bolsos de Romero y con llaveros de Romero de $5, $3, $2 y $1. Romero como \u00edcono.<br \/>\n<br \/>\nLa ceremonia se midi\u00f3 con el entusiasmo de las palmas, m\u00e1s que muchos conciertos. Las palabras de Paglia, el postulador de la causa de Romero, fueron seguidas de una retah\u00edla de aplausos cuando record\u00f3 que el arzobispo siempre pidi\u00f3 que no hubiera divisiones entre cristianos, entre iguales.<br \/>\n<br \/>\nPaglia no la ley\u00f3, pero el 30 de julio de 1978, durante una homil\u00eda en catedral, Romero dijo algo parecido: \u201cOjal\u00e1 no sea una expresi\u00f3n hueca, sino que de verdad sintamos que todo pr\u00f3jimo es mi hermano, pero cuando lo miro a trav\u00e9s de Cristo, mi hermano mayor, y trato de ser como Cristo para ser digno de ser llamado hermano, y poder llamar hermanos a todos los hombres, sean ricos o sean pobres, porque a todos nos ama el Se\u00f1or\u201d.<br \/>\n<br \/>\nLa voz de Romero son\u00f3 una y otra vez, con los extractos de sus homil\u00edas que se intercalaron en la ceremonia. Fue vitoreada, tanto como cuando el halo apareci\u00f3.<br \/>\n\u201cNunca hab\u00eda tenido la oportunidad escuchar la disertaci\u00f3n de Monse\u00f1or. A Monse\u00f1or lo desacreditaron hasta decir basta. Lo convirtieron en un guerrillero m\u00e1s, cosa que ni se pas\u00f3 por la mente de \u00e9l. \u00c9l solo defendi\u00f3 a su pobrerismo (sic)\u201d, dijo \u00c1lvarez cuando lo escuchaba.<br \/>\n<br \/>\nEl novel devoto de Romero decidi\u00f3 retirarse poco antes del final oficial de la beatificaci\u00f3n, de la bendici\u00f3n. Se regres\u00f3, satisfecho, a Sonsonate.<\/p>\n","protected":false},"excerpt":{"rendered":"<p>Ese arco\u00edris que convenientemente abrazaba al sol podr\u00eda haberse confundido con un milagro gracias a esa carta le\u00edda 20 minutos antes. A las 10:30 de la ma\u00f1ana, el cardenal Angelo Amato hab\u00eda le\u00eddo la carta del papa Francisco que reconoc\u00eda a \u00d3scar Arnulfo Romero como un bienaventurado \u2013un beato\u2013 de la Iglesia cat\u00f3lica. Podr\u00eda haber&#8230;<\/p>\n","protected":false},"author":5,"featured_media":22769,"comment_status":"closed","ping_status":"open","sticky":false,"template":"","format":"standard","meta":{"spay_email":"","jetpack_publicize_message":"","jetpack_is_tweetstorm":false,"jetpack_publicize_feature_enabled":true},"categories":[1],"tags":[],"jetpack_publicize_connections":[],"yoast_head":"<!-- This site is optimized with the Yoast SEO plugin v19.1 - https:\/\/yoast.com\/wordpress\/plugins\/seo\/ -->\n<title>Relato  Un s\u00e1bado para conocer a Romero - Beatificaci\u00f3n de Monse\u00f1or Romero<\/title>\n<meta name=\"robots\" content=\"index, follow, max-snippet:-1, max-image-preview:large, max-video-preview:-1\" \/>\n<link rel=\"canonical\" href=\"http:\/\/especiales.laprensagrafica.com\/2015\/beatificacion-romero\/relato-un-sabado-para-conocer-a-romero\/\" \/>\n<meta property=\"og:locale\" content=\"es_ES\" \/>\n<meta property=\"og:type\" content=\"article\" \/>\n<meta property=\"og:title\" content=\"Relato  Un s\u00e1bado para conocer a Romero - Beatificaci\u00f3n de Monse\u00f1or Romero\" \/>\n<meta property=\"og:description\" content=\"Ese arco\u00edris que convenientemente abrazaba al sol podr\u00eda haberse confundido con un milagro gracias a esa carta le\u00edda 20 minutos antes. A las 10:30 de la ma\u00f1ana, el cardenal Angelo Amato hab\u00eda le\u00eddo la carta del papa Francisco que reconoc\u00eda a \u00d3scar Arnulfo Romero como un bienaventurado \u2013un beato\u2013 de la Iglesia cat\u00f3lica. Podr\u00eda haber...\" \/>\n<meta property=\"og:url\" content=\"http:\/\/especiales.laprensagrafica.com\/2015\/beatificacion-romero\/relato-un-sabado-para-conocer-a-romero\/\" \/>\n<meta property=\"og:site_name\" content=\"Beatificaci\u00f3n de Monse\u00f1or Romero\" \/>\n<meta property=\"article:publisher\" content=\"https:\/\/www.facebook.com\/lpg.laprensagrafica\" \/>\n<meta property=\"article:published_time\" content=\"2015-05-24T06:52:34+00:00\" \/>\n<meta property=\"article:modified_time\" content=\"2015-05-24T06:53:44+00:00\" \/>\n<meta property=\"og:image\" content=\"http:\/\/especiales.laprensagrafica.com\/2015\/beatificacion-romero\/wp-content\/uploads\/2015\/05\/fnac24052015bmdro01-1024x768.jpg\" \/>\n\t<meta property=\"og:image:width\" content=\"1024\" \/>\n\t<meta property=\"og:image:height\" content=\"768\" \/>\n\t<meta property=\"og:image:type\" content=\"image\/jpeg\" \/>\n<meta name=\"twitter:card\" content=\"summary_large_image\" \/>\n<meta name=\"twitter:creator\" content=\"@prensagrafica\" \/>\n<meta name=\"twitter:site\" content=\"@prensagrafica\" \/>\n<meta name=\"twitter:label1\" content=\"Escrito por\" \/>\n\t<meta name=\"twitter:data1\" content=\"Juan Carlos Rivas\" \/>\n\t<meta name=\"twitter:label2\" content=\"Tiempo de lectura\" \/>\n\t<meta name=\"twitter:data2\" content=\"5 minutos\" \/>\n<script type=\"application\/ld+json\" class=\"yoast-schema-graph\">{\"@context\":\"https:\/\/schema.org\",\"@graph\":[{\"@type\":\"WebSite\",\"@id\":\"http:\/\/especiales.laprensagrafica.com\/2015\/beatificacion-romero\/#website\",\"url\":\"http:\/\/especiales.laprensagrafica.com\/2015\/beatificacion-romero\/\",\"name\":\"Beatificaci\u00f3n de Monse\u00f1or Romero\",\"description\":\"Sitio especial de La Prensa Gr\u00e1fica\",\"potentialAction\":[{\"@type\":\"SearchAction\",\"target\":{\"@type\":\"EntryPoint\",\"urlTemplate\":\"http:\/\/especiales.laprensagrafica.com\/2015\/beatificacion-romero\/?s={search_term_string}\"},\"query-input\":\"required name=search_term_string\"}],\"inLanguage\":\"es\"},{\"@type\":\"ImageObject\",\"inLanguage\":\"es\",\"@id\":\"http:\/\/especiales.laprensagrafica.com\/2015\/beatificacion-romero\/relato-un-sabado-para-conocer-a-romero\/#primaryimage\",\"url\":\"https:\/\/i0.wp.com\/especiales.laprensagrafica.com\/2015\/beatificacion-romero\/wp-content\/uploads\/2015\/05\/fnac24052015bmdro01.jpg?fit=1500%2C1125\",\"contentUrl\":\"https:\/\/i0.wp.com\/especiales.laprensagrafica.com\/2015\/beatificacion-romero\/wp-content\/uploads\/2015\/05\/fnac24052015bmdro01.jpg?fit=1500%2C1125\",\"width\":1500,\"height\":1125},{\"@type\":\"WebPage\",\"@id\":\"http:\/\/especiales.laprensagrafica.com\/2015\/beatificacion-romero\/relato-un-sabado-para-conocer-a-romero\/#webpage\",\"url\":\"http:\/\/especiales.laprensagrafica.com\/2015\/beatificacion-romero\/relato-un-sabado-para-conocer-a-romero\/\",\"name\":\"Relato Un s\u00e1bado para conocer a Romero - Beatificaci\u00f3n de Monse\u00f1or Romero\",\"isPartOf\":{\"@id\":\"http:\/\/especiales.laprensagrafica.com\/2015\/beatificacion-romero\/#website\"},\"primaryImageOfPage\":{\"@id\":\"http:\/\/especiales.laprensagrafica.com\/2015\/beatificacion-romero\/relato-un-sabado-para-conocer-a-romero\/#primaryimage\"},\"datePublished\":\"2015-05-24T06:52:34+00:00\",\"dateModified\":\"2015-05-24T06:53:44+00:00\",\"author\":{\"@id\":\"http:\/\/especiales.laprensagrafica.com\/2015\/beatificacion-romero\/#\/schema\/person\/b1a0028354d3ba94cb00b8f0eb158a28\"},\"breadcrumb\":{\"@id\":\"http:\/\/especiales.laprensagrafica.com\/2015\/beatificacion-romero\/relato-un-sabado-para-conocer-a-romero\/#breadcrumb\"},\"inLanguage\":\"es\",\"potentialAction\":[{\"@type\":\"ReadAction\",\"target\":[\"http:\/\/especiales.laprensagrafica.com\/2015\/beatificacion-romero\/relato-un-sabado-para-conocer-a-romero\/\"]}]},{\"@type\":\"BreadcrumbList\",\"@id\":\"http:\/\/especiales.laprensagrafica.com\/2015\/beatificacion-romero\/relato-un-sabado-para-conocer-a-romero\/#breadcrumb\",\"itemListElement\":[{\"@type\":\"ListItem\",\"position\":1,\"name\":\"Portada\",\"item\":\"http:\/\/especiales.laprensagrafica.com\/2015\/beatificacion-romero\/\"},{\"@type\":\"ListItem\",\"position\":2,\"name\":\"Relato Un s\u00e1bado para conocer a Romero\"}]},{\"@type\":\"Person\",\"@id\":\"http:\/\/especiales.laprensagrafica.com\/2015\/beatificacion-romero\/#\/schema\/person\/b1a0028354d3ba94cb00b8f0eb158a28\",\"name\":\"Juan Carlos Rivas\",\"image\":{\"@type\":\"ImageObject\",\"inLanguage\":\"es\",\"@id\":\"http:\/\/especiales.laprensagrafica.com\/2015\/beatificacion-romero\/#\/schema\/person\/image\/\",\"url\":\"http:\/\/0.gravatar.com\/avatar\/08a902c716583cffa92bf1bfff95a4ac?s=96&d=mm&r=g\",\"contentUrl\":\"http:\/\/0.gravatar.com\/avatar\/08a902c716583cffa92bf1bfff95a4ac?s=96&d=mm&r=g\",\"caption\":\"Juan Carlos Rivas\"},\"url\":\"http:\/\/especiales.laprensagrafica.com\/2015\/beatificacion-romero\/author\/jrivas\/\"}]}<\/script>\n<!-- \/ Yoast SEO plugin. -->","yoast_head_json":{"title":"Relato  Un s\u00e1bado para conocer a Romero - Beatificaci\u00f3n de Monse\u00f1or Romero","robots":{"index":"index","follow":"follow","max-snippet":"max-snippet:-1","max-image-preview":"max-image-preview:large","max-video-preview":"max-video-preview:-1"},"canonical":"http:\/\/especiales.laprensagrafica.com\/2015\/beatificacion-romero\/relato-un-sabado-para-conocer-a-romero\/","og_locale":"es_ES","og_type":"article","og_title":"Relato  Un s\u00e1bado para conocer a Romero - Beatificaci\u00f3n de Monse\u00f1or Romero","og_description":"Ese arco\u00edris que convenientemente abrazaba al sol podr\u00eda haberse confundido con un milagro gracias a esa carta le\u00edda 20 minutos antes. A las 10:30 de la ma\u00f1ana, el cardenal Angelo Amato hab\u00eda le\u00eddo la carta del papa Francisco que reconoc\u00eda a \u00d3scar Arnulfo Romero como un bienaventurado \u2013un beato\u2013 de la Iglesia cat\u00f3lica. Podr\u00eda haber...","og_url":"http:\/\/especiales.laprensagrafica.com\/2015\/beatificacion-romero\/relato-un-sabado-para-conocer-a-romero\/","og_site_name":"Beatificaci\u00f3n de Monse\u00f1or Romero","article_publisher":"https:\/\/www.facebook.com\/lpg.laprensagrafica","article_published_time":"2015-05-24T06:52:34+00:00","article_modified_time":"2015-05-24T06:53:44+00:00","og_image":[{"width":1024,"height":768,"url":"http:\/\/especiales.laprensagrafica.com\/2015\/beatificacion-romero\/wp-content\/uploads\/2015\/05\/fnac24052015bmdro01-1024x768.jpg","type":"image\/jpeg"}],"twitter_card":"summary_large_image","twitter_creator":"@prensagrafica","twitter_site":"@prensagrafica","twitter_misc":{"Escrito por":"Juan Carlos Rivas","Tiempo de lectura":"5 minutos"},"schema":{"@context":"https:\/\/schema.org","@graph":[{"@type":"WebSite","@id":"http:\/\/especiales.laprensagrafica.com\/2015\/beatificacion-romero\/#website","url":"http:\/\/especiales.laprensagrafica.com\/2015\/beatificacion-romero\/","name":"Beatificaci\u00f3n de Monse\u00f1or Romero","description":"Sitio especial de La Prensa Gr\u00e1fica","potentialAction":[{"@type":"SearchAction","target":{"@type":"EntryPoint","urlTemplate":"http:\/\/especiales.laprensagrafica.com\/2015\/beatificacion-romero\/?s={search_term_string}"},"query-input":"required name=search_term_string"}],"inLanguage":"es"},{"@type":"ImageObject","inLanguage":"es","@id":"http:\/\/especiales.laprensagrafica.com\/2015\/beatificacion-romero\/relato-un-sabado-para-conocer-a-romero\/#primaryimage","url":"https:\/\/i0.wp.com\/especiales.laprensagrafica.com\/2015\/beatificacion-romero\/wp-content\/uploads\/2015\/05\/fnac24052015bmdro01.jpg?fit=1500%2C1125","contentUrl":"https:\/\/i0.wp.com\/especiales.laprensagrafica.com\/2015\/beatificacion-romero\/wp-content\/uploads\/2015\/05\/fnac24052015bmdro01.jpg?fit=1500%2C1125","width":1500,"height":1125},{"@type":"WebPage","@id":"http:\/\/especiales.laprensagrafica.com\/2015\/beatificacion-romero\/relato-un-sabado-para-conocer-a-romero\/#webpage","url":"http:\/\/especiales.laprensagrafica.com\/2015\/beatificacion-romero\/relato-un-sabado-para-conocer-a-romero\/","name":"Relato Un s\u00e1bado para conocer a Romero - Beatificaci\u00f3n de Monse\u00f1or Romero","isPartOf":{"@id":"http:\/\/especiales.laprensagrafica.com\/2015\/beatificacion-romero\/#website"},"primaryImageOfPage":{"@id":"http:\/\/especiales.laprensagrafica.com\/2015\/beatificacion-romero\/relato-un-sabado-para-conocer-a-romero\/#primaryimage"},"datePublished":"2015-05-24T06:52:34+00:00","dateModified":"2015-05-24T06:53:44+00:00","author":{"@id":"http:\/\/especiales.laprensagrafica.com\/2015\/beatificacion-romero\/#\/schema\/person\/b1a0028354d3ba94cb00b8f0eb158a28"},"breadcrumb":{"@id":"http:\/\/especiales.laprensagrafica.com\/2015\/beatificacion-romero\/relato-un-sabado-para-conocer-a-romero\/#breadcrumb"},"inLanguage":"es","potentialAction":[{"@type":"ReadAction","target":["http:\/\/especiales.laprensagrafica.com\/2015\/beatificacion-romero\/relato-un-sabado-para-conocer-a-romero\/"]}]},{"@type":"BreadcrumbList","@id":"http:\/\/especiales.laprensagrafica.com\/2015\/beatificacion-romero\/relato-un-sabado-para-conocer-a-romero\/#breadcrumb","itemListElement":[{"@type":"ListItem","position":1,"name":"Portada","item":"http:\/\/especiales.laprensagrafica.com\/2015\/beatificacion-romero\/"},{"@type":"ListItem","position":2,"name":"Relato Un s\u00e1bado para conocer a Romero"}]},{"@type":"Person","@id":"http:\/\/especiales.laprensagrafica.com\/2015\/beatificacion-romero\/#\/schema\/person\/b1a0028354d3ba94cb00b8f0eb158a28","name":"Juan Carlos Rivas","image":{"@type":"ImageObject","inLanguage":"es","@id":"http:\/\/especiales.laprensagrafica.com\/2015\/beatificacion-romero\/#\/schema\/person\/image\/","url":"http:\/\/0.gravatar.com\/avatar\/08a902c716583cffa92bf1bfff95a4ac?s=96&d=mm&r=g","contentUrl":"http:\/\/0.gravatar.com\/avatar\/08a902c716583cffa92bf1bfff95a4ac?s=96&d=mm&r=g","caption":"Juan Carlos Rivas"},"url":"http:\/\/especiales.laprensagrafica.com\/2015\/beatificacion-romero\/author\/jrivas\/"}]}},"jetpack_featured_media_url":"https:\/\/i0.wp.com\/especiales.laprensagrafica.com\/2015\/beatificacion-romero\/wp-content\/uploads\/2015\/05\/fnac24052015bmdro01.jpg?fit=1500%2C1125","jetpack_sharing_enabled":true,"jetpack_shortlink":"https:\/\/wp.me\/p6bKPR-5Vd","jetpack-related-posts":[{"id":22764,"url":"http:\/\/especiales.laprensagrafica.com\/2015\/beatificacion-romero\/cronica-1400-sacerdotes-revestidos-para-celebrar\/","url_meta":{"origin":22767,"position":0},"title":"Cr\u00f3nica   1,400 sacerdotes revestidos para Celebrar","date":"24 mayo, 2015","format":false,"excerpt":"Una fila de seminaristas irrumpi\u00f3 ayer a las 7:30 de la ma\u00f1ana en el templo de la parroquia San Jos\u00e9 de la Monta\u00f1a. Entraron por una de las puertas laterales, cada uno portaba una sotana roja que le colgaba de las manos desde un gancho y envuelta en un pl\u00e1stico\u2026","rel":"","context":"En \u00abNoticias\u00bb","img":{"alt_text":"","src":"https:\/\/i0.wp.com\/especiales.laprensagrafica.com\/2015\/beatificacion-romero\/wp-content\/uploads\/2015\/05\/fnac24052015ecsac10.jpg?fit=486%2C539&resize=350%2C200","width":350,"height":200},"classes":[]},{"id":22773,"url":"http:\/\/especiales.laprensagrafica.com\/2015\/beatificacion-romero\/su-opcion-por-los-pobres-no-era-ideologica-sino-evangelica\/","url_meta":{"origin":22767,"position":1},"title":"\u201cSu opci\u00f3n por los pobres no era ideol\u00f3gica,  sino evang\u00e9lica\u201d","date":"24 mayo, 2015","format":false,"excerpt":"Angelo Amato, prefecto de la Congregaci\u00f3n para las Causas de los Santos, insisti\u00f3 en que las reivindicaciones del beato \u00d3scar Romero no ten\u00edan contenido ideol\u00f3gico ni pol\u00edtico, sino un car\u00e1cter evang\u00e9lico. Vincenzo Paglia, promotor de la causa ante el Vaticano, tambi\u00e9n insisti\u00f3 en el mensaje de reconciliaci\u00f3n y llamado a\u2026","rel":"","context":"En \u00abNoticias\u00bb","img":{"alt_text":"","src":"https:\/\/i0.wp.com\/especiales.laprensagrafica.com\/2015\/beatificacion-romero\/wp-content\/uploads\/2015\/05\/bbb.jpg?fit=800%2C1200&resize=350%2C200","width":350,"height":200},"classes":[]},{"id":22680,"url":"http:\/\/especiales.laprensagrafica.com\/2015\/beatificacion-romero\/salvadorenos-listos-para-la-beatificacion-de-romero\/","url_meta":{"origin":22767,"position":2},"title":"Salvadore\u00f1os listos para la beatificaci\u00f3n de Romero","date":"23 mayo, 2015","format":false,"excerpt":"Bajo una pertinaz lluvia, miles de feligreses cat\u00f3licos salvadore\u00f1os y extranjeros dieron el banderazo de salida a los festejos de la beatificaci\u00f3n de monse\u00f1or \u00d3scar Arnulfo Romero. AP Bajo una pertinaz lluvia, miles de feligreses cat\u00f3licos salvadore\u00f1os y extranjeros dieron el banderazo de salida a los festejos de la beatificaci\u00f3n\u2026","rel":"","context":"En \u00abNoticias\u00bb","img":{"alt_text":"","src":"https:\/\/i0.wp.com\/especiales.laprensagrafica.com\/2015\/beatificacion-romero\/wp-content\/uploads\/2015\/05\/peregrinos1.jpg?fit=1140%2C748&resize=350%2C200","width":350,"height":200},"classes":[]},{"id":37,"url":"http:\/\/especiales.laprensagrafica.com\/2015\/beatificacion-romero\/papa-declara-martir-a-monsenor-romero\/","url_meta":{"origin":22767,"position":3},"title":"Papa declara m\u00e1rtir a monse\u00f1or Romero","date":"3 febrero, 2015","format":false,"excerpt":"Francisco aprob\u00f3 el decreto en una reuni\u00f3n con el titular de la oficina vaticana a cargo de las beatificaciones. El papa Francisco decret\u00f3 el martes que el arzobispo de San Salvador, Oscar Romero, fue asesinado por odio a la fe y aprob\u00f3 una declaraci\u00f3n de martirologio que allana el camino\u2026","rel":"","context":"En \u00abNoticias\u00bb","img":{"alt_text":"","src":"https:\/\/i0.wp.com\/especiales.laprensagrafica.com\/2015\/beatificacion-romero\/wp-content\/uploads\/2015\/02\/01.jpg?fit=549%2C706&resize=350%2C200","width":350,"height":200},"classes":[]},{"id":22553,"url":"http:\/\/especiales.laprensagrafica.com\/2015\/beatificacion-romero\/biografo-de-romero-dice-que-iglesia-catolica-espera-justicia-por-asesinato\/","url_meta":{"origin":22767,"position":4},"title":"Bi\u00f3grafo de Romero dice que Iglesia cat\u00f3lica espera justicia por asesinato","date":"22 mayo, 2015","format":false,"excerpt":"Monse\u00f1or Delgado dijo que est\u00e1 seguro de que se har\u00e1 justicia en el caso, pero que \"la historia, es la justicia\". El caso judicial sobre el asesinato de Romero fue \"congelado\" en 1987 y archivado por la aplicaci\u00f3n de la Ley de Amnist\u00eda de 1993. EFE El bi\u00f3grafo de monse\u00f1or\u2026","rel":"","context":"En \u00abNoticias\u00bb","img":{"alt_text":"","src":"https:\/\/i0.wp.com\/especiales.laprensagrafica.com\/2015\/beatificacion-romero\/wp-content\/uploads\/2015\/05\/monse\u00f1or-san-pablo-ii.jpg?fit=1140%2C896&resize=350%2C200","width":350,"height":200},"classes":[]},{"id":22663,"url":"http:\/\/especiales.laprensagrafica.com\/2015\/beatificacion-romero\/la-procesion-de-lluvia-y-espiritu\/","url_meta":{"origin":22767,"position":5},"title":"La procesi\u00f3n de lluvia y esp\u00edritu","date":"23 mayo, 2015","format":false,"excerpt":"Solo una ni\u00f1a apareci\u00f3 con una velita, pues la lluvia no permiti\u00f3 que se encendieran. Ricardo Flores\/Byron Sosa Aun as\u00ed la gente camin\u00f3 bajo la tormenta ayer por la tarde para dirigirse hacia la zona del templete y m\u00e1s tarde escuchar la misa e iniciar la vigilia. Destac\u00f3 el fervor,\u2026","rel":"","context":"En \u00abNoticias\u00bb","img":{"alt_text":"","src":"https:\/\/i0.wp.com\/especiales.laprensagrafica.com\/2015\/beatificacion-romero\/wp-content\/uploads\/2015\/05\/fnac23052015vpvig14.jpg?fit=1140%2C760&resize=350%2C200","width":350,"height":200},"classes":[]}],"_links":{"self":[{"href":"http:\/\/especiales.laprensagrafica.com\/2015\/beatificacion-romero\/wp-json\/wp\/v2\/posts\/22767"}],"collection":[{"href":"http:\/\/especiales.laprensagrafica.com\/2015\/beatificacion-romero\/wp-json\/wp\/v2\/posts"}],"about":[{"href":"http:\/\/especiales.laprensagrafica.com\/2015\/beatificacion-romero\/wp-json\/wp\/v2\/types\/post"}],"author":[{"embeddable":true,"href":"http:\/\/especiales.laprensagrafica.com\/2015\/beatificacion-romero\/wp-json\/wp\/v2\/users\/5"}],"replies":[{"embeddable":true,"href":"http:\/\/especiales.laprensagrafica.com\/2015\/beatificacion-romero\/wp-json\/wp\/v2\/comments?post=22767"}],"version-history":[{"count":1,"href":"http:\/\/especiales.laprensagrafica.com\/2015\/beatificacion-romero\/wp-json\/wp\/v2\/posts\/22767\/revisions"}],"predecessor-version":[{"id":22768,"href":"http:\/\/especiales.laprensagrafica.com\/2015\/beatificacion-romero\/wp-json\/wp\/v2\/posts\/22767\/revisions\/22768"}],"wp:featuredmedia":[{"embeddable":true,"href":"http:\/\/especiales.laprensagrafica.com\/2015\/beatificacion-romero\/wp-json\/wp\/v2\/media\/22769"}],"wp:attachment":[{"href":"http:\/\/especiales.laprensagrafica.com\/2015\/beatificacion-romero\/wp-json\/wp\/v2\/media?parent=22767"}],"wp:term":[{"taxonomy":"category","embeddable":true,"href":"http:\/\/especiales.laprensagrafica.com\/2015\/beatificacion-romero\/wp-json\/wp\/v2\/categories?post=22767"},{"taxonomy":"post_tag","embeddable":true,"href":"http:\/\/especiales.laprensagrafica.com\/2015\/beatificacion-romero\/wp-json\/wp\/v2\/tags?post=22767"}],"curies":[{"name":"wp","href":"https:\/\/api.w.org\/{rel}","templated":true}]}}