{"id":22773,"date":"2015-05-24T00:58:44","date_gmt":"2015-05-24T06:58:44","guid":{"rendered":"http:\/\/especiales.laprensagrafica.com\/2015\/beatificacion-romero\/?p=22773"},"modified":"2015-05-24T01:04:37","modified_gmt":"2015-05-24T07:04:37","slug":"su-opcion-por-los-pobres-no-era-ideologica-sino-evangelica","status":"publish","type":"post","link":"http:\/\/especiales.laprensagrafica.com\/2015\/beatificacion-romero\/su-opcion-por-los-pobres-no-era-ideologica-sino-evangelica\/","title":{"rendered":"\u201cSu opci\u00f3n por los pobres no era ideol\u00f3gica,  sino evang\u00e9lica\u201d"},"content":{"rendered":"<p>Angelo Amato, prefecto de la Congregaci\u00f3n para las Causas de los Santos, insisti\u00f3 en que las reivindicaciones del beato \u00d3scar Romero no ten\u00edan contenido ideol\u00f3gico ni pol\u00edtico, sino un car\u00e1cter evang\u00e9lico. Vincenzo Paglia, promotor de la causa ante el Vaticano, tambi\u00e9n insisti\u00f3 en el mensaje de reconciliaci\u00f3n y llamado a frenar la violencia que hac\u00eda el obispo asesinado hace 35 a\u00f1os.<br \/>\n<br \/>\n<strong>Mario Enrique Paz\/Byron Sosa\/Ricardo Flores<\/strong><br \/>\n<br \/>\nUn halo inmenso lo corona, el cielo lo saluda y el mundo lo venera. \u00d3scar Romero es beato. Beato porque el papa Francisco as\u00ed lo quiso desde ayer, as\u00ed lo nombr\u00f3: beato \u00d3scar Romero, obispo y m\u00e1rtir. No lo necesitaba, dijo el promotor de la causa ante el Vaticano, monse\u00f1or Vincenzo Paglia, conocedor de que en el coraz\u00f3n del pueblo es santo, pero los formalismos de la Iglesia as\u00ed lo requer\u00edan, como suceso de reconciliaci\u00f3n, como fen\u00f3meno de paz, como intenci\u00f3n de redenci\u00f3n.<br \/>\n<br \/>\nA las 9:37 de la ma\u00f1ana una l\u00ednea de sacerdotes que hac\u00eda su entrada al templete, vestidos de blanco y rojo, vestidos de gala, hac\u00edan contraste con un hormiguero humano que se extend\u00eda hacia el oriente en la alameda Roosevelt, hacia donde mira el Salvador del Mundo, hacia donde levanta su cruz Romero en su peque\u00f1a plaza, la ceremonia hab\u00eda comenzado.<br \/>\nEl ordenado caminar de los curas es totalmente opuesto con la prisa y el desorden con que entraban miles de salvadore\u00f1os a la zona del templete, opuesto a las ventas de agua, jugos, camisetas y pa\u00f1uelos, opuesto al griter\u00edo y bulla. Dos pueblos en uno, el del sacerdocio y el de las calles. El \u00faltimo era un r\u00edo humano que camina sin creciente, despacio, que solo quiere colocarse, como los sacerdotes, en un mejor lugar para la ceremonia.<br \/>\n<br \/>\nEn esa solemnidad, mezclada con desorden en la que muchos quer\u00edan estar, a las 10:05 Angelo Amato, prefecto de la Congregaci\u00f3n para las Causas de los Santos, dio la bendici\u00f3n inicial y el camino para nombrar a Romero como beato comenzaba a despejarse.<br \/>\n<br \/>\nSimbolismo de principio a fin, semejanzas en los martirios. \u201cCuando sea levantado en lo alto, todo lo atraer\u00e9 hacia m\u00ed\u201d, dice una frase de Jesucristo en el Evangelio de San Juan que se refiere a la crucifixi\u00f3n, a su momento de reconocimiento como el hijo de Dios. Otra parte del Evangelio de San Juan fue solemnemente cantada ayer: \u201cY ya no estoy en el mundo; mas estos est\u00e1n en el mundo, y yo a ti vengo. Padre Santo, a los que me has dado, gu\u00e1rdalos en tu nombre para que sean una cosa, como tambi\u00e9n nosotros\u201d. Al final de la beatificaci\u00f3n de Romero, el d\u00eda soleado contrast\u00f3 con el opaco cielo descrito en la Biblia por la muerte de Jes\u00fas, pero como en el Calvario, en el Salvador del Mundo un pueblo se volcaba entero.<br \/>\n<br \/>\nEl reloj marcaba las 10:10 de la ma\u00f1ana cuando el arzobispo de San Salvador hac\u00eda la petici\u00f3n al papa Francisco para la beatificaci\u00f3n y solo unos minutos despu\u00e9s Vincenzo Paglia, procurador de la causa, le\u00eda la biograf\u00eda del ahora beato y recordaba que en Roma el arzobispo asesinado, el 24 de marzo por odio a la fe, hab\u00eda dicho que quer\u00eda ser una hostia para Dios, y \u201cel Se\u00f1or le reserv\u00f3 este lugar con la muerte en el altar\u201d.<br \/>\n<br \/>\nMuy a la usanza de la antigua Iglesia, Amato ley\u00f3 en lat\u00edn el mensaje del papa que confirmaba la beatificaci\u00f3n, para que despu\u00e9s monse\u00f1or Jes\u00fas Delgado, copromotor de la causa en El Salvador, lo hiciera en espa\u00f1ol: \u201cHabiendo hecho la consulta del caso a la Congregaci\u00f3n de los Santos, en virtud de nuestra autoridad apost\u00f3lica, facultamos para que el venerable siervo de Dios \u00d3scar Arnulfo Romero Gald\u00e1mez, obispo y m\u00e1rtir, pastor seg\u00fan el coraz\u00f3n de Cristo, evangelizador y padre de los pobres, testigo heroico del pueblo de Dios, reino de justicia, fraternidad y paz, en adelante se le llame beato y se celebre su fiesta el d\u00eda 24 de marzo en que naci\u00f3 para el cielo\u201d.<br \/>\n<br \/>\nA las 10:29 de la ma\u00f1ana una inmensa manta se deslizaba despacio para develar la figura que se usar\u00e1 en los altares, ya para esa hora las miradas compet\u00edan con la figura en el cielo: el halo.<br \/>\nFen\u00f3meno natural para unos, se\u00f1al para otros, de manera impresionante apareci\u00f3 en el momento oportuno. Caras sorprendidas, bocas abiertas y l\u00e1grimas derramadas, Romero consigui\u00f3 lo que los pol\u00edticos nacionales sue\u00f1an: reunir al pueblo, conjugar \u2013con fronteras establecidas, desde luego\u2013 a pobre y rico, a j\u00f3venes y adultos, a izquierda y derecha.<br \/>\n<br \/>\nJos\u00e9 Luis Escobar tom\u00f3 la palabra para dar las gracias a Francisco, la Iglesia, todo el pueblo, los congregados en la plaza y al mundo entero por la beatificaci\u00f3n de Romero y en un sensible abrazo se aferr\u00f3 a Amato para entregar la carta apost\u00f3lica, lleg\u00f3 el canto de Gloria y las lecturas.<br \/>\n<br \/>\n<strong>La homil\u00eda<\/strong><br \/>\nTan preparado como ensayado, la significaci\u00f3n de las lecturas pareci\u00f3 un paralelo con la vida de Romero, un paralelo con la realidad del pa\u00eds, con la persecuci\u00f3n que vivi\u00f3 y con la manipulaci\u00f3n que han hecho de su obra. La primera cit\u00f3 al libro de la Sabidur\u00eda: \u201cLas almas de los justos est\u00e1n en las manos de Dios, y no los afectar\u00e1 ning\u00fan tormento. A los ojos de los insensatos parec\u00edan muertos; su partida de este mundo fue considerada una desgracia y su alejamiento de nosotros, una completa destrucci\u00f3n; pero ellos est\u00e1n en paz\u201d. Las palabras de Paglia al leer la biograf\u00eda parec\u00edan resonar en la lectura, al hacer una alusi\u00f3n de que para el arzobispo no era pesado ser un buen pastor.<br \/>\n<br \/>\nY son\u00f3 el canto del Salmo 125: \u201cLos que sembraron entre l\u00e1grimas cosechan entre cantares\u201d, en relaci\u00f3n directa con la segunda lectura, la carta de San Pablo a los Romanos que dice: \u201cSi Dios est\u00e1 a nuestro favor, qui\u00e9n estar\u00e1 en contra nuestra\u201d. Y el promotor de la causa vuelve a sonar cuando asegura que al querer silenciar la voz de Romero solamente la difundieron por todo el mundo.<br \/>\n<br \/>\nEl evangelio de San Juan fue cantado a una sola voz en el ruego que Jesucristo hace para que el padre guarde a sus ap\u00f3stoles y Amato encontr\u00f3 en este los fundamentos para su homil\u00eda. Parafrasea a San Agust\u00edn al decir que el Evangelio le asustaba y quer\u00eda una existencia tranquila, \u201cen cambio predicar, amonestar, corregir, edificar, entregarse a todos es un gran peso, una grave responsabilidad, una dura tarea\u201d, y algo similar sucedi\u00f3 con Romero.<br \/>\n<br \/>\nAmato hace \u00e9nfasis en que las lecturas dan el significado del martirio de Romero, de quien dice es luz de las naciones y sal de la tierra. Asegura que los perseguidores del obispo desaparecieron en la sombra, en cambio la memoria del obispo continua viva y da consuelo \u201ca los pobres y los marginados de la tierra\u201d.<br \/>\n<br \/>\nEl cardenal dice que el evangelio le\u00eddo en la misa de beatificaci\u00f3n era repetido constantemente por Romero en los \u00faltimos d\u00edas \u201chasta el fat\u00eddico 24 de marzo de 1980, cuando una bala traidora lo hiri\u00f3 de muerte durante la celebraci\u00f3n eucar\u00edstica y su sangre se mezcl\u00f3 con la sangre redentora de Cristo\u201d.<br \/>\n<br \/>\nAmato volvi\u00f3 a insistir en alejar la figura del beato de la pol\u00edtica o cualquier movimiento que fuera ajeno a la Iglesia al asegurar que en las palabras del obispo no existi\u00f3 nunca ninguna provocaci\u00f3n \u201cal odio o la venganza\u201d y eran m\u00e1s llamadas de atenci\u00f3n para los que consideraba hijos en discordia.<br \/>\n<br \/>\nRomero invitaba \u201cal amor, al perd\u00f3n y la reconciliaci\u00f3n\u201d y como para rematar recuerda que \u201csu opci\u00f3n por los pobres no era ideol\u00f3gica, sino evang\u00e9lica\u201d. Para el cardenal, tambi\u00e9n ten\u00eda palabras de conversi\u00f3n para sus perseguidores y pregonaba el perd\u00f3n, una cualidad que, junto con la generosidad, en extremo el sacerdote practic\u00f3.<br \/>\n<br \/>\n<strong>La canonizaci\u00f3n como proyecto<\/strong><br \/>\nAyer al final de la homil\u00eda la Iglesia hablaba ya de la canonizaci\u00f3n y todo el trabajo que se tiene que hacer para tratar de que el hecho llegue lo m\u00e1s pronto posible. Un emocionado monse\u00f1or Rafael Urrutia replicaba: \u201cDepende de la agilidad con la que se instruya. Pueden ser uno o dos a\u00f1os. Tenemos que invitar (a las personas) a que nos traigan los milagros. El papa&#8230; esperamos que un d\u00eda decida venir a El Salvador. Ojal\u00e1 cuando venga canonice a Monse\u00f1or Romero y beatifique a Rutilio Grande\u201d.<br \/>\n<br \/>\nLa tarea, no obstante, tiene una dificultad m\u00e1s que el martirio, en el que no se pide milagro, ya que la canonizaci\u00f3n en cambio requiere tal prueba. \u201cEsto supone ex\u00e1menes m\u00e9dicos, diagn\u00f3sticos m\u00e9dicos, testimonios m\u00e9dicos, testimonios psiqui\u00e1tricos. Si no es tan sencillo, pero hay que hacer un proceso. Necesitamos un milagro para la canonizaci\u00f3n\u201d.<br \/>\n<br \/>\nPor el momento, la Iglesia ha cumplido un primer paso y Romero fue levantado en lo alto \u2013sube a los altares\u2013 con una hostia en la comuni\u00f3n y en el ritual que lo beatifica, ya antes hab\u00eda sido crucificado por los que lo odiaron, los que lo denigraron, los que los asesinaron, los que los utilizaron y los que siguen usando y manipulando su palabra como objetivo pol\u00edtico de ataque.<br \/>\nComo bien dijo monse\u00f1or Rafael Urrutia cuando el Vaticano firm\u00f3 su martirio: \u201cRoma locuta, causa finita\u201d, muy en relaci\u00f3n con el \u201ccosummatum est\u201d: Roma dice y la causa ha terminado, entonces todo ha concluido y el beato salvadore\u00f1o, m\u00e1s all\u00e1 del sacerdote, del monse\u00f1or o del arzobispo queda como ejemplo a seguir, ejemplo de justicia, de paz, de solidaridad, pero sobre todo de reconciliaci\u00f3n.<\/p>\n","protected":false},"excerpt":{"rendered":"<p>Angelo Amato, prefecto de la Congregaci\u00f3n para las Causas de los Santos, insisti\u00f3 en que las reivindicaciones del beato \u00d3scar Romero no ten\u00edan contenido ideol\u00f3gico ni pol\u00edtico, sino un car\u00e1cter evang\u00e9lico. Vincenzo Paglia, promotor de la causa ante el Vaticano, tambi\u00e9n insisti\u00f3 en el mensaje de reconciliaci\u00f3n y llamado a frenar la violencia que hac\u00eda&#8230;<\/p>\n","protected":false},"author":5,"featured_media":22777,"comment_status":"closed","ping_status":"open","sticky":false,"template":"","format":"standard","meta":{"spay_email":"","jetpack_publicize_message":"","jetpack_is_tweetstorm":false,"jetpack_publicize_feature_enabled":true},"categories":[1],"tags":[],"jetpack_publicize_connections":[],"yoast_head":"<!-- This site is optimized with the Yoast SEO plugin v19.1 - https:\/\/yoast.com\/wordpress\/plugins\/seo\/ -->\n<title>\u201cSu opci\u00f3n por los pobres no era ideol\u00f3gica, sino evang\u00e9lica\u201d - Beatificaci\u00f3n de Monse\u00f1or Romero<\/title>\n<meta name=\"robots\" content=\"index, follow, max-snippet:-1, max-image-preview:large, max-video-preview:-1\" \/>\n<link rel=\"canonical\" href=\"http:\/\/especiales.laprensagrafica.com\/2015\/beatificacion-romero\/su-opcion-por-los-pobres-no-era-ideologica-sino-evangelica\/\" \/>\n<meta property=\"og:locale\" content=\"es_ES\" \/>\n<meta property=\"og:type\" content=\"article\" \/>\n<meta property=\"og:title\" content=\"\u201cSu opci\u00f3n por los pobres no era ideol\u00f3gica, sino evang\u00e9lica\u201d - Beatificaci\u00f3n de Monse\u00f1or Romero\" \/>\n<meta property=\"og:description\" content=\"Angelo Amato, prefecto de la Congregaci\u00f3n para las Causas de los Santos, insisti\u00f3 en que las reivindicaciones del beato \u00d3scar Romero no ten\u00edan contenido ideol\u00f3gico ni pol\u00edtico, sino un car\u00e1cter evang\u00e9lico. Vincenzo Paglia, promotor de la causa ante el Vaticano, tambi\u00e9n insisti\u00f3 en el mensaje de reconciliaci\u00f3n y llamado a frenar la violencia que hac\u00eda...\" \/>\n<meta property=\"og:url\" content=\"http:\/\/especiales.laprensagrafica.com\/2015\/beatificacion-romero\/su-opcion-por-los-pobres-no-era-ideologica-sino-evangelica\/\" \/>\n<meta property=\"og:site_name\" content=\"Beatificaci\u00f3n de Monse\u00f1or Romero\" \/>\n<meta property=\"article:publisher\" content=\"https:\/\/www.facebook.com\/lpg.laprensagrafica\" \/>\n<meta property=\"article:published_time\" content=\"2015-05-24T06:58:44+00:00\" \/>\n<meta property=\"article:modified_time\" content=\"2015-05-24T07:04:37+00:00\" \/>\n<meta property=\"og:image\" content=\"https:\/\/i0.wp.com\/especiales.laprensagrafica.com\/2015\/beatificacion-romero\/wp-content\/uploads\/2015\/05\/bbb.jpg?fit=1500%2C2250\" \/>\n\t<meta property=\"og:image:width\" content=\"1500\" \/>\n\t<meta property=\"og:image:height\" content=\"2250\" \/>\n\t<meta property=\"og:image:type\" content=\"image\/jpeg\" \/>\n<meta name=\"twitter:card\" content=\"summary_large_image\" \/>\n<meta name=\"twitter:creator\" content=\"@prensagrafica\" \/>\n<meta name=\"twitter:site\" content=\"@prensagrafica\" \/>\n<meta name=\"twitter:label1\" content=\"Escrito por\" \/>\n\t<meta name=\"twitter:data1\" content=\"Juan Carlos Rivas\" \/>\n\t<meta name=\"twitter:label2\" content=\"Tiempo de lectura\" \/>\n\t<meta name=\"twitter:data2\" content=\"8 minutos\" \/>\n<script type=\"application\/ld+json\" class=\"yoast-schema-graph\">{\"@context\":\"https:\/\/schema.org\",\"@graph\":[{\"@type\":\"WebSite\",\"@id\":\"http:\/\/especiales.laprensagrafica.com\/2015\/beatificacion-romero\/#website\",\"url\":\"http:\/\/especiales.laprensagrafica.com\/2015\/beatificacion-romero\/\",\"name\":\"Beatificaci\u00f3n de Monse\u00f1or Romero\",\"description\":\"Sitio especial de La Prensa Gr\u00e1fica\",\"potentialAction\":[{\"@type\":\"SearchAction\",\"target\":{\"@type\":\"EntryPoint\",\"urlTemplate\":\"http:\/\/especiales.laprensagrafica.com\/2015\/beatificacion-romero\/?s={search_term_string}\"},\"query-input\":\"required name=search_term_string\"}],\"inLanguage\":\"es\"},{\"@type\":\"ImageObject\",\"inLanguage\":\"es\",\"@id\":\"http:\/\/especiales.laprensagrafica.com\/2015\/beatificacion-romero\/su-opcion-por-los-pobres-no-era-ideologica-sino-evangelica\/#primaryimage\",\"url\":\"https:\/\/i0.wp.com\/especiales.laprensagrafica.com\/2015\/beatificacion-romero\/wp-content\/uploads\/2015\/05\/bbb.jpg?fit=1500%2C2250\",\"contentUrl\":\"https:\/\/i0.wp.com\/especiales.laprensagrafica.com\/2015\/beatificacion-romero\/wp-content\/uploads\/2015\/05\/bbb.jpg?fit=1500%2C2250\",\"width\":1500,\"height\":2250},{\"@type\":\"WebPage\",\"@id\":\"http:\/\/especiales.laprensagrafica.com\/2015\/beatificacion-romero\/su-opcion-por-los-pobres-no-era-ideologica-sino-evangelica\/#webpage\",\"url\":\"http:\/\/especiales.laprensagrafica.com\/2015\/beatificacion-romero\/su-opcion-por-los-pobres-no-era-ideologica-sino-evangelica\/\",\"name\":\"\u201cSu opci\u00f3n por los pobres no era ideol\u00f3gica, sino evang\u00e9lica\u201d - Beatificaci\u00f3n de Monse\u00f1or Romero\",\"isPartOf\":{\"@id\":\"http:\/\/especiales.laprensagrafica.com\/2015\/beatificacion-romero\/#website\"},\"primaryImageOfPage\":{\"@id\":\"http:\/\/especiales.laprensagrafica.com\/2015\/beatificacion-romero\/su-opcion-por-los-pobres-no-era-ideologica-sino-evangelica\/#primaryimage\"},\"datePublished\":\"2015-05-24T06:58:44+00:00\",\"dateModified\":\"2015-05-24T07:04:37+00:00\",\"author\":{\"@id\":\"http:\/\/especiales.laprensagrafica.com\/2015\/beatificacion-romero\/#\/schema\/person\/b1a0028354d3ba94cb00b8f0eb158a28\"},\"breadcrumb\":{\"@id\":\"http:\/\/especiales.laprensagrafica.com\/2015\/beatificacion-romero\/su-opcion-por-los-pobres-no-era-ideologica-sino-evangelica\/#breadcrumb\"},\"inLanguage\":\"es\",\"potentialAction\":[{\"@type\":\"ReadAction\",\"target\":[\"http:\/\/especiales.laprensagrafica.com\/2015\/beatificacion-romero\/su-opcion-por-los-pobres-no-era-ideologica-sino-evangelica\/\"]}]},{\"@type\":\"BreadcrumbList\",\"@id\":\"http:\/\/especiales.laprensagrafica.com\/2015\/beatificacion-romero\/su-opcion-por-los-pobres-no-era-ideologica-sino-evangelica\/#breadcrumb\",\"itemListElement\":[{\"@type\":\"ListItem\",\"position\":1,\"name\":\"Portada\",\"item\":\"http:\/\/especiales.laprensagrafica.com\/2015\/beatificacion-romero\/\"},{\"@type\":\"ListItem\",\"position\":2,\"name\":\"\u201cSu opci\u00f3n por los pobres no era ideol\u00f3gica, sino evang\u00e9lica\u201d\"}]},{\"@type\":\"Person\",\"@id\":\"http:\/\/especiales.laprensagrafica.com\/2015\/beatificacion-romero\/#\/schema\/person\/b1a0028354d3ba94cb00b8f0eb158a28\",\"name\":\"Juan Carlos Rivas\",\"image\":{\"@type\":\"ImageObject\",\"inLanguage\":\"es\",\"@id\":\"http:\/\/especiales.laprensagrafica.com\/2015\/beatificacion-romero\/#\/schema\/person\/image\/\",\"url\":\"http:\/\/0.gravatar.com\/avatar\/08a902c716583cffa92bf1bfff95a4ac?s=96&d=mm&r=g\",\"contentUrl\":\"http:\/\/0.gravatar.com\/avatar\/08a902c716583cffa92bf1bfff95a4ac?s=96&d=mm&r=g\",\"caption\":\"Juan Carlos Rivas\"},\"url\":\"http:\/\/especiales.laprensagrafica.com\/2015\/beatificacion-romero\/author\/jrivas\/\"}]}<\/script>\n<!-- \/ Yoast SEO plugin. -->","yoast_head_json":{"title":"\u201cSu opci\u00f3n por los pobres no era ideol\u00f3gica, sino evang\u00e9lica\u201d - Beatificaci\u00f3n de Monse\u00f1or Romero","robots":{"index":"index","follow":"follow","max-snippet":"max-snippet:-1","max-image-preview":"max-image-preview:large","max-video-preview":"max-video-preview:-1"},"canonical":"http:\/\/especiales.laprensagrafica.com\/2015\/beatificacion-romero\/su-opcion-por-los-pobres-no-era-ideologica-sino-evangelica\/","og_locale":"es_ES","og_type":"article","og_title":"\u201cSu opci\u00f3n por los pobres no era ideol\u00f3gica, sino evang\u00e9lica\u201d - Beatificaci\u00f3n de Monse\u00f1or Romero","og_description":"Angelo Amato, prefecto de la Congregaci\u00f3n para las Causas de los Santos, insisti\u00f3 en que las reivindicaciones del beato \u00d3scar Romero no ten\u00edan contenido ideol\u00f3gico ni pol\u00edtico, sino un car\u00e1cter evang\u00e9lico. Vincenzo Paglia, promotor de la causa ante el Vaticano, tambi\u00e9n insisti\u00f3 en el mensaje de reconciliaci\u00f3n y llamado a frenar la violencia que hac\u00eda...","og_url":"http:\/\/especiales.laprensagrafica.com\/2015\/beatificacion-romero\/su-opcion-por-los-pobres-no-era-ideologica-sino-evangelica\/","og_site_name":"Beatificaci\u00f3n de Monse\u00f1or Romero","article_publisher":"https:\/\/www.facebook.com\/lpg.laprensagrafica","article_published_time":"2015-05-24T06:58:44+00:00","article_modified_time":"2015-05-24T07:04:37+00:00","og_image":[{"width":1500,"height":2250,"url":"https:\/\/i0.wp.com\/especiales.laprensagrafica.com\/2015\/beatificacion-romero\/wp-content\/uploads\/2015\/05\/bbb.jpg?fit=1500%2C2250","type":"image\/jpeg"}],"twitter_card":"summary_large_image","twitter_creator":"@prensagrafica","twitter_site":"@prensagrafica","twitter_misc":{"Escrito por":"Juan Carlos Rivas","Tiempo de lectura":"8 minutos"},"schema":{"@context":"https:\/\/schema.org","@graph":[{"@type":"WebSite","@id":"http:\/\/especiales.laprensagrafica.com\/2015\/beatificacion-romero\/#website","url":"http:\/\/especiales.laprensagrafica.com\/2015\/beatificacion-romero\/","name":"Beatificaci\u00f3n de Monse\u00f1or Romero","description":"Sitio especial de La Prensa Gr\u00e1fica","potentialAction":[{"@type":"SearchAction","target":{"@type":"EntryPoint","urlTemplate":"http:\/\/especiales.laprensagrafica.com\/2015\/beatificacion-romero\/?s={search_term_string}"},"query-input":"required name=search_term_string"}],"inLanguage":"es"},{"@type":"ImageObject","inLanguage":"es","@id":"http:\/\/especiales.laprensagrafica.com\/2015\/beatificacion-romero\/su-opcion-por-los-pobres-no-era-ideologica-sino-evangelica\/#primaryimage","url":"https:\/\/i0.wp.com\/especiales.laprensagrafica.com\/2015\/beatificacion-romero\/wp-content\/uploads\/2015\/05\/bbb.jpg?fit=1500%2C2250","contentUrl":"https:\/\/i0.wp.com\/especiales.laprensagrafica.com\/2015\/beatificacion-romero\/wp-content\/uploads\/2015\/05\/bbb.jpg?fit=1500%2C2250","width":1500,"height":2250},{"@type":"WebPage","@id":"http:\/\/especiales.laprensagrafica.com\/2015\/beatificacion-romero\/su-opcion-por-los-pobres-no-era-ideologica-sino-evangelica\/#webpage","url":"http:\/\/especiales.laprensagrafica.com\/2015\/beatificacion-romero\/su-opcion-por-los-pobres-no-era-ideologica-sino-evangelica\/","name":"\u201cSu opci\u00f3n por los pobres no era ideol\u00f3gica, sino evang\u00e9lica\u201d - Beatificaci\u00f3n de Monse\u00f1or Romero","isPartOf":{"@id":"http:\/\/especiales.laprensagrafica.com\/2015\/beatificacion-romero\/#website"},"primaryImageOfPage":{"@id":"http:\/\/especiales.laprensagrafica.com\/2015\/beatificacion-romero\/su-opcion-por-los-pobres-no-era-ideologica-sino-evangelica\/#primaryimage"},"datePublished":"2015-05-24T06:58:44+00:00","dateModified":"2015-05-24T07:04:37+00:00","author":{"@id":"http:\/\/especiales.laprensagrafica.com\/2015\/beatificacion-romero\/#\/schema\/person\/b1a0028354d3ba94cb00b8f0eb158a28"},"breadcrumb":{"@id":"http:\/\/especiales.laprensagrafica.com\/2015\/beatificacion-romero\/su-opcion-por-los-pobres-no-era-ideologica-sino-evangelica\/#breadcrumb"},"inLanguage":"es","potentialAction":[{"@type":"ReadAction","target":["http:\/\/especiales.laprensagrafica.com\/2015\/beatificacion-romero\/su-opcion-por-los-pobres-no-era-ideologica-sino-evangelica\/"]}]},{"@type":"BreadcrumbList","@id":"http:\/\/especiales.laprensagrafica.com\/2015\/beatificacion-romero\/su-opcion-por-los-pobres-no-era-ideologica-sino-evangelica\/#breadcrumb","itemListElement":[{"@type":"ListItem","position":1,"name":"Portada","item":"http:\/\/especiales.laprensagrafica.com\/2015\/beatificacion-romero\/"},{"@type":"ListItem","position":2,"name":"\u201cSu opci\u00f3n por los pobres no era ideol\u00f3gica, sino evang\u00e9lica\u201d"}]},{"@type":"Person","@id":"http:\/\/especiales.laprensagrafica.com\/2015\/beatificacion-romero\/#\/schema\/person\/b1a0028354d3ba94cb00b8f0eb158a28","name":"Juan Carlos Rivas","image":{"@type":"ImageObject","inLanguage":"es","@id":"http:\/\/especiales.laprensagrafica.com\/2015\/beatificacion-romero\/#\/schema\/person\/image\/","url":"http:\/\/0.gravatar.com\/avatar\/08a902c716583cffa92bf1bfff95a4ac?s=96&d=mm&r=g","contentUrl":"http:\/\/0.gravatar.com\/avatar\/08a902c716583cffa92bf1bfff95a4ac?s=96&d=mm&r=g","caption":"Juan Carlos Rivas"},"url":"http:\/\/especiales.laprensagrafica.com\/2015\/beatificacion-romero\/author\/jrivas\/"}]}},"jetpack_featured_media_url":"https:\/\/i0.wp.com\/especiales.laprensagrafica.com\/2015\/beatificacion-romero\/wp-content\/uploads\/2015\/05\/bbb.jpg?fit=1500%2C2250","jetpack_sharing_enabled":true,"jetpack_shortlink":"https:\/\/wp.me\/p6bKPR-5Vj","jetpack-related-posts":[{"id":70,"url":"http:\/\/especiales.laprensagrafica.com\/2015\/beatificacion-romero\/romero-listo-para-subir-a-los-altares\/","url_meta":{"origin":22773,"position":0},"title":"Romero listo para subir a los altares","date":"12 marzo, 2015","format":false,"excerpt":"La beatificaci\u00f3n de Romero coincide con la v\u00edspera del Pentecost\u00e9s, una fecha significativa para la Iglesia cat\u00f3lica, de all\u00ed que el Vaticano haya escogido el 23 de mayo para que el obispo m\u00e1rtir pueda ser subido a los altares. Ayer, al visitar la tumba y luego en una conferencia, el\u2026","rel":"","context":"En \u00abNoticias\u00bb","img":{"alt_text":"","src":"https:\/\/i0.wp.com\/especiales.laprensagrafica.com\/2015\/beatificacion-romero\/wp-content\/uploads\/2015\/03\/17.jpg?fit=461%2C346&resize=350%2C200","width":350,"height":200},"classes":[]},{"id":22783,"url":"http:\/\/especiales.laprensagrafica.com\/2015\/beatificacion-romero\/iglesias-piden-su-intercesion-por-la-paz-en-el-pais\/","url_meta":{"origin":22773,"position":1},"title":"Iglesias piden su intercesi\u00f3n por la paz en el pa\u00eds","date":"25 mayo, 2015","format":false,"excerpt":"Iglesias cat\u00f3licas se unieron en misa de acci\u00f3n de gracias por beatificaci\u00f3n de Monse\u00f1or \u00d3scar Arnulfo Romero con oraci\u00f3n especial que coincidi\u00f3 con la fiesta de Pentecost\u00e9s. Byron Sosa Un d\u00eda despu\u00e9s de que el papa Francisco nombr\u00f3 beato a \u00d3scar Arnulfo Romero, todas las iglesias cat\u00f3licas del pa\u00eds celebraron\u2026","rel":"","context":"En \u00abNoticias\u00bb","img":{"alt_text":"","src":"https:\/\/i0.wp.com\/especiales.laprensagrafica.com\/2015\/beatificacion-romero\/wp-content\/uploads\/2015\/05\/Nas0525IgleciasCelebranB-photo03-FileAttachment.jpg?fit=504%2C346&resize=350%2C200","width":350,"height":200},"classes":[]},{"id":62,"url":"http:\/\/especiales.laprensagrafica.com\/2015\/beatificacion-romero\/llega-postulador-de-la-causa-de-beatificacion\/","url_meta":{"origin":22773,"position":2},"title":"Llega postulador de la causa de beatificaci\u00f3n","date":"11 marzo, 2015","format":false,"excerpt":"Vicenzo Paglia lleg\u00f3 anoche al pa\u00eds para reunirse con el gobierno y la iglesia. Vincenzo Paglia, el postulador de la causa de beatificaci\u00f3n de Monse\u00f1or \u00d3scar Romero, lleg\u00f3 ayer por la noche al pa\u00eds para reunirse con el presidente Salvador S\u00e1nchez Cer\u00e9n y la alta jerarqu\u00eda de la curia salvadore\u00f1a.\u2026","rel":"","context":"En \u00abNoticias\u00bb","img":{"alt_text":"","src":"https:\/\/i0.wp.com\/especiales.laprensagrafica.com\/2015\/beatificacion-romero\/wp-content\/uploads\/2015\/03\/13.jpg?fit=450%2C300&resize=350%2C200","width":350,"height":200},"classes":[]},{"id":68,"url":"http:\/\/especiales.laprensagrafica.com\/2015\/beatificacion-romero\/no-le-sirve-a-oscar-romero-la-canonizacion-nos-sirve-a-nosotros-paglia\/","url_meta":{"origin":22773,"position":3},"title":"\u00abNo le sirve a \u00d3scar Romero la canonizaci\u00f3n, nos sirve a nosotros\u00bb:  Paglia","date":"11 marzo, 2015","format":false,"excerpt":"Durante una visita esta tarde a la cripta donde descansan los restos del pr\u00f3ximo beato, el postulador de la causa de Romero \u00a0ofreci\u00f3 una misa y posteriormente una conferencia de prensa. Vincenzo Paglia, el arzobispo italiano que postul\u00f3 la causa de Monse\u00f1or \u00d3scar Arnulfo Romero para su estudio en el\u2026","rel":"","context":"En \u00abNoticias\u00bb","img":{"alt_text":"","src":"https:\/\/i0.wp.com\/especiales.laprensagrafica.com\/2015\/beatificacion-romero\/wp-content\/uploads\/2015\/03\/16.jpg?fit=450%2C300&resize=350%2C200","width":350,"height":200},"classes":[]},{"id":22786,"url":"http:\/\/especiales.laprensagrafica.com\/2015\/beatificacion-romero\/el-beato-en-la-monplesa\/","url_meta":{"origin":22773,"position":4},"title":"El beato en la \u201cmonplesa\u201d","date":"25 mayo, 2015","format":false,"excerpt":"Un centenar de compatriotas se reuni\u00f3 el s\u00e1bado por la tarde en la m\u00edtica plaza Lamont en Washington, D. C., Estados Unidos, para celebrar, desde lejos, la beatificaci\u00f3n de Monse\u00f1or \u00d3scar Arnulfo Romero. Por H\u00e9ctor Silva \u00c1valos* Lita Trejo es maestra. Lleva poco m\u00e1s de una d\u00e9cada ayudando a j\u00f3venes\u2026","rel":"","context":"En \u00abNoticias\u00bb","img":{"alt_text":"","src":"https:\/\/i0.wp.com\/especiales.laprensagrafica.com\/2015\/beatificacion-romero\/wp-content\/uploads\/2015\/05\/Nas052515CronicaSilva-photo02-FileAttachment.jpg?fit=500%2C346&resize=350%2C200","width":350,"height":200},"classes":[]},{"id":22792,"url":"http:\/\/especiales.laprensagrafica.com\/2015\/beatificacion-romero\/papa-romero-siguio-el-ejemplo-de-jesucristo\/","url_meta":{"origin":22773,"position":5},"title":"Papa: Romero sigui\u00f3 el ejemplo de Jesucristo","date":"25 mayo, 2015","format":false,"excerpt":"La Iglesia salvadore\u00f1a reconoce que la beatificaci\u00f3n de Romero fue posible por el v\u00ednculo entre \u00e9l y Francisco. Ayer, el papa record\u00f3 con cari\u00f1o al beato desde el Vaticano. Ricardo Flores\/Agencias El papa Francisco dijo ayer que Monse\u00f1or \u00d3scar Arnulfo Romero, beatificado el s\u00e1bado 23 de mayo por el cardenal\u2026","rel":"","context":"En \u00abNoticias\u00bb","img":{"alt_text":"","src":"https:\/\/i0.wp.com\/especiales.laprensagrafica.com\/2015\/beatificacion-romero\/wp-content\/uploads\/2015\/05\/30d533c1-42ef-4bf1-acfc-c8a1ac85b922_XLW.jpg?fit=618%2C383&resize=350%2C200","width":350,"height":200},"classes":[]}],"_links":{"self":[{"href":"http:\/\/especiales.laprensagrafica.com\/2015\/beatificacion-romero\/wp-json\/wp\/v2\/posts\/22773"}],"collection":[{"href":"http:\/\/especiales.laprensagrafica.com\/2015\/beatificacion-romero\/wp-json\/wp\/v2\/posts"}],"about":[{"href":"http:\/\/especiales.laprensagrafica.com\/2015\/beatificacion-romero\/wp-json\/wp\/v2\/types\/post"}],"author":[{"embeddable":true,"href":"http:\/\/especiales.laprensagrafica.com\/2015\/beatificacion-romero\/wp-json\/wp\/v2\/users\/5"}],"replies":[{"embeddable":true,"href":"http:\/\/especiales.laprensagrafica.com\/2015\/beatificacion-romero\/wp-json\/wp\/v2\/comments?post=22773"}],"version-history":[{"count":1,"href":"http:\/\/especiales.laprensagrafica.com\/2015\/beatificacion-romero\/wp-json\/wp\/v2\/posts\/22773\/revisions"}],"predecessor-version":[{"id":22774,"href":"http:\/\/especiales.laprensagrafica.com\/2015\/beatificacion-romero\/wp-json\/wp\/v2\/posts\/22773\/revisions\/22774"}],"wp:featuredmedia":[{"embeddable":true,"href":"http:\/\/especiales.laprensagrafica.com\/2015\/beatificacion-romero\/wp-json\/wp\/v2\/media\/22777"}],"wp:attachment":[{"href":"http:\/\/especiales.laprensagrafica.com\/2015\/beatificacion-romero\/wp-json\/wp\/v2\/media?parent=22773"}],"wp:term":[{"taxonomy":"category","embeddable":true,"href":"http:\/\/especiales.laprensagrafica.com\/2015\/beatificacion-romero\/wp-json\/wp\/v2\/categories?post=22773"},{"taxonomy":"post_tag","embeddable":true,"href":"http:\/\/especiales.laprensagrafica.com\/2015\/beatificacion-romero\/wp-json\/wp\/v2\/tags?post=22773"}],"curies":[{"name":"wp","href":"https:\/\/api.w.org\/{rel}","templated":true}]}}