{"id":22786,"date":"2015-05-25T00:41:34","date_gmt":"2015-05-25T06:41:34","guid":{"rendered":"http:\/\/especiales.laprensagrafica.com\/2015\/beatificacion-romero\/?p=22786"},"modified":"2015-05-25T00:41:34","modified_gmt":"2015-05-25T06:41:34","slug":"el-beato-en-la-monplesa","status":"publish","type":"post","link":"http:\/\/especiales.laprensagrafica.com\/2015\/beatificacion-romero\/el-beato-en-la-monplesa\/","title":{"rendered":"El beato en la \u201cmonplesa\u201d"},"content":{"rendered":"<p>Un centenar de compatriotas se reuni\u00f3 el s\u00e1bado por la tarde en la m\u00edtica plaza Lamont en Washington, D. C., Estados Unidos, para celebrar, desde lejos, la beatificaci\u00f3n de Monse\u00f1or \u00d3scar Arnulfo Romero.<\/p>\n<p><strong>Por H\u00e9ctor Silva \u00c1valos*<\/strong><\/p>\n<p>Lita Trejo es maestra. Lleva poco m\u00e1s de una d\u00e9cada ayudando a j\u00f3venes centroamericanos reci\u00e9n llegados a la capital estadounidense para que se adapten a trav\u00e9s de programas de inmersi\u00f3n al ingl\u00e9s y al sistema educativo local. Lita es una de las varias decenas de personas que se reunieron en la plaza Lamont, en el barrio de Mount Pleasant, que en salvadore\u00f1o se pronuncia \u201cmonplesa\u201d, al noroeste de Washington, para celebrar a Monse\u00f1or \u00d3scar Romero, quien horas antes hab\u00eda sido oficializado en San Salvador beato de la Iglesia cat\u00f3lica. Aproximadamente a las 8 de la noche \u2013en las v\u00edsperas del verano, y por el cambio horario, el sol suele ponerse aqu\u00ed cerca de las 9 de la noche en estos d\u00edas\u2013, Kenny L\u00f3pez, la c\u00f3nsul salvadore\u00f1a en Washington, tom\u00f3 el micr\u00f3fono instalado en el extremo sur del parquecito para proponer a los presentes que se acercaran a encender una vela al nuevo beato.Una fila de unos 20 romeristas se form\u00f3 tras el llamado de la c\u00f3nsul L\u00f3pez, la mayor\u00eda mujeres y ni\u00f1os. El fervor llen\u00f3 el ambiente fresco de la tarde.<\/p>\n<p>Mientras un m\u00fasico arrancaba a su guitarra el cancionero no oficial de la izquierda salvadore\u00f1a en el exilio \u2013Casas de cart\u00f3n, Sombrero azul y as\u00ed\u2013, los salvadore\u00f1os de la \u201cmonplesa\u201d depositaban sus velas y oraciones frente a una peque\u00f1a estampa del beato.<\/p>\n<p>Julia, una mujer joven de Usulut\u00e1n, encendi\u00f3 la vela, toc\u00f3 la estampa del rostro de Romero, se persign\u00f3, cerr\u00f3 los ojos y se puso a orar. Se levant\u00f3 un par de minutos despu\u00e9s, empu\u00f1ando una banderita azul y blanco y otra estampita. Se reuni\u00f3 con el resto de su familia a unos 20 metros del altar improvisado a esperar el resto del acto.<\/p>\n<p>\u201c\u00bfQu\u00e9 le pidi\u00f3 a Monse\u00f1or?\u201d La pregunta interrumpi\u00f3 a Julia, que segu\u00eda enfrascada en su oraci\u00f3n. \u201cPor todo lo que pasa all\u00e1 en El Salvador\u201d, respondi\u00f3 la usuluteca con una sonrisa amable que invitaba a dejarla sola para que continuara su conversaci\u00f3n \u00edntima con el beato.<\/p>\n<p>\u201cRomero decidi\u00f3 ser una hostia para su di\u00f3cesis&#8230; El Se\u00f1or le ofreci\u00f3 ese destino, \u00e9l fue la hostia en su altar&#8230;\u201d. Las palabras las pronunciaba el obispo Vincenzo Paglia, postulador de la causa de beatificaci\u00f3n de Monse\u00f1or y uno de los dos representantes del papa Francisco que hablaron en la plaza del Salvador del Mundo de San Salvador durante los actos oficiales.<\/p>\n<p>En el parque Lamont de la \u201cmonplesa\u201d, las palabras de Paglia llegaban en diferido a trav\u00e9s de una pantalla ah\u00ed instalada en la que se proyectaba el acto de beatificaci\u00f3n. Cuando Paglia describ\u00eda, en su espa\u00f1ol con acento italiano, el martirio de Romero como \u00e9l lo conoci\u00f3, hubo en la Mount Pleasant quienes no pudieron contener la tristeza. Julia llor\u00f3, en silencio, junto a su familia. Karen, otra madre salvadore\u00f1a que vino hasta aqu\u00ed, apenas se conten\u00eda: su emoci\u00f3n eran, en su rostro, ojos h\u00famedos.<\/p>\n<p>Un barrio m\u00edtico<\/p>\n<p>Quienes llegaron a presentar sus respetos al beato Romero hab\u00edan comenzado a llenar la plaza Lamont desde pasadas las 6 de la tarde \u2013el acto oficial convocado por la embajada de El Salvador comenzaba a las 7\u2013. No es casualidad que fuesen esta plaza y este barrio los escogidos para celebrar al m\u00e1s universal de los salvadore\u00f1os: la \u201cmonplesa\u201d ocupa un lugar especial en el imaginario latinoamericano de esta ciudad.<\/p>\n<p>Mount Pleasant es, hoy, un barrio m\u00e1s bien coqueto en el que la mayor\u00eda de habitantes pertenecen a la clase media o media alta. No siempre fue as\u00ed. En este barrio, entonces menos coqueto, m\u00e1s popular, sol\u00edan asentarse los salvadore\u00f1os, pobres en su mayor\u00eda, que llegaron aqu\u00ed huyendo de la guerra a principios de los ochenta, cuando en El Salvador reci\u00e9n hab\u00edan asesinado al arzobispo Romero.<\/p>\n<p>Al oeste, Mount Pleasant est\u00e1 delimitado por el Rock Creek, el afluente del Potomac que divide al Distrito de Columbia del aleda\u00f1o estado de Virginia. Al este, tras cruzar la concurrida Avenida 16, est\u00e1 Columbia Heights, uno de los barrios m\u00e1s diversos de la ciudad, lleno de centroamericanos, afroamericanos, africanos y j\u00f3venes estudiantes angloamericanos. A esta zona llegaban los salvadore\u00f1os desde inicios de los ochenta, pero sobre todo al final de la d\u00e9cada, cuando la guerra que inici\u00f3 el mismo a\u00f1o en que asesinaron a Monse\u00f1or Romero a\u00fan no terminaba.<\/p>\n<p>En 1991, la Mount Pleasant ardi\u00f3: un polic\u00eda metropolitano de Washington dispar\u00f3 a un joven salvadore\u00f1o al que ten\u00eda esposado frente a un negocio. La versi\u00f3n oficial dice que el joven agredi\u00f3 a los oficiales que lo interrogaron por ingerir alcohol en la v\u00eda p\u00fablica. La versi\u00f3n popular, repetida el s\u00e1bado en la plaza Lamont, es que, como ha sucedido en varias ciudades estadounidenses en los \u00faltimos tres a\u00f1os, la polic\u00eda se excedi\u00f3 en el trato contra un miembro de una minor\u00eda \u00e9tnica, en este caso un salvadore\u00f1o.<\/p>\n<p>Lo cierto es que aquel disparo arranc\u00f3 una ola de violencia en esta parte de Washington que dur\u00f3 cuatro d\u00edas y dej\u00f3 como saldo negocios quemados, cuatro decenas de polic\u00edas heridos, unas 230 personas arrestadas y unas 60 patrullas destruidas.<\/p>\n<p>Veinticuatro a\u00f1os han pasado desde los disturbios de la \u201cmonplesa\u201d. El s\u00e1bado, en la plaza Lamont, que fue testigo muda de aquellos hechos protagonizados por los j\u00f3venes salvadore\u00f1os empobrecidos que segu\u00edan huyendo de El Salvador, algunos de los que estuvieron ah\u00ed, y muchos otros que llegaron despu\u00e9s, volvieron a la plaza para honrar al m\u00e1s universal de todos los nacidos en El Salvador, al beato.<\/p>\n<p>Dec\u00eda el obispo Paglia el 22 de febrero, unas semanas despu\u00e9s de que el Vaticano hizo el anuncio oficial de la beatificaci\u00f3n: \u201cRomero nunca ha odiado a nadie, ni siquiera a sus opositores; al contrario, a trav\u00e9s de la elecci\u00f3n de los m\u00e1s pobres, Romero quer\u00eda un El Salvador m\u00e1s justo, m\u00e1s atento a sus hijos m\u00e1s necesitados&#8230;\u201d.<\/p>\n<p>Los hijos de El Salvador que han llegado a Washington, a la \u201cmonplesa\u201d, a todo el norte, huyendo de la pobreza que \u00d3scar Arnulfo Romero Gald\u00e1mez denunciaba cada domingo desde su altar, le hicieron el s\u00e1bado un homenaje \u00edntimo, emotivo, en una peque\u00f1a plaza ubicada a poco m\u00e1s de 5,100 kil\u00f3metros de la cripta de la Catedral Metropolitana de San Salvador, donde ahora descansan los restos del beato.<\/p>\n<p>Concha, otra madre, no estuvo en el parque Lamont el s\u00e1bado. Ella vive en Silver Spring, unos 10 kil\u00f3metros al norte. Concha es cat\u00f3lica, devota de la Virgen y romerista.<\/p>\n<p>El domingo 9 de febrero pasado, una semana despu\u00e9s de que el papa Francisco anunci\u00f3 que hab\u00eda aprobado la beatificaci\u00f3n de Monse\u00f1or Romero, Concha pidi\u00f3 la palabra al final de la reuni\u00f3n para padres de familia en la parroquia de San Miguel Arc\u00e1ngel; quer\u00eda, dijo, dar gracias a Francisco por ayudar a que Monse\u00f1or est\u00e9 m\u00e1s cerca de ser un santo.<\/p>\n<p>Concha. Lita. Julia. Karen. Hab\u00edan le\u00eddo, o\u00eddo y venerado al arzobispo m\u00e1rtir. El s\u00e1bado empezaron a rezarle al beato Romero, en la \u201cmonplesa\u201d, en Silver Spring, en Hyatsville, en Fairfax, en la bas\u00edlica del Sagrado Coraz\u00f3n de Washington y en otros rincones de esta ciudad y sus suburbios, su hogar desde que se fueron.<\/p>\n","protected":false},"excerpt":{"rendered":"<p>Un centenar de compatriotas se reuni\u00f3 el s\u00e1bado por la tarde en la m\u00edtica plaza Lamont en Washington, D. C., Estados Unidos, para celebrar, desde lejos, la beatificaci\u00f3n de Monse\u00f1or \u00d3scar Arnulfo Romero. Por H\u00e9ctor Silva \u00c1valos* Lita Trejo es maestra. Lleva poco m\u00e1s de una d\u00e9cada ayudando a j\u00f3venes centroamericanos reci\u00e9n llegados a la&#8230;<\/p>\n","protected":false},"author":5,"featured_media":22787,"comment_status":"closed","ping_status":"open","sticky":false,"template":"","format":"standard","meta":{"spay_email":"","jetpack_publicize_message":"","jetpack_is_tweetstorm":false,"jetpack_publicize_feature_enabled":true},"categories":[1],"tags":[],"jetpack_publicize_connections":[],"yoast_head":"<!-- This site is optimized with the Yoast SEO plugin v19.1 - https:\/\/yoast.com\/wordpress\/plugins\/seo\/ -->\n<title>El beato en la \u201cmonplesa\u201d - Beatificaci\u00f3n de Monse\u00f1or Romero<\/title>\n<meta name=\"robots\" content=\"index, follow, max-snippet:-1, max-image-preview:large, max-video-preview:-1\" \/>\n<link rel=\"canonical\" href=\"http:\/\/especiales.laprensagrafica.com\/2015\/beatificacion-romero\/el-beato-en-la-monplesa\/\" \/>\n<meta property=\"og:locale\" content=\"es_ES\" \/>\n<meta property=\"og:type\" content=\"article\" \/>\n<meta property=\"og:title\" content=\"El beato en la \u201cmonplesa\u201d - Beatificaci\u00f3n de Monse\u00f1or Romero\" \/>\n<meta property=\"og:description\" content=\"Un centenar de compatriotas se reuni\u00f3 el s\u00e1bado por la tarde en la m\u00edtica plaza Lamont en Washington, D. C., Estados Unidos, para celebrar, desde lejos, la beatificaci\u00f3n de Monse\u00f1or \u00d3scar Arnulfo Romero. Por H\u00e9ctor Silva \u00c1valos* Lita Trejo es maestra. Lleva poco m\u00e1s de una d\u00e9cada ayudando a j\u00f3venes centroamericanos reci\u00e9n llegados a la...\" \/>\n<meta property=\"og:url\" content=\"http:\/\/especiales.laprensagrafica.com\/2015\/beatificacion-romero\/el-beato-en-la-monplesa\/\" \/>\n<meta property=\"og:site_name\" content=\"Beatificaci\u00f3n de Monse\u00f1or Romero\" \/>\n<meta property=\"article:publisher\" content=\"https:\/\/www.facebook.com\/lpg.laprensagrafica\" \/>\n<meta property=\"article:published_time\" content=\"2015-05-25T06:41:34+00:00\" \/>\n<meta property=\"og:image\" content=\"https:\/\/i0.wp.com\/especiales.laprensagrafica.com\/2015\/beatificacion-romero\/wp-content\/uploads\/2015\/05\/Nas052515CronicaSilva-photo02-FileAttachment.jpg?fit=500%2C346\" \/>\n\t<meta property=\"og:image:width\" content=\"500\" \/>\n\t<meta property=\"og:image:height\" content=\"346\" \/>\n\t<meta property=\"og:image:type\" content=\"image\/jpeg\" \/>\n<meta name=\"twitter:card\" content=\"summary_large_image\" \/>\n<meta name=\"twitter:creator\" content=\"@prensagrafica\" \/>\n<meta name=\"twitter:site\" content=\"@prensagrafica\" \/>\n<meta name=\"twitter:label1\" content=\"Escrito por\" \/>\n\t<meta name=\"twitter:data1\" content=\"Juan Carlos Rivas\" \/>\n\t<meta name=\"twitter:label2\" content=\"Tiempo de lectura\" \/>\n\t<meta name=\"twitter:data2\" content=\"7 minutos\" \/>\n<script type=\"application\/ld+json\" class=\"yoast-schema-graph\">{\"@context\":\"https:\/\/schema.org\",\"@graph\":[{\"@type\":\"WebSite\",\"@id\":\"http:\/\/especiales.laprensagrafica.com\/2015\/beatificacion-romero\/#website\",\"url\":\"http:\/\/especiales.laprensagrafica.com\/2015\/beatificacion-romero\/\",\"name\":\"Beatificaci\u00f3n de Monse\u00f1or Romero\",\"description\":\"Sitio especial de La Prensa Gr\u00e1fica\",\"potentialAction\":[{\"@type\":\"SearchAction\",\"target\":{\"@type\":\"EntryPoint\",\"urlTemplate\":\"http:\/\/especiales.laprensagrafica.com\/2015\/beatificacion-romero\/?s={search_term_string}\"},\"query-input\":\"required name=search_term_string\"}],\"inLanguage\":\"es\"},{\"@type\":\"ImageObject\",\"inLanguage\":\"es\",\"@id\":\"http:\/\/especiales.laprensagrafica.com\/2015\/beatificacion-romero\/el-beato-en-la-monplesa\/#primaryimage\",\"url\":\"https:\/\/i0.wp.com\/especiales.laprensagrafica.com\/2015\/beatificacion-romero\/wp-content\/uploads\/2015\/05\/Nas052515CronicaSilva-photo02-FileAttachment.jpg?fit=500%2C346\",\"contentUrl\":\"https:\/\/i0.wp.com\/especiales.laprensagrafica.com\/2015\/beatificacion-romero\/wp-content\/uploads\/2015\/05\/Nas052515CronicaSilva-photo02-FileAttachment.jpg?fit=500%2C346\",\"width\":500,\"height\":346},{\"@type\":\"WebPage\",\"@id\":\"http:\/\/especiales.laprensagrafica.com\/2015\/beatificacion-romero\/el-beato-en-la-monplesa\/#webpage\",\"url\":\"http:\/\/especiales.laprensagrafica.com\/2015\/beatificacion-romero\/el-beato-en-la-monplesa\/\",\"name\":\"El beato en la \u201cmonplesa\u201d - Beatificaci\u00f3n de Monse\u00f1or Romero\",\"isPartOf\":{\"@id\":\"http:\/\/especiales.laprensagrafica.com\/2015\/beatificacion-romero\/#website\"},\"primaryImageOfPage\":{\"@id\":\"http:\/\/especiales.laprensagrafica.com\/2015\/beatificacion-romero\/el-beato-en-la-monplesa\/#primaryimage\"},\"datePublished\":\"2015-05-25T06:41:34+00:00\",\"dateModified\":\"2015-05-25T06:41:34+00:00\",\"author\":{\"@id\":\"http:\/\/especiales.laprensagrafica.com\/2015\/beatificacion-romero\/#\/schema\/person\/b1a0028354d3ba94cb00b8f0eb158a28\"},\"breadcrumb\":{\"@id\":\"http:\/\/especiales.laprensagrafica.com\/2015\/beatificacion-romero\/el-beato-en-la-monplesa\/#breadcrumb\"},\"inLanguage\":\"es\",\"potentialAction\":[{\"@type\":\"ReadAction\",\"target\":[\"http:\/\/especiales.laprensagrafica.com\/2015\/beatificacion-romero\/el-beato-en-la-monplesa\/\"]}]},{\"@type\":\"BreadcrumbList\",\"@id\":\"http:\/\/especiales.laprensagrafica.com\/2015\/beatificacion-romero\/el-beato-en-la-monplesa\/#breadcrumb\",\"itemListElement\":[{\"@type\":\"ListItem\",\"position\":1,\"name\":\"Portada\",\"item\":\"http:\/\/especiales.laprensagrafica.com\/2015\/beatificacion-romero\/\"},{\"@type\":\"ListItem\",\"position\":2,\"name\":\"El beato en la \u201cmonplesa\u201d\"}]},{\"@type\":\"Person\",\"@id\":\"http:\/\/especiales.laprensagrafica.com\/2015\/beatificacion-romero\/#\/schema\/person\/b1a0028354d3ba94cb00b8f0eb158a28\",\"name\":\"Juan Carlos Rivas\",\"image\":{\"@type\":\"ImageObject\",\"inLanguage\":\"es\",\"@id\":\"http:\/\/especiales.laprensagrafica.com\/2015\/beatificacion-romero\/#\/schema\/person\/image\/\",\"url\":\"http:\/\/0.gravatar.com\/avatar\/08a902c716583cffa92bf1bfff95a4ac?s=96&d=mm&r=g\",\"contentUrl\":\"http:\/\/0.gravatar.com\/avatar\/08a902c716583cffa92bf1bfff95a4ac?s=96&d=mm&r=g\",\"caption\":\"Juan Carlos Rivas\"},\"url\":\"http:\/\/especiales.laprensagrafica.com\/2015\/beatificacion-romero\/author\/jrivas\/\"}]}<\/script>\n<!-- \/ Yoast SEO plugin. -->","yoast_head_json":{"title":"El beato en la \u201cmonplesa\u201d - Beatificaci\u00f3n de Monse\u00f1or Romero","robots":{"index":"index","follow":"follow","max-snippet":"max-snippet:-1","max-image-preview":"max-image-preview:large","max-video-preview":"max-video-preview:-1"},"canonical":"http:\/\/especiales.laprensagrafica.com\/2015\/beatificacion-romero\/el-beato-en-la-monplesa\/","og_locale":"es_ES","og_type":"article","og_title":"El beato en la \u201cmonplesa\u201d - Beatificaci\u00f3n de Monse\u00f1or Romero","og_description":"Un centenar de compatriotas se reuni\u00f3 el s\u00e1bado por la tarde en la m\u00edtica plaza Lamont en Washington, D. C., Estados Unidos, para celebrar, desde lejos, la beatificaci\u00f3n de Monse\u00f1or \u00d3scar Arnulfo Romero. Por H\u00e9ctor Silva \u00c1valos* Lita Trejo es maestra. Lleva poco m\u00e1s de una d\u00e9cada ayudando a j\u00f3venes centroamericanos reci\u00e9n llegados a la...","og_url":"http:\/\/especiales.laprensagrafica.com\/2015\/beatificacion-romero\/el-beato-en-la-monplesa\/","og_site_name":"Beatificaci\u00f3n de Monse\u00f1or Romero","article_publisher":"https:\/\/www.facebook.com\/lpg.laprensagrafica","article_published_time":"2015-05-25T06:41:34+00:00","og_image":[{"width":500,"height":346,"url":"https:\/\/i0.wp.com\/especiales.laprensagrafica.com\/2015\/beatificacion-romero\/wp-content\/uploads\/2015\/05\/Nas052515CronicaSilva-photo02-FileAttachment.jpg?fit=500%2C346","type":"image\/jpeg"}],"twitter_card":"summary_large_image","twitter_creator":"@prensagrafica","twitter_site":"@prensagrafica","twitter_misc":{"Escrito por":"Juan Carlos Rivas","Tiempo de lectura":"7 minutos"},"schema":{"@context":"https:\/\/schema.org","@graph":[{"@type":"WebSite","@id":"http:\/\/especiales.laprensagrafica.com\/2015\/beatificacion-romero\/#website","url":"http:\/\/especiales.laprensagrafica.com\/2015\/beatificacion-romero\/","name":"Beatificaci\u00f3n de Monse\u00f1or Romero","description":"Sitio especial de La Prensa Gr\u00e1fica","potentialAction":[{"@type":"SearchAction","target":{"@type":"EntryPoint","urlTemplate":"http:\/\/especiales.laprensagrafica.com\/2015\/beatificacion-romero\/?s={search_term_string}"},"query-input":"required name=search_term_string"}],"inLanguage":"es"},{"@type":"ImageObject","inLanguage":"es","@id":"http:\/\/especiales.laprensagrafica.com\/2015\/beatificacion-romero\/el-beato-en-la-monplesa\/#primaryimage","url":"https:\/\/i0.wp.com\/especiales.laprensagrafica.com\/2015\/beatificacion-romero\/wp-content\/uploads\/2015\/05\/Nas052515CronicaSilva-photo02-FileAttachment.jpg?fit=500%2C346","contentUrl":"https:\/\/i0.wp.com\/especiales.laprensagrafica.com\/2015\/beatificacion-romero\/wp-content\/uploads\/2015\/05\/Nas052515CronicaSilva-photo02-FileAttachment.jpg?fit=500%2C346","width":500,"height":346},{"@type":"WebPage","@id":"http:\/\/especiales.laprensagrafica.com\/2015\/beatificacion-romero\/el-beato-en-la-monplesa\/#webpage","url":"http:\/\/especiales.laprensagrafica.com\/2015\/beatificacion-romero\/el-beato-en-la-monplesa\/","name":"El beato en la \u201cmonplesa\u201d - Beatificaci\u00f3n de Monse\u00f1or Romero","isPartOf":{"@id":"http:\/\/especiales.laprensagrafica.com\/2015\/beatificacion-romero\/#website"},"primaryImageOfPage":{"@id":"http:\/\/especiales.laprensagrafica.com\/2015\/beatificacion-romero\/el-beato-en-la-monplesa\/#primaryimage"},"datePublished":"2015-05-25T06:41:34+00:00","dateModified":"2015-05-25T06:41:34+00:00","author":{"@id":"http:\/\/especiales.laprensagrafica.com\/2015\/beatificacion-romero\/#\/schema\/person\/b1a0028354d3ba94cb00b8f0eb158a28"},"breadcrumb":{"@id":"http:\/\/especiales.laprensagrafica.com\/2015\/beatificacion-romero\/el-beato-en-la-monplesa\/#breadcrumb"},"inLanguage":"es","potentialAction":[{"@type":"ReadAction","target":["http:\/\/especiales.laprensagrafica.com\/2015\/beatificacion-romero\/el-beato-en-la-monplesa\/"]}]},{"@type":"BreadcrumbList","@id":"http:\/\/especiales.laprensagrafica.com\/2015\/beatificacion-romero\/el-beato-en-la-monplesa\/#breadcrumb","itemListElement":[{"@type":"ListItem","position":1,"name":"Portada","item":"http:\/\/especiales.laprensagrafica.com\/2015\/beatificacion-romero\/"},{"@type":"ListItem","position":2,"name":"El beato en la \u201cmonplesa\u201d"}]},{"@type":"Person","@id":"http:\/\/especiales.laprensagrafica.com\/2015\/beatificacion-romero\/#\/schema\/person\/b1a0028354d3ba94cb00b8f0eb158a28","name":"Juan Carlos Rivas","image":{"@type":"ImageObject","inLanguage":"es","@id":"http:\/\/especiales.laprensagrafica.com\/2015\/beatificacion-romero\/#\/schema\/person\/image\/","url":"http:\/\/0.gravatar.com\/avatar\/08a902c716583cffa92bf1bfff95a4ac?s=96&d=mm&r=g","contentUrl":"http:\/\/0.gravatar.com\/avatar\/08a902c716583cffa92bf1bfff95a4ac?s=96&d=mm&r=g","caption":"Juan Carlos Rivas"},"url":"http:\/\/especiales.laprensagrafica.com\/2015\/beatificacion-romero\/author\/jrivas\/"}]}},"jetpack_featured_media_url":"https:\/\/i0.wp.com\/especiales.laprensagrafica.com\/2015\/beatificacion-romero\/wp-content\/uploads\/2015\/05\/Nas052515CronicaSilva-photo02-FileAttachment.jpg?fit=500%2C346","jetpack_sharing_enabled":true,"jetpack_shortlink":"https:\/\/wp.me\/p6bKPR-5Vw","jetpack-related-posts":[{"id":22651,"url":"http:\/\/especiales.laprensagrafica.com\/2015\/beatificacion-romero\/un-peregrinaje-desde-guarjila-por-romero\/","url_meta":{"origin":22786,"position":0},"title":"Un peregrinaje desde Guarjila por Romero","date":"23 mayo, 2015","format":false,"excerpt":"Salieron el martes desde el cant\u00f3n Guarjila, Chalatenango. Su meta era llegar a la plaza del Divino Salvador del Mundo, lugar donde hoy el pa\u00eds centrar\u00e1 su atenci\u00f3n por la beatificaci\u00f3n de Monse\u00f1or \u00d3scar Arnulfo Romero. Cristian Mel\u00e9ndez Durante cuatro d\u00edas, Alex\u00e1nder Cortez junto con familiares y amigos emprendieron el\u2026","rel":"","context":"En \u00abNoticias\u00bb","img":{"alt_text":"","src":"https:\/\/i0.wp.com\/especiales.laprensagrafica.com\/2015\/beatificacion-romero\/wp-content\/uploads\/2015\/05\/fnac23052015agrom07.jpg?fit=1140%2C760&resize=350%2C200","width":350,"height":200},"classes":[]},{"id":68,"url":"http:\/\/especiales.laprensagrafica.com\/2015\/beatificacion-romero\/no-le-sirve-a-oscar-romero-la-canonizacion-nos-sirve-a-nosotros-paglia\/","url_meta":{"origin":22786,"position":1},"title":"\u00abNo le sirve a \u00d3scar Romero la canonizaci\u00f3n, nos sirve a nosotros\u00bb:  Paglia","date":"11 marzo, 2015","format":false,"excerpt":"Durante una visita esta tarde a la cripta donde descansan los restos del pr\u00f3ximo beato, el postulador de la causa de Romero \u00a0ofreci\u00f3 una misa y posteriormente una conferencia de prensa. Vincenzo Paglia, el arzobispo italiano que postul\u00f3 la causa de Monse\u00f1or \u00d3scar Arnulfo Romero para su estudio en el\u2026","rel":"","context":"En \u00abNoticias\u00bb","img":{"alt_text":"","src":"https:\/\/i0.wp.com\/especiales.laprensagrafica.com\/2015\/beatificacion-romero\/wp-content\/uploads\/2015\/03\/16.jpg?fit=450%2C300&resize=350%2C200","width":350,"height":200},"classes":[]},{"id":22783,"url":"http:\/\/especiales.laprensagrafica.com\/2015\/beatificacion-romero\/iglesias-piden-su-intercesion-por-la-paz-en-el-pais\/","url_meta":{"origin":22786,"position":2},"title":"Iglesias piden su intercesi\u00f3n por la paz en el pa\u00eds","date":"25 mayo, 2015","format":false,"excerpt":"Iglesias cat\u00f3licas se unieron en misa de acci\u00f3n de gracias por beatificaci\u00f3n de Monse\u00f1or \u00d3scar Arnulfo Romero con oraci\u00f3n especial que coincidi\u00f3 con la fiesta de Pentecost\u00e9s. Byron Sosa Un d\u00eda despu\u00e9s de que el papa Francisco nombr\u00f3 beato a \u00d3scar Arnulfo Romero, todas las iglesias cat\u00f3licas del pa\u00eds celebraron\u2026","rel":"","context":"En \u00abNoticias\u00bb","img":{"alt_text":"","src":"https:\/\/i0.wp.com\/especiales.laprensagrafica.com\/2015\/beatificacion-romero\/wp-content\/uploads\/2015\/05\/Nas0525IgleciasCelebranB-photo03-FileAttachment.jpg?fit=504%2C346&resize=350%2C200","width":350,"height":200},"classes":[]},{"id":22696,"url":"http:\/\/especiales.laprensagrafica.com\/2015\/beatificacion-romero\/oscar-arnulfo-romero-ya-es-beato\/","url_meta":{"origin":22786,"position":3},"title":"\u00d3scar Arnulfo Romero ya es beato","date":"23 mayo, 2015","format":false,"excerpt":"\u00d3scar Arnulfo Romero fue declarado beato, el primero para El Salvador, en una multitudinaria ceremonia realizada en la plaza Salvador del Mundo. Irvin Alvarado \u00d3scar Arnulfo Romero ha sido declarado nuevo beato de la iglesia cat\u00f3lica tras 35 a\u00f1os de haber sido asesinado por su labor de denuncia en perjuicio\u2026","rel":"","context":"En \u00abNoticias\u00bb","img":{"alt_text":"","src":"https:\/\/i0.wp.com\/especiales.laprensagrafica.com\/2015\/beatificacion-romero\/wp-content\/uploads\/2015\/05\/Oscar-Arnulfo-Romero-ya-es-beato.jpg?fit=1140%2C758&resize=350%2C200","width":350,"height":200},"classes":[]},{"id":22764,"url":"http:\/\/especiales.laprensagrafica.com\/2015\/beatificacion-romero\/cronica-1400-sacerdotes-revestidos-para-celebrar\/","url_meta":{"origin":22786,"position":4},"title":"Cr\u00f3nica   1,400 sacerdotes revestidos para Celebrar","date":"24 mayo, 2015","format":false,"excerpt":"Una fila de seminaristas irrumpi\u00f3 ayer a las 7:30 de la ma\u00f1ana en el templo de la parroquia San Jos\u00e9 de la Monta\u00f1a. Entraron por una de las puertas laterales, cada uno portaba una sotana roja que le colgaba de las manos desde un gancho y envuelta en un pl\u00e1stico\u2026","rel":"","context":"En \u00abNoticias\u00bb","img":{"alt_text":"","src":"https:\/\/i0.wp.com\/especiales.laprensagrafica.com\/2015\/beatificacion-romero\/wp-content\/uploads\/2015\/05\/fnac24052015ecsac10.jpg?fit=486%2C539&resize=350%2C200","width":350,"height":200},"classes":[]},{"id":66,"url":"http:\/\/especiales.laprensagrafica.com\/2015\/beatificacion-romero\/vincenzo-paglia-confirma-beatificacion-de-romero-para-el-23-de-mayo\/","url_meta":{"origin":22786,"position":5},"title":"Vincenzo Paglia confirma beatificaci\u00f3n de Romero para el 23 de mayo","date":"11 marzo, 2015","format":false,"excerpt":"\u201cRomero es el primero de los nuevos m\u00e1rtires contempor\u00e1neos despu\u00e9s de numerosos creyentes asesinados en los reg\u00edmenes de los a\u00f1os 900\u201d, dijo Vincenzo Paglia. \"Me siento particularmente orgulloso y conmovido de poder comunicar que el 23 de mayo de este a\u00f1o el arzobispo Monse\u00f1or \u00d3scar Arnulfo Romero ser\u00e1 proclamado beato\u2026","rel":"","context":"En \u00abNoticias\u00bb","img":{"alt_text":"","src":"https:\/\/i0.wp.com\/especiales.laprensagrafica.com\/2015\/beatificacion-romero\/wp-content\/uploads\/2015\/03\/15.jpg?fit=618%2C441&resize=350%2C200","width":350,"height":200},"classes":[]}],"_links":{"self":[{"href":"http:\/\/especiales.laprensagrafica.com\/2015\/beatificacion-romero\/wp-json\/wp\/v2\/posts\/22786"}],"collection":[{"href":"http:\/\/especiales.laprensagrafica.com\/2015\/beatificacion-romero\/wp-json\/wp\/v2\/posts"}],"about":[{"href":"http:\/\/especiales.laprensagrafica.com\/2015\/beatificacion-romero\/wp-json\/wp\/v2\/types\/post"}],"author":[{"embeddable":true,"href":"http:\/\/especiales.laprensagrafica.com\/2015\/beatificacion-romero\/wp-json\/wp\/v2\/users\/5"}],"replies":[{"embeddable":true,"href":"http:\/\/especiales.laprensagrafica.com\/2015\/beatificacion-romero\/wp-json\/wp\/v2\/comments?post=22786"}],"version-history":[{"count":1,"href":"http:\/\/especiales.laprensagrafica.com\/2015\/beatificacion-romero\/wp-json\/wp\/v2\/posts\/22786\/revisions"}],"predecessor-version":[{"id":22788,"href":"http:\/\/especiales.laprensagrafica.com\/2015\/beatificacion-romero\/wp-json\/wp\/v2\/posts\/22786\/revisions\/22788"}],"wp:featuredmedia":[{"embeddable":true,"href":"http:\/\/especiales.laprensagrafica.com\/2015\/beatificacion-romero\/wp-json\/wp\/v2\/media\/22787"}],"wp:attachment":[{"href":"http:\/\/especiales.laprensagrafica.com\/2015\/beatificacion-romero\/wp-json\/wp\/v2\/media?parent=22786"}],"wp:term":[{"taxonomy":"category","embeddable":true,"href":"http:\/\/especiales.laprensagrafica.com\/2015\/beatificacion-romero\/wp-json\/wp\/v2\/categories?post=22786"},{"taxonomy":"post_tag","embeddable":true,"href":"http:\/\/especiales.laprensagrafica.com\/2015\/beatificacion-romero\/wp-json\/wp\/v2\/tags?post=22786"}],"curies":[{"name":"wp","href":"https:\/\/api.w.org\/{rel}","templated":true}]}}